{"id":485823,"date":"2025-10-24T03:18:13","date_gmt":"2025-10-24T03:18:13","guid":{"rendered":"https:\/\/www.europesays.com\/fr\/485823\/"},"modified":"2025-10-24T03:18:13","modified_gmt":"2025-10-24T03:18:13","slug":"meteo-apres-la-tempete-benjamin-quel-temps-fera-t-il-a-toulouse-et-en-occitanie","status":"publish","type":"post","link":"https:\/\/www.europesays.com\/fr\/485823\/","title":{"rendered":"M\u00e9t\u00e9o. Apr\u00e8s la temp\u00eate Benjamin, quel temps fera-t-il \u00e0 Toulouse et en Occitanie\u00a0?"},"content":{"rendered":"<p>            Par<br \/>\n        <strong><br \/>\n            <a href=\"https:\/\/actu.fr\/auteur\/marie-lamarque\" title=\"Consulter tous les articles de Marie Lamarque\" rel=\"nofollow noopener\" target=\"_blank\">Marie Lamarque<\/a><br \/>\n        <\/strong><\/p>\n<p>        Publi\u00e9 le<\/p>\n<p>            24 oct. 2025 \u00e0 5h06        <\/p>\n<p>Serait-ce le calme apr\u00e8s la temp\u00eate ? Apr\u00e8s <a href=\"https:\/\/actu.fr\/meteo\/direct-fortes-rafales-transports-perturbes-la-tempete-benjamin-se-dechaine-sur-la-france-ce-jeudi_63334671.html\" rel=\"nofollow noopener\" target=\"_blank\">le passage de Benjamin ce jeudi<\/a>, le ciel sera plus apais\u00e9 <a href=\"https:\/\/actu.fr\/toulouse\/\" rel=\"nofollow noopener\" target=\"_blank\">\u00e0 Toulouse<\/a> et dans l\u2019Occitanie selon les pr\u00e9visions de M\u00e9t\u00e9o-France pour ce vendredi 24 octobre 2025. La pluie pourrait n\u00e9anmoins se faire sentir par endroits, mais <strong>le vent sera, quant \u00e0 lui, bien retomb\u00e9<\/strong>. Le point.<\/p>\n<p>Les pr\u00e9visions \u00e0 Toulouse\u2026<\/p>\n<p class=\" wall-content\">Le ciel sera tr\u00e8s nuageux \u00e0 Toulouse ce vendredi, avec des temp\u00e9ratures qui restent relativement basses pour la saison. Il fera seulement <strong>11\u00b0C au lever du jour, et 17\u00b0C dans l\u2019apr\u00e8s-midi<\/strong>.<\/p>\n<p class=\" wall-content\">Apr\u00e8s <strong>des rafales \u00e0 80 km\/h<\/strong> caus\u00e9es par la temp\u00eate, les Toulousains ne devraient plus craindre le vent.<\/p>\n<p>    <img   decoding=\"async\" loading=\"lazy\" src=\"https:\/\/www.europesays.com\/fr\/wp-content\/uploads\/2025\/10\/meteo-toulouse-previsions-2-960x640.png\" alt=\"Les pr\u00e9visions m\u00e9t\u00e9o \u00e0 Toulouse pour ce vendredi 24 octobre 2025.\" width=\"960\" height=\"640\"\/><br \/>\n    Les pr\u00e9visions m\u00e9t\u00e9o \u00e0 Toulouse pour ce vendredi 24 octobre 2025. (\u00a9Capture d\u2019\u00e9cran \/ M\u00e9t\u00e9o-France)\u2026et en Occitanie<\/p>\n<p class=\" wall-content\">Ailleurs en Occitanie, la pluie pourrait encore tomber sur une grande partie de la r\u00e9gion le matin, puis principalement sur la moiti\u00e9 nord au cours de l\u2019apr\u00e8s-midi. Il faudra aller <strong>sur la c\u00f4te m\u00e9diterran\u00e9enne pour retrouver le soleil<\/strong> qui devrait \u00eatre pr\u00e9sent tout au long de la journ\u00e9e. Partout, le vent sera retomb\u00e9.<\/p>\n<p>Vid\u00e9os : en ce moment sur Actu<\/p>\n<p class=\" wall-content\">Du c\u00f4t\u00e9 des temp\u00e9ratures, on aura du mal \u00e0 franchir le seuil des 20\u00b0C. Il fera <strong>19\u00b0C \u00e0 Montpellier et \u00e0 B\u00e9ziers, 17\u00b0C \u00e0 Salles-sur-l\u2019Hers, 18\u00b0C \u00e0 Tarbes ou encore 16\u00b0C \u00e0 Cahors<\/strong>.<\/p>\n<p>    <img   decoding=\"async\" loading=\"lazy\" src=\"https:\/\/www.europesays.com\/fr\/wp-content\/uploads\/2025\/10\/meteo-occitanie-previsions-5-960x640.png\" alt=\"Les pr\u00e9visions en Occitanie pour ce vendredi 24 octobre 2025.\" width=\"960\" height=\"640\"\/><br \/>\n    Les pr\u00e9visions en Occitanie pour ce vendredi 24 octobre 2025. (\u00a9Capture d\u2019\u00e9cran \/ M\u00e9t\u00e9o-France)<\/p>\n<p class=\" wall-content\">Personnalisez votre actualit\u00e9 en ajoutant vos villes et m\u00e9dias en favori avec <a href=\"https:\/\/moncompte.actu.fr\" title=\"D\u00e9couvez Mon Actu\" rel=\"nofollow noopener\" data-trk=\"{&quot;cta&quot;:{&quot;action&quot;:&quot;https:\\\/\\\/moncompte.actu.fr&quot;,&quot;category&quot;:&quot;mon compte&quot;,&quot;from&quot;:&quot;article footer&quot;,&quot;name&quot;:&quot;Mon actu&quot;,&quot;type&quot;:&quot;cta&quot;}}\" target=\"_blank\">Mon Actu<\/a>.<\/p>\n","protected":false},"excerpt":{"rendered":"Par Marie Lamarque Publi\u00e9 le 24 oct. 2025 \u00e0 5h06 Serait-ce le calme apr\u00e8s la temp\u00eate ? Apr\u00e8s&hellip;\n","protected":false},"author":2,"featured_media":485824,"comment_status":"","ping_status":"","sticky":false,"template":"","format":"standard","meta":{"footnotes":""},"categories":[2816],"tags":[1111,11,1777,674,1011,27,2487,2357,12,2680,25,2312],"class_list":{"0":"post-485823","1":"post","2":"type-post","3":"status-publish","4":"format-standard","5":"has-post-thumbnail","7":"category-toulouse","8":"tag-actu","9":"tag-actualites","10":"tag-eu","11":"tag-europe","12":"tag-fr","13":"tag-france","14":"tag-meteo","15":"tag-meteo-france","16":"tag-news","17":"tag-occitanie","18":"tag-republique-francaise","19":"tag-toulouse"},"share_on_mastodon":{"url":"https:\/\/pubeurope.com\/@fr\/115426984363034699","error":""},"_links":{"self":[{"href":"https:\/\/www.europesays.com\/fr\/wp-json\/wp\/v2\/posts\/485823","targetHints":{"allow":["GET"]}}],"collection":[{"href":"https:\/\/www.europesays.com\/fr\/wp-json\/wp\/v2\/posts"}],"about":[{"href":"https:\/\/www.europesays.com\/fr\/wp-json\/wp\/v2\/types\/post"}],"author":[{"embeddable":true,"href":"https:\/\/www.europesays.com\/fr\/wp-json\/wp\/v2\/users\/2"}],"replies":[{"embeddable":true,"href":"https:\/\/www.europesays.com\/fr\/wp-json\/wp\/v2\/comments?post=485823"}],"version-history":[{"count":0,"href":"https:\/\/www.europesays.com\/fr\/wp-json\/wp\/v2\/posts\/485823\/revisions"}],"wp:featuredmedia":[{"embeddable":true,"href":"https:\/\/www.europesays.com\/fr\/wp-json\/wp\/v2\/media\/485824"}],"wp:attachment":[{"href":"https:\/\/www.europesays.com\/fr\/wp-json\/wp\/v2\/media?parent=485823"}],"wp:term":[{"taxonomy":"category","embeddable":true,"href":"https:\/\/www.europesays.com\/fr\/wp-json\/wp\/v2\/categories?post=485823"},{"taxonomy":"post_tag","embeddable":true,"href":"https:\/\/www.europesays.com\/fr\/wp-json\/wp\/v2\/tags?post=485823"}],"curies":[{"name":"wp","href":"https:\/\/api.w.org\/{rel}","templated":true}]}}