{"id":485827,"date":"2025-10-24T03:20:19","date_gmt":"2025-10-24T03:20:19","guid":{"rendered":"https:\/\/www.europesays.com\/fr\/485827\/"},"modified":"2025-10-24T03:20:19","modified_gmt":"2025-10-24T03:20:19","slug":"previsions-du-vendredi-24-octobre-2025-14","status":"publish","type":"post","link":"https:\/\/www.europesays.com\/fr\/485827\/","title":{"rendered":"pr\u00e9visions du vendredi 24 octobre 2025"},"content":{"rendered":"<p class=\"mb-4 text-lg md:leading-8 break-words\"><strong>M\u00e9t\u00e9o &#8211; Dans la journ\u00e9e, de l\u00e9g\u00e8res averses seront possibles. Les temp\u00e9ratures seront de 9\u00b0C la matin\u00e9e et de 11\u00b0C l&rsquo;apr\u00e8s-midi&#8230;<\/strong><\/p>\n<p class=\"mb-4 text-lg md:leading-8 break-words\">\u00c0 Lille, de petites averses rythmeront cette journ\u00e9e. On pr\u00e9voit des valeurs avoisinant 10\u00b0C. Un vent de sud-ouest, enregistrant 27 km\/h, soufflera. Il fera environ 9\u00b0C, le matin. Les maximales pourront atteindre 12\u00b0C dans l&rsquo;apr\u00e8s-midi tandis que les minimales seront de 10\u00b0C. La soir\u00e9e va rester grise \u00e0 cause de nuages qui se maintiennent dans le ciel. Des pluies \u00e9parses vont tomber. Les temp\u00e9ratures s&rsquo;\u00e9chelonneront de 9 \u00e0 10\u00b0C. C&rsquo;est un ciel clair que conna\u00eetra la nuit de vendredi \u00e0 samedi.<\/p>\n<p class=\"mb-4 text-lg md:leading-8 break-words\">Les nuages \u00e0 pr\u00e9voir demain, \u00e0 Lille, et un ciel encore maussade. Le temps sera marqu\u00e9 par des pluies \u00e9parses. Les valeurs s&rsquo;\u00e9chelonneront entre 7 et 12\u00b0C. Le soleil aura du mal \u00e0 percer au milieu des nuages qui persisteront dans la matin\u00e9e. Les temp\u00e9ratures seront de 10\u00b0C. Un vent d&rsquo;ouest soufflera \u00e0 20 km\/h. Demain apr\u00e8s-midi, le soleil sera cach\u00e9 derri\u00e8re des nuages. Les temp\u00e9ratures seront de 9\u00b0C au minimum et de 12\u00b0C au maximum. Un vent de nord-ouest soufflera doucement. Le ciel va s&rsquo;\u00e9claircir au cours de la soir\u00e9e. Les valeurs seront comprises entre 7 et 8\u00b0C. Une petite brise d&rsquo;ouest sera ressentie par les habitants.<\/p>\n<p class=\"mb-4 text-lg md:leading-8 break-words\">Une m\u00e9t\u00e9o instable est pr\u00e9vue les jours qui suivent. La m\u00e9t\u00e9o sera ensoleill\u00e9e dimanche mais elle conna\u00eetra une d\u00e9gradation lundi.<\/p>\n<p class=\"mb-4 text-lg md:leading-8 break-words\"><a href=\"https:\/\/www.20minutes.fr\/planete\/previsions-meteo\/4181309-20251024-meteo-lille-previsions-vendredi-24-octobre-2025?at_medium=RSS%20feed&amp;at_campaign=ynews&amp;utm_source=yahoo&amp;utm_medium=rss&amp;utm_campaign=news_feed&amp;utm_content=read_more_link&quot;\" rel=\"nofollow noopener\" target=\"_blank\" data-ylk=\"slk:Lire la suite sur 20minutes;elm:context_link;itc:0;sec:content-canvas\" class=\"link \">Lire la suite sur 20minutes<\/a><\/p>\n","protected":false},"excerpt":{"rendered":"M\u00e9t\u00e9o &#8211; Dans la journ\u00e9e, de l\u00e9g\u00e8res averses seront possibles. Les temp\u00e9ratures seront de 9\u00b0C la matin\u00e9e et&hellip;\n","protected":false},"author":2,"featured_media":485828,"comment_status":"","ping_status":"","sticky":false,"template":"","format":"standard","meta":{"footnotes":""},"categories":[2815],"tags":[1111,11,1777,674,1011,27,811,51394,29508,1307,2487,12,25,55605],"class_list":{"0":"post-485827","1":"post","2":"type-post","3":"status-publish","4":"format-standard","5":"has-post-thumbnail","7":"category-lille","8":"tag-actu","9":"tag-actualites","10":"tag-eu","11":"tag-europe","12":"tag-fr","13":"tag-france","14":"tag-hauts-de-france","15":"tag-la-matinee","16":"tag-le-ciel","17":"tag-lille","18":"tag-meteo","19":"tag-news","20":"tag-republique-francaise","21":"tag-vent-douest"},"share_on_mastodon":{"url":"https:\/\/pubeurope.com\/@fr\/115426991993595647","error":""},"_links":{"self":[{"href":"https:\/\/www.europesays.com\/fr\/wp-json\/wp\/v2\/posts\/485827","targetHints":{"allow":["GET"]}}],"collection":[{"href":"https:\/\/www.europesays.com\/fr\/wp-json\/wp\/v2\/posts"}],"about":[{"href":"https:\/\/www.europesays.com\/fr\/wp-json\/wp\/v2\/types\/post"}],"author":[{"embeddable":true,"href":"https:\/\/www.europesays.com\/fr\/wp-json\/wp\/v2\/users\/2"}],"replies":[{"embeddable":true,"href":"https:\/\/www.europesays.com\/fr\/wp-json\/wp\/v2\/comments?post=485827"}],"version-history":[{"count":0,"href":"https:\/\/www.europesays.com\/fr\/wp-json\/wp\/v2\/posts\/485827\/revisions"}],"wp:featuredmedia":[{"embeddable":true,"href":"https:\/\/www.europesays.com\/fr\/wp-json\/wp\/v2\/media\/485828"}],"wp:attachment":[{"href":"https:\/\/www.europesays.com\/fr\/wp-json\/wp\/v2\/media?parent=485827"}],"wp:term":[{"taxonomy":"category","embeddable":true,"href":"https:\/\/www.europesays.com\/fr\/wp-json\/wp\/v2\/categories?post=485827"},{"taxonomy":"post_tag","embeddable":true,"href":"https:\/\/www.europesays.com\/fr\/wp-json\/wp\/v2\/tags?post=485827"}],"curies":[{"name":"wp","href":"https:\/\/api.w.org\/{rel}","templated":true}]}}