{"id":485829,"date":"2025-10-24T03:21:16","date_gmt":"2025-10-24T03:21:16","guid":{"rendered":"https:\/\/www.europesays.com\/fr\/485829\/"},"modified":"2025-10-24T03:21:16","modified_gmt":"2025-10-24T03:21:16","slug":"polemique-apres-la-deprogrammation-du-film-religieux-sacre-coeur-a-la-buzine-marseille","status":"publish","type":"post","link":"https:\/\/www.europesays.com\/fr\/485829\/","title":{"rendered":"Pol\u00e9mique apr\u00e8s la d\u00e9programmation du film religieux &lsquo;Sacr\u00e9 Coeur&rsquo; \u00e0 la Buzine &#8211; Marseille"},"content":{"rendered":"<p>La projection du docu-fiction religieux \u00ab\u00a0Sacr\u00e9 Coeur\u00a0\u00bb a \u00e9t\u00e9 annul\u00e9e ce mercredi 22 octobre au cin\u00e9ma de la Buzine \u00e0 Marseille. Ce film\u00a0met en lumi\u00e8re les apparitions du Christ et de la vierge, au travers de recontitutions et t\u00e9moignages.\u00a0Le film devait \u00eatre projet\u00e9 une fois par jour durant ces vacances de la Toussaint dans la salle de cin\u00e9ma de la Buzine, g\u00e9r\u00e9e par la Ville de Marseille.<\/p>\n<p>&#13;<\/p>\n<p>\t\t\t\tPol\u00e9mique autour de l&rsquo;application de la loi de 1905 sur la la\u00efcit\u00e9&#13;<\/p>\n<p style=\"margin-left: 30px;\">\u00ab\u00a0<strong>Un \u00e9quipement public ne peut accueillir des\u00a0projections qui, par leur caract\u00e8re ou leur contenu, soient de nature confessionnelle\u00a0\u00bb<\/strong> se justifie la ville dans un communiqu\u00e9 de presse rappelant son obligation d&rsquo;appliquer la loi de 1905.\u00a0<\/p>\n<p>&#13;<\/p>\n<p style=\"margin-left: 30px;\">Des arguments qui n&rsquo;ont pas convaincu les \u00e9lus de droite et d&rsquo;extr\u00eame droite \u00e0 Marseille. Martine Vassal regrette <strong>une \u00ab\u00a0la\u00efcit\u00e9 \u00e0 sens unique, d\u00e9voy\u00e9e et qui renie notre histoire<\/strong>\u00ab\u00a0. Les \u00e9lus du Rassemblement National ont \u00e9galement vivement critiqu\u00e9 cette d\u00e9programmation.<\/p>\n<p>&#13;<\/p>\n<p style=\"margin-left: 30px;\">Mais c&rsquo;est <strong>du c\u00f4t\u00e9 des m\u00e9dias d&rsquo;extr\u00eame droite, et notamment parmi le groupe Bollor\u00e9 que la critique est la plus vive<\/strong>, en m\u00e9diatisant fortement cette d\u00e9programmation annonc\u00e9e comme une \u00ab\u00a0censure\u00a0\u00bb et une attaque en r\u00e8gle aux valeurs chr\u00e9tiennes.<\/p>\n<p>&#13;<br \/>\nUn film confidentiel boost\u00e9 par les pol\u00e9miques&#13;<\/p>\n<p style=\"margin-left: 30px;\">Le groupe Bollor\u00e9 est parti prenante dans ce film, avec un financement d&rsquo;un tiers du budget \u00e0 hauteur de 350.000 euros via sa filiale Canal+ et une importante campagne de promotion sur ses diff\u00e9rents canaux: Canal +, CNews, Europe 1 ou encore le JDD.<\/p>\n<p>&#13;<\/p>\n<p style=\"margin-left: 30px;\">Car \u00e0 l&rsquo;origine,\u00a0ce docu-fiction chr\u00e9tien, r\u00e9alis\u00e9 par\u00a0Steven Gunnell, ex membre du\u00a0boys band Alliage et sa compagne\u00a0Sabrina Gunnell, est un film tr\u00e8s confidentiel et diffus\u00e9 dans peu de salles en France. <strong>Au bout de trois semaines de projection, il cumule seulement 200 000 entr\u00e9es et surtout de nombreuses pol\u00e9miques<\/strong>. A l&rsquo;image de la Ville de Marseille, la RAPT et la SNCF ont refus\u00e9 d&rsquo;en faire la publicit\u00e9 en affichage en raison de son \u00ab\u00a0caract\u00e8re confessionnel et pros\u00e9lyte\u00a0\u00bb, incompatible avec le principe de neutralit\u00e9 du service public dont ils sont redevables.<\/p>\n<p>&#13;<\/p>\n<p>&#13;<\/p>\n<p>credit photo:\u00a0Extrait du film \u00abSacr\u00e9 C\u0153ur\u00bb, de Sabrina et Steven Gunnell. (Saje Distribution)<\/p>\n","protected":false},"excerpt":{"rendered":"La projection du docu-fiction religieux \u00ab\u00a0Sacr\u00e9 Coeur\u00a0\u00bb a \u00e9t\u00e9 annul\u00e9e ce mercredi 22 octobre au cin\u00e9ma de la&hellip;\n","protected":false},"author":2,"featured_media":485830,"comment_status":"","ping_status":"","sticky":false,"template":"","format":"standard","meta":{"footnotes":""},"categories":[2814],"tags":[1111,11,1777,674,1011,27,884,12,882,25],"class_list":{"0":"post-485829","1":"post","2":"type-post","3":"status-publish","4":"format-standard","5":"has-post-thumbnail","7":"category-marseille","8":"tag-actu","9":"tag-actualites","10":"tag-eu","11":"tag-europe","12":"tag-fr","13":"tag-france","14":"tag-marseille","15":"tag-news","16":"tag-provence-alpes-cote-dazur","17":"tag-republique-francaise"},"share_on_mastodon":{"url":"https:\/\/pubeurope.com\/@fr\/115426996037498153","error":""},"_links":{"self":[{"href":"https:\/\/www.europesays.com\/fr\/wp-json\/wp\/v2\/posts\/485829","targetHints":{"allow":["GET"]}}],"collection":[{"href":"https:\/\/www.europesays.com\/fr\/wp-json\/wp\/v2\/posts"}],"about":[{"href":"https:\/\/www.europesays.com\/fr\/wp-json\/wp\/v2\/types\/post"}],"author":[{"embeddable":true,"href":"https:\/\/www.europesays.com\/fr\/wp-json\/wp\/v2\/users\/2"}],"replies":[{"embeddable":true,"href":"https:\/\/www.europesays.com\/fr\/wp-json\/wp\/v2\/comments?post=485829"}],"version-history":[{"count":0,"href":"https:\/\/www.europesays.com\/fr\/wp-json\/wp\/v2\/posts\/485829\/revisions"}],"wp:featuredmedia":[{"embeddable":true,"href":"https:\/\/www.europesays.com\/fr\/wp-json\/wp\/v2\/media\/485830"}],"wp:attachment":[{"href":"https:\/\/www.europesays.com\/fr\/wp-json\/wp\/v2\/media?parent=485829"}],"wp:term":[{"taxonomy":"category","embeddable":true,"href":"https:\/\/www.europesays.com\/fr\/wp-json\/wp\/v2\/categories?post=485829"},{"taxonomy":"post_tag","embeddable":true,"href":"https:\/\/www.europesays.com\/fr\/wp-json\/wp\/v2\/tags?post=485829"}],"curies":[{"name":"wp","href":"https:\/\/api.w.org\/{rel}","templated":true}]}}