{"id":485831,"date":"2025-10-24T03:22:19","date_gmt":"2025-10-24T03:22:19","guid":{"rendered":"https:\/\/www.europesays.com\/fr\/485831\/"},"modified":"2025-10-24T03:22:19","modified_gmt":"2025-10-24T03:22:19","slug":"des-agents-denoncent-menaces-sanctions-et-sabotages","status":"publish","type":"post","link":"https:\/\/www.europesays.com\/fr\/485831\/","title":{"rendered":"des agents d\u00e9noncent menaces, sanctions et sabotages"},"content":{"rendered":"<p>Il y a eu ce matin du 7\u00a0janvier\u00a02019 o\u00f9, tout juste sorti d\u2019un parking \u00e0 Aix-en-Provence, Hicham (1) a trouv\u00e9 anormalement dure la p\u00e9dale de frein de l\u2019utilitaire qui lui \u00e9tait attitr\u00e9, avant de s\u2019apercevoir qu\u2019il freinait dans le vide. Au garage o\u00f9 l\u2019agent \u00e0 la M\u00e9tropole <a href=\"https:\/\/www.laprovence.com\/article\/economie\/4233784620691\/aix-et-marseille-une-economie-a-deux-vitesses-mais-complementaire\" target=\"_blank\" rel=\"noopener\">d\u2019Aix-Marseille<\/a> est parvenu \u00e0 se rendre, le m\u00e9canicien a alors d\u00e9couvert que les durites de frein avaient \u00e9t\u00e9 sectionn\u00e9es.<\/p>\n<p>De curieux \u00ab\u00a0accidents\u00a0\u00bb<\/p>\n<p>Hakim (1), <a href=\"https:\/\/www.laprovence.com\/article\/faits-divers-justice\/3935172760466614\/a-marseille-des-agents-de-la-metropole-rackettaient-les-usagers-d-une-dechetterie\" target=\"_blank\" rel=\"noopener\">agent \u00e0 la M\u00e9tropole<\/a> lui aussi, a fini \u00e0 l\u2019h\u00f4pital Laveran en avril\u00a02025, apr\u00e8s avoir perdu le contr\u00f4le du \u00ab\u00a0deux-roues du boulot\u00a0\u00bb dont l\u2019un des pneus avait \u00e9t\u00e9 lard\u00e9 de deux clous. Un \u00ab\u00a0accident\u00a0\u00bb qui lui a laiss\u00e9 des s\u00e9quelles physiques et un grand trouble apr\u00e8s un premier incident, caus\u00e9 quatre mois plus t\u00f4t par une jante voil\u00e9e \u00ab\u00a0comme si elle avait re\u00e7u des coups de marteau\u00a0\u00bb.<\/p>\n<p>\u00ab\u00a0\u00c0 l\u2019\u00e9poque, observent les deux agents, nous subissions d\u00e9j\u00e0 des propos discriminatoires et du harc\u00e8lement au sein du service. Mais de l\u00e0 \u00e0 penser qu\u2019on avait peut-\u00eatre sabot\u00e9 nos v\u00e9hicules\u2026\u00a0\u00bb\u00a0Bien qu\u2019Hicham et Hakim aient d\u00e9pos\u00e9 plainte, aucune enqu\u00eate n\u2019a permis d\u2019identifier d\u2019\u00e9ventuels auteurs. \u00ab\u00a0Je pensais \u00eatre soutenu car la hi\u00e9rarchie m\u2019avait inform\u00e9 par mail qu\u2019une plainte avait \u00e9gal&#8230;<\/p>\n","protected":false},"excerpt":{"rendered":"Il y a eu ce matin du 7\u00a0janvier\u00a02019 o\u00f9, tout juste sorti d\u2019un parking \u00e0 Aix-en-Provence, Hicham (1)&hellip;\n","protected":false},"author":2,"featured_media":485832,"comment_status":"","ping_status":"","sticky":false,"template":"","format":"standard","meta":{"footnotes":""},"categories":[2814],"tags":[17,1111,11,6891,33231,15785,154,1777,674,274,1011,27,884,2824,2800,12,882,25,7185],"class_list":{"0":"post-485831","1":"post","2":"type-post","3":"status-publish","4":"format-standard","5":"has-post-thumbnail","7":"category-marseille","8":"tag-17","9":"tag-actu","10":"tag-actualites","11":"tag-agents","12":"tag-aix-marseille","13":"tag-denoncent","14":"tag-des","15":"tag-eu","16":"tag-europe","17":"tag-faits-divers-justice","18":"tag-fr","19":"tag-france","20":"tag-marseille","21":"tag-menaces","22":"tag-metropole","23":"tag-news","24":"tag-provence-alpes-cote-dazur","25":"tag-republique-francaise","26":"tag-sanctions"},"share_on_mastodon":{"url":"https:\/\/pubeurope.com\/@fr\/115426999984652567","error":""},"_links":{"self":[{"href":"https:\/\/www.europesays.com\/fr\/wp-json\/wp\/v2\/posts\/485831","targetHints":{"allow":["GET"]}}],"collection":[{"href":"https:\/\/www.europesays.com\/fr\/wp-json\/wp\/v2\/posts"}],"about":[{"href":"https:\/\/www.europesays.com\/fr\/wp-json\/wp\/v2\/types\/post"}],"author":[{"embeddable":true,"href":"https:\/\/www.europesays.com\/fr\/wp-json\/wp\/v2\/users\/2"}],"replies":[{"embeddable":true,"href":"https:\/\/www.europesays.com\/fr\/wp-json\/wp\/v2\/comments?post=485831"}],"version-history":[{"count":0,"href":"https:\/\/www.europesays.com\/fr\/wp-json\/wp\/v2\/posts\/485831\/revisions"}],"wp:featuredmedia":[{"embeddable":true,"href":"https:\/\/www.europesays.com\/fr\/wp-json\/wp\/v2\/media\/485832"}],"wp:attachment":[{"href":"https:\/\/www.europesays.com\/fr\/wp-json\/wp\/v2\/media?parent=485831"}],"wp:term":[{"taxonomy":"category","embeddable":true,"href":"https:\/\/www.europesays.com\/fr\/wp-json\/wp\/v2\/categories?post=485831"},{"taxonomy":"post_tag","embeddable":true,"href":"https:\/\/www.europesays.com\/fr\/wp-json\/wp\/v2\/tags?post=485831"}],"curies":[{"name":"wp","href":"https:\/\/api.w.org\/{rel}","templated":true}]}}