{"id":485833,"date":"2025-10-24T03:23:13","date_gmt":"2025-10-24T03:23:13","guid":{"rendered":"https:\/\/www.europesays.com\/fr\/485833\/"},"modified":"2025-10-24T03:23:13","modified_gmt":"2025-10-24T03:23:13","slug":"lyon-ces-forains-menacent-de-perturber-la-fete-des-lumieres-la-ville-degaine-une-solution","status":"publish","type":"post","link":"https:\/\/www.europesays.com\/fr\/485833\/","title":{"rendered":"Lyon. Ces forains menacent de perturber la F\u00eate des Lumi\u00e8res, la Ville d\u00e9gaine une solution"},"content":{"rendered":"<p>            Par<br \/>\n        <strong><br \/>\n            <a href=\"https:\/\/actu.fr\/auteur\/julien-sournies\" title=\"Consulter tous les articles de Julien Sournies\" target=\"_blank\" rel=\"noopener\">Julien Sournies<\/a><br \/>\n        <\/strong><\/p>\n<p>        Publi\u00e9 le<\/p>\n<p>            23 oct. 2025 \u00e0 17h23        <\/p>\n<p>Annul\u00e9 au printemps dernier faute de nouvel emplacement, le <strong>Luna Park<\/strong>, auparavant install\u00e9 dans le quartier de Confluence \u00e0 <a href=\"https:\/\/actu.fr\/lyon\/\" target=\"_blank\" rel=\"noopener\">Lyon<\/a>, fera-t-il son grand retour cet hiver\u2009? En place depuis 1999, la c\u00e9l\u00e8bre f\u00eate foraine lyonnaise a perdu son terrain de jeu dans le 2e arrondissement au profit d\u2019un vaste <a href=\"https:\/\/actu.fr\/auvergne-rhone-alpes\/lyon_69123\/cette-foret-urbaine-geante-va-sortir-de-terre-a-confluence-a-l-entree-de-lyon_59667586.html\" target=\"_blank\" rel=\"noopener\">projet de r\u00e9am\u00e9nagement du site du Champ<\/a>. Alors que la prochaine \u00e9dition hivernale approche \u00e0 grands pas (13\u00a0d\u00e9cembre \u2013 22\u00a0f\u00e9vrier 2026), les forains n\u2019ont toujours pas trouv\u00e9 de nouvel endroit pour installer leurs man\u00e8ges et stands.<br \/>De fait, les r\u00e9unions entre les forains et la municipalit\u00e9 s\u2019encha\u00eenent depuis plusieurs semaines pour trouver une solution provisoire, au risque de voir la <a href=\"https:\/\/actu.fr\/tag\/fete-des-lumieres-de-lyon\" target=\"_blank\" rel=\"noopener\">F\u00eate des Lumi\u00e8res<\/a> \u00eatre \u00e9maill\u00e9e de perturbations.<br \/>Ainsi, afin que les forains ne fassent pas chou blanc une deuxi\u00e8me fois de suite cet hiver, la Ville vient de leur soumettre une <strong>nouvelle alternative<\/strong>.<\/p>\n<p>L\u2019option Gerland inenvisageable cet hiver<\/p>\n<p class=\" wall-content\">Ce jeudi 23 octobre 2025 au matin, une ultime r\u00e9union de concertation a donc eu lieu entre les deux parties, comme l\u2019indiquaient nos confr\u00e8res du <a href=\"https:\/\/c.leprogres.fr\/culture-loisirs\/2025\/10\/23\/faute-de-terrain-adapte-les-forains-du-luna-park-menacent-d-une-operation-escargot-en-pleine-fete-des-lumieres\" target=\"_blank\" rel=\"noopener\">Progr\u00e8s<\/a>. Les forains, toujours d\u00e9sireux de prendre leurs nouveaux quartiers sur une surface hectare du<strong> parc de Gerland<\/strong>, ont r\u00e9it\u00e9r\u00e9 leur volont\u00e9.<\/p>\n<p class=\" wall-content\">\u00ab\u2009La zone correspond un peu \u00e0 celle de Confluence. Il n\u2019y a pas de riverains donc pas nuisance sonores pour eux. Le r\u00e9seau \u00e9lectrique est aussi optimal. Mais surtout, on voulait absolument rester dans l\u2019un des neuf arrondissements de Lyon donc c\u2019est l\u2019endroit qu\u2019il nous faut sur le long terme\u2009\u00bb, justifie Allan Caillau, membre du comit\u00e9 des forains de la Vogue de Confluence, interrog\u00e9 par actu Lyon.<\/p>\n<p>    <img   decoding=\"async\" loading=\"lazy\" src=\"https:\/\/www.europesays.com\/fr\/wp-content\/uploads\/2025\/10\/vogue-hiver-confluence-lyon-960x640.jpg\" alt=\"Allan Caillau fait partie du comit\u00e9 des forains de la vogue de Confluence.\" width=\"960\" height=\"640\"\/><br \/>\n    Allan Caillau fait partie du comit\u00e9 des forains de la vogue de Confluence. (\u00a9Ludivine Caporal\/actu Lyon)<\/p>\n<p class=\" wall-content\">Seulement, l\u2019installation cet hiver est <strong>inenvisageable<\/strong>. \u00ab\u2009Le parc de Gerland est assez sp\u00e9cial, le sol est constitu\u00e9 d\u2019un m\u00e9lange de mati\u00e8res. Il faut savoir ce qu\u2019il y a dans le sol pour \u00eatre certains que c\u2019est possible d\u2019installer la f\u00eate foraine\u2009\u00bb, explique <a href=\"https:\/\/actu.fr\/auvergne-rhone-alpes\/lyon_69123\/lyon-ztl-travaux-bellecour-aulas-valentin-lungenstrass-adjoint-au-maire-repond_62831098.html\" target=\"_blank\" rel=\"noopener\">Valentin Lungenstrass<\/a>, adjoint \u00e0 la mairie de Lyon, aupr\u00e8s de notre r\u00e9daction.<\/p>\n<p class=\" wall-content\">\u00ab\u2009La conclusion, c\u2019est qu\u2019il faut r\u00e9aliser une \u00e9tude g\u00e9otechnique. Pour l\u2019heure, c\u2019est impossible de leur donner l\u2019autorisation, cela comporte<strong> trop de risques<\/strong>. Ainsi, on a fait une demande de devis et on lancera l\u2019\u00e9tude d\u00e8s qu\u2019on le recevra. Mais, une chose est s\u00fbre, le d\u00e9lai est trop court pour une installation cet hiver\u2009\u00bb, poursuit l\u2019\u00e9lu.<\/p>\n<p>Un retour provisoire \u00e0 Confluence\u2009?<\/p>\n<p class=\" wall-content\">En attendant, la municipalit\u00e9 lyonnaise propose aux forains de retourner \u00e0 Confluence. \u00ab\u2009Nous avons fait le n\u00e9cessaire aupr\u00e8s de la SPL de Lyon (soci\u00e9t\u00e9 qui a repris le terrain pour le projet d\u2019am\u00e9nagement, ndlr) pour d\u00e9caler le planning des travaux. Ainsi, les forains pourront s\u2019installer sur les lieux jusqu\u2019en juin\u00a02026, ce qui signifie qu\u2019ils pourront \u00e9galement accueillir la vogue de printemps\u2009\u00bb, insiste Valentin Lungenstrass.<\/p>\n<p>Votre r\u00e9gion, votre actu !<\/p>\n<p>Recevez chaque jour les infos qui comptent pour vous.<\/p>\n<p>\t<a href=\"https:\/\/actu.fr\/newsletter\" class=\"ac-btn ac-btn--corner ac-btn--medium ac-btn--blue800\" target=\"_blank\" rel=\"noopener\">S&rsquo;incrire<\/a><\/p>\n<p class=\" wall-content\">S\u2019ils saluent la \u00ab\u2009bonne volont\u00e9 de la mairie\u2009\u00bb, les forains ont n\u00e9anmoins besoin de <strong>garanties<\/strong> avant d\u2019accepter l\u2019offre. \u00ab\u2009Nous, on veut davantage de places de stationnement. L\u2019an pass\u00e9, \u00e7a a \u00e9t\u00e9 catastrophique pour accueillir le public. M\u00eame nous, on n\u2019arrivait pas \u00e0 se garer. L\u2019endroit est \u00e9galement insalubre, on ne peut pas accueillir id\u00e9alement dans ces conditions\u2009\u00bb, souffle Allan Caillau.<\/p>\n<p class=\" wall-content\">De son c\u00f4t\u00e9, la mairie assure vouloir faire le n\u00e9cessaire\u2009: \u00ab\u2009On va faire des ajustements pour faciliter le stationnement, \u00e9laguer certains arbustes sauvages et boucher les trous. Mais pour cela, il va falloir une r\u00e9ponse assez rapide de leur part.\u2009\u00bb<\/p>\n<p>\u00ab\u2009On a le cul entre deux chaises\u2009\u00bb<\/p>\n<p class=\" wall-content\">\u00ab\u2009On a le cul entre deux chaises, car ce n\u2019est pas forc\u00e9ment l\u2019option que nous souhaitions \u00e0 la base\u2009\u00bb, soupire de son c\u00f4t\u00e9 Allan Caillau.<\/p>\n<blockquote class=\"ac-article-quote wall-content\">\n<p>Pour le moment, on envoie des messages \u00e0 tous les coll\u00e8gues pour d\u00e9cider de la suite. Mais ce qu&rsquo;on souhaite par-dessus tout c&rsquo;est qu&rsquo;on ne soit pas pris pour des cons.<\/p>\n<p>    <strong>Allan Caillau<\/strong><br \/>\n        Membre du comit\u00e9 des forains de la Vogue de Confluence    <\/p><\/blockquote>\n<p class=\" wall-content\">Ce dernier pr\u00e9vient\u2009: \u00ab\u2009S\u2019ils respectent leurs engagements, il n\u2019y aura pas de manifestation \u00e0 la F\u00eate des lumi\u00e8res. Mais si \u00e7a ne va pas dans notre sens,<strong> il va falloir s\u2019attendre \u00e0 des actions<\/strong>.\u2009\u00bb<\/p>\n<p class=\" wall-content\">Seulement, malgr\u00e9 leurs multiples griefs, les forains sont bien conscients de ne pas avoir leurs destins entre leurs mains. \u00ab\u2009Cette f\u00eate foraine nous permet de vivre, l\u2019annulation de la pr\u00e9c\u00e9dente a \u00e9t\u00e9 terrible. Pour certains, \u00e7a a \u00e9t\u00e9 compliqu\u00e9, ils ont d\u00fb taper dans leur tr\u00e9sorerie pour se nourrir\u2009\u00bb, regrette Allan Caillau, lequel estime qu\u2019il n\u2019y a pas \u00ab\u2009d\u2019autre solution \u00e0 ce stade. On va certainement accepter \u00e0 contrec\u0153ur.\u2009\u00bb<\/p>\n<p class=\" wall-content\">Personnalisez votre actualit\u00e9 en ajoutant vos villes et m\u00e9dias en favori avec <a href=\"https:\/\/moncompte.actu.fr\" title=\"D\u00e9couvez Mon Actu\" rel=\"nofollow noopener\" data-trk=\"{&quot;cta&quot;:{&quot;action&quot;:&quot;https:\\\/\\\/moncompte.actu.fr&quot;,&quot;category&quot;:&quot;mon compte&quot;,&quot;from&quot;:&quot;article footer&quot;,&quot;name&quot;:&quot;Mon actu&quot;,&quot;type&quot;:&quot;cta&quot;}}\" target=\"_blank\">Mon Actu<\/a>.<\/p>\n","protected":false},"excerpt":{"rendered":"Par Julien Sournies Publi\u00e9 le 23 oct. 2025 \u00e0 17h23 Annul\u00e9 au printemps dernier faute de nouvel emplacement,&hellip;\n","protected":false},"author":2,"featured_media":485834,"comment_status":"","ping_status":"","sticky":false,"template":"","format":"standard","meta":{"footnotes":""},"categories":[1889],"tags":[1111,11,2430,3157,1777,674,48837,11501,1011,27,2428,12,25,104],"class_list":{"0":"post-485833","1":"post","2":"type-post","3":"status-publish","4":"format-standard","5":"has-post-thumbnail","7":"category-lyon","8":"tag-actu","9":"tag-actualites","10":"tag-auvergne-rhone-alpes","11":"tag-confluence","12":"tag-eu","13":"tag-europe","14":"tag-fete-des-lumieres-de-lyon","15":"tag-fete-foraine","16":"tag-fr","17":"tag-france","18":"tag-lyon","19":"tag-news","20":"tag-republique-francaise","21":"tag-societe"},"share_on_mastodon":{"url":"https:\/\/pubeurope.com\/@fr\/115427004285073147","error":""},"_links":{"self":[{"href":"https:\/\/www.europesays.com\/fr\/wp-json\/wp\/v2\/posts\/485833","targetHints":{"allow":["GET"]}}],"collection":[{"href":"https:\/\/www.europesays.com\/fr\/wp-json\/wp\/v2\/posts"}],"about":[{"href":"https:\/\/www.europesays.com\/fr\/wp-json\/wp\/v2\/types\/post"}],"author":[{"embeddable":true,"href":"https:\/\/www.europesays.com\/fr\/wp-json\/wp\/v2\/users\/2"}],"replies":[{"embeddable":true,"href":"https:\/\/www.europesays.com\/fr\/wp-json\/wp\/v2\/comments?post=485833"}],"version-history":[{"count":0,"href":"https:\/\/www.europesays.com\/fr\/wp-json\/wp\/v2\/posts\/485833\/revisions"}],"wp:featuredmedia":[{"embeddable":true,"href":"https:\/\/www.europesays.com\/fr\/wp-json\/wp\/v2\/media\/485834"}],"wp:attachment":[{"href":"https:\/\/www.europesays.com\/fr\/wp-json\/wp\/v2\/media?parent=485833"}],"wp:term":[{"taxonomy":"category","embeddable":true,"href":"https:\/\/www.europesays.com\/fr\/wp-json\/wp\/v2\/categories?post=485833"},{"taxonomy":"post_tag","embeddable":true,"href":"https:\/\/www.europesays.com\/fr\/wp-json\/wp\/v2\/tags?post=485833"}],"curies":[{"name":"wp","href":"https:\/\/api.w.org\/{rel}","templated":true}]}}