{"id":485851,"date":"2025-10-24T03:34:12","date_gmt":"2025-10-24T03:34:12","guid":{"rendered":"https:\/\/www.europesays.com\/fr\/485851\/"},"modified":"2025-10-24T03:34:12","modified_gmt":"2025-10-24T03:34:12","slug":"elle-a-ete-pendue-pour-avoir-tue-son-amant-violent-ses-petits-enfants-veulent-sa-rehabilitation-70-ans-apres-2","status":"publish","type":"post","link":"https:\/\/www.europesays.com\/fr\/485851\/","title":{"rendered":"Elle a \u00e9t\u00e9 pendue pour avoir tu\u00e9 son amant violent, ses petits-enfants veulent sa r\u00e9habilitation 70 ans apr\u00e8s"},"content":{"rendered":"<p class=\"mb-4 text-lg md:leading-8 break-words\"><strong>M\u00c9MOIRE &#8211; La famille de Ruth Ellis, derni\u00e8re femme pendue au Royaume-Uni, demande sa gr\u00e2ce posthume. Condamn\u00e9e pour le meurtre de son amant violent, cette affaire relance le d\u00e9bat sur la reconnaissance des victimes de violences conjugales<\/strong><\/p>\n<p class=\"mb-4 text-lg md:leading-8 break-words\">Soixante-dix ans apr\u00e8s son <a href=\"https:\/\/www.20minutes.fr\/monde\/execution\/?at_medium=RSS%20feed&amp;at_campaign=ynews&amp;utm_source=yahoo&amp;utm_medium=rss&amp;utm_campaign=news_feed&amp;utm_content=in_article_link\" rel=\"nofollow noopener\" target=\"_blank\" data-ylk=\"slk:ex\u00e9cution;elm:context_link;itc:0;sec:content-canvas\" class=\"link \">ex\u00e9cution<\/a>, l\u2019histoire tragique de Ruth Ellis, derni\u00e8re femme pendue au <a href=\"https:\/\/www.20minutes.fr\/monde\/royaume-uni\/?at_medium=RSS%20feed&amp;at_campaign=ynews&amp;utm_source=yahoo&amp;utm_medium=rss&amp;utm_campaign=news_feed&amp;utm_content=in_article_link\" rel=\"nofollow noopener\" target=\"_blank\" data-ylk=\"slk:Royaume-Uni;elm:context_link;itc:0;sec:content-canvas\" class=\"link \">Royaume-Uni<\/a>, refait surface. Quatre de ses six petits-enfants ont officiellement demand\u00e9 au ministre britannique de la Justice, David Lammy, de gracier \u00e0 titre posthume cette h\u00f4tesse de bo\u00eete de nuit condamn\u00e9e pour le <a href=\"https:\/\/www.20minutes.fr\/dossier\/meurtre?at_medium=RSS%20feed&amp;at_campaign=ynews&amp;utm_source=yahoo&amp;utm_medium=rss&amp;utm_campaign=news_feed&amp;utm_content=in_article_link\" rel=\"nofollow noopener\" target=\"_blank\" data-ylk=\"slk:meurtre;elm:context_link;itc:0;sec:content-canvas\" class=\"link \">meurtre<\/a> de son amant violent, le pilote automobile David Blakely.<\/p>\n<p class=\"mb-4 text-lg md:leading-8 break-words\">\u00ab\u00a0Nous voulons r\u00e9parer une injustice\u00a0\u00bb, explique sa petite-fille Laura Enston, 46 ans. En\u00a01955, Ruth Ellis, \u00e2g\u00e9e de 28 ans, avait abattu David Blakely \u00e0 la sortie d\u2019un bar londonien apr\u00e8s des mois de <a href=\"https:\/\/www.20minutes.fr\/dossier\/violences_conjugales?at_medium=RSS%20feed&amp;at_campaign=ynews&amp;utm_source=yahoo&amp;utm_medium=rss&amp;utm_campaign=news_feed&amp;utm_content=in_article_link\" rel=\"nofollow noopener\" target=\"_blank\" data-ylk=\"slk:violences conjugales;elm:context_link;itc:0;sec:content-canvas\" class=\"link \">violences conjugales<\/a> r\u00e9p\u00e9t\u00e9es, \u00ab\u00a0physiques, sexuelles et psychologiques\u00a0\u00bb, rappellent ses avocats du cabinet Mischon de Reya.<\/p>\n<p>Un proc\u00e8s sans doute diff\u00e9rent aujourd\u2019hui<\/p>\n<p class=\"mb-4 text-lg md:leading-8 break-words\">Ses d\u00e9fenseurs affirment que son <a href=\"https:\/\/www.20minutes.fr\/dossier\/proces?at_medium=RSS%20feed&amp;at_campaign=ynews&amp;utm_source=yahoo&amp;utm_medium=rss&amp;utm_campaign=news_feed&amp;utm_content=in_article_link\" rel=\"nofollow noopener\" target=\"_blank\" data-ylk=\"slk:proc\u00e8s;elm:context_link;itc:0;sec:content-canvas\" class=\"link \">proc\u00e8s<\/a> aurait \u00e9t\u00e9 jug\u00e9 tout autrement aujourd\u2019hui. \u00ab\u00a0Elle aurait probablement \u00e9t\u00e9 accus\u00e9e d\u2019homicide, pas de meurtre\u00a0\u00bb, pr\u00e9cise l\u2019avocat James Libson. <a href=\"https:\/\/www.20minutes.fr\/dossier\/condamnation_a_mort?at_medium=RSS%20feed&amp;at_campaign=ynews&amp;utm_source=yahoo&amp;utm_medium=rss&amp;utm_campaign=news_feed&amp;utm_content=in_article_link\" rel=\"nofollow noopener\" target=\"_blank\" data-ylk=\"slk:Condamn\u00e9e \u00e0 mort;elm:context_link;itc:0;sec:content-canvas\" class=\"link \">Condamn\u00e9e \u00e0 mort<\/a> apr\u00e8s seulement vingt minutes de d\u00e9lib\u00e9ration, Ruth Ellis avait fait face au jury sans \u00e9motion, un comportement que ses proches interpr\u00e8tent d\u00e9sormais \u00e0 la lumi\u00e8re des connaissances modernes sur les traumatismes. \u00ab\u00a0Elle a involontairement jou\u00e9 le r\u00f4le de la tueuse au sang-froid qu\u2019on lui avait attribu\u00e9\u00a0\u00bb, souligne encore Laura Enston.<\/p>\n<p class=\"mb-4 text-lg md:leading-8 break-words\">Dix jours avant le drame, David Blakely l\u2019avait frapp\u00e9e au ventre alors qu\u2019elle \u00e9tait enceinte, provoquant une fausse couche. \u00ab\u00a0A l\u2019\u00e9poque, personne ne souhaitait donner une chance \u00e9quitable \u00e0 Ruth\u00a0\u00bb, d\u00e9plore (&#8230;)<\/p>\n<p class=\"mb-4 text-lg md:leading-8 break-words\"><a href=\"https:\/\/www.20minutes.fr\/monde\/royaume-uni\/4181019-20251023-royaume-uni-pendue-avoir-tue-amant-violent-petits-enfants-veulent-rehabilitation-70-ans-apres?at_medium=RSS%20feed&amp;at_campaign=ynews&amp;utm_source=yahoo&amp;utm_medium=rss&amp;utm_campaign=news_feed&amp;utm_content=read_more_link&quot;\" rel=\"nofollow noopener\" target=\"_blank\" data-ylk=\"slk:Lire la suite sur 20minutes;elm:context_link;itc:0;sec:content-canvas\" class=\"link \">Lire la suite sur 20minutes<\/a><\/p>\n<p>\u00c0 lire aussi :<br \/><a href=\"https:\/\/www.20minutes.fr\/monde\/4172604-20250911-royaume-uni-corps-jeune-randonneur-retrouve-six-ans-apres-disparition?at_medium=RSS%20feed&amp;at_campaign=ynews&amp;utm_source=yahoo&amp;utm_medium=rss&amp;utm_campaign=news_feed&amp;utm_content=related_content_link\" rel=\"nofollow noopener\" target=\"_blank\" data-ylk=\"slk:Royaume-Uni\u00a0: Le corps d\u2019un jeune randonneur retrouv\u00e9 six ans apr\u00e8s sa disparition;elm:context_link;itc:0;sec:content-canvas\" class=\"link \">Royaume-Uni\u00a0: Le corps d\u2019un jeune randonneur retrouv\u00e9 six ans apr\u00e8s sa disparition<\/a><br \/><a href=\"https:\/\/www.20minutes.fr\/monde\/angleterre\/4166109-20250731-royaume-uni-septuagenaire-soupconne-avoir-empoisonne-enfants-camp-vacances?at_medium=RSS%20feed&amp;at_campaign=ynews&amp;utm_source=yahoo&amp;utm_medium=rss&amp;utm_campaign=news_feed&amp;utm_content=related_content_link\" rel=\"nofollow noopener\" target=\"_blank\" data-ylk=\"slk:Royaume-Uni\u00a0: Un septuag\u00e9naire soup\u00e7onn\u00e9 d\u2019avoir empoisonn\u00e9 les enfants d\u2019un camp de vacances;elm:context_link;itc:0;sec:content-canvas\" class=\"link \">Royaume-Uni\u00a0: Un septuag\u00e9naire soup\u00e7onn\u00e9 d\u2019avoir empoisonn\u00e9 les enfants d\u2019un camp de vacances<\/a><\/p>\n","protected":false},"excerpt":{"rendered":"M\u00c9MOIRE &#8211; La famille de Ruth Ellis, derni\u00e8re femme pendue au Royaume-Uni, demande sa gr\u00e2ce posthume. Condamn\u00e9e pour&hellip;\n","protected":false},"author":2,"featured_media":485852,"comment_status":"","ping_status":"","sticky":false,"template":"","format":"standard","meta":{"footnotes":""},"categories":[1588],"tags":[11,23630,1777,674,60922,12,473,1853,60921,1851,1850,1852,798],"class_list":{"0":"post-485851","1":"post","2":"type-post","3":"status-publish","4":"format-standard","5":"has-post-thumbnail","7":"category-royaume-uni","8":"tag-actualites","9":"tag-david-lammy","10":"tag-eu","11":"tag-europe","12":"tag-laura-enston","13":"tag-news","14":"tag-royaume-uni","15":"tag-royaume-uni-de-grande-bretagne-et-dirlande-du-nord","16":"tag-ruth-ellis","17":"tag-uk","18":"tag-united-kingdom","19":"tag-united-kingdom-of-great-britain-and-northern-ireland","20":"tag-violences-conjugales"},"share_on_mastodon":{"url":"https:\/\/pubeurope.com\/@fr\/115427047068453982","error":""},"_links":{"self":[{"href":"https:\/\/www.europesays.com\/fr\/wp-json\/wp\/v2\/posts\/485851","targetHints":{"allow":["GET"]}}],"collection":[{"href":"https:\/\/www.europesays.com\/fr\/wp-json\/wp\/v2\/posts"}],"about":[{"href":"https:\/\/www.europesays.com\/fr\/wp-json\/wp\/v2\/types\/post"}],"author":[{"embeddable":true,"href":"https:\/\/www.europesays.com\/fr\/wp-json\/wp\/v2\/users\/2"}],"replies":[{"embeddable":true,"href":"https:\/\/www.europesays.com\/fr\/wp-json\/wp\/v2\/comments?post=485851"}],"version-history":[{"count":0,"href":"https:\/\/www.europesays.com\/fr\/wp-json\/wp\/v2\/posts\/485851\/revisions"}],"wp:featuredmedia":[{"embeddable":true,"href":"https:\/\/www.europesays.com\/fr\/wp-json\/wp\/v2\/media\/485852"}],"wp:attachment":[{"href":"https:\/\/www.europesays.com\/fr\/wp-json\/wp\/v2\/media?parent=485851"}],"wp:term":[{"taxonomy":"category","embeddable":true,"href":"https:\/\/www.europesays.com\/fr\/wp-json\/wp\/v2\/categories?post=485851"},{"taxonomy":"post_tag","embeddable":true,"href":"https:\/\/www.europesays.com\/fr\/wp-json\/wp\/v2\/tags?post=485851"}],"curies":[{"name":"wp","href":"https:\/\/api.w.org\/{rel}","templated":true}]}}