{"id":485855,"date":"2025-10-24T03:36:13","date_gmt":"2025-10-24T03:36:13","guid":{"rendered":"https:\/\/www.europesays.com\/fr\/485855\/"},"modified":"2025-10-24T03:36:13","modified_gmt":"2025-10-24T03:36:13","slug":"le-programme-detaille-de-la-35e-edition-de-vivre-leurope","status":"publish","type":"post","link":"https:\/\/www.europesays.com\/fr\/485855\/","title":{"rendered":"Le programme d\u00e9taill\u00e9 de la 35e \u00e9dition de \u00ab\u00a0Vivre l\u2019Europe\u00a0\u00bb"},"content":{"rendered":"<p>\n                                                                    l&rsquo;essentiel<br \/>\n                                                                Un programme vari\u00e9 sur l&rsquo;Europe se d\u00e9roulera \u00e0 l&rsquo;espace culturel Yves-Montand, avec des d\u00e9bats et des activit\u00e9s culturelles.\n                            <\/p>\n<p>Le programme vari\u00e9, \u00e9labor\u00e9 par les membres du comit\u00e9 de jumelages de Saint-Alban au cours de trois soir\u00e9es, devrait s\u00e9duire un public attendu nombreux au sein de l\u2019espace culturel Yves-Montand (rue Salgareda). En effet, la soir\u00e9e inaugurale du vendredi 14 novembre \u00e0 20 h 30, apr\u00e8s le mot du pr\u00e9sident et l\u2019hymne europ\u00e9en interpr\u00e9t\u00e9 par les \u00e9l\u00e8ves de l\u2019\u00e9cole de musique du FLEP, aura pour th\u00e9matique \u00ab\u00a0O\u00f9 en est l\u2019Europe aujourd\u2019hui ?\u00a0\u00bb Pour r\u00e9pondre \u00e0 cette vaste question et susciter le d\u00e9bat, deux personnalit\u00e9s seront pr\u00e9sentes. Tout d\u2019abord, Stefanie Zeidler, consule g\u00e9n\u00e9rale d\u2019Allemagne, qui apportera son \u00e9clairage d\u2019outre-Rhin. Dans un autre temps, c\u2019est l\u2019ancien ministre et d\u00e9put\u00e9 europ\u00e9en Alain Lamassoure qui prendra le relais pour le point de vue fran\u00e7ais. Quand on sait les dangers auxquels l\u2019Europe fait face et l\u2019importance du couple franco-allemand pour les r\u00e9soudre, comme pour le fonctionnement de l\u2019Union europ\u00e9enne en g\u00e9n\u00e9ral, pouvait-on r\u00eaver mieux pour d\u00e9buter cette session ? Changement de d\u00e9cor pour le deuxi\u00e8me d\u00e9bat qui aura lieu le samedi 22 novembre \u00e0 partir de 18 h 30. En pr\u00e9ambule \u00e0 la retransmission du match de rugby opposant la France \u00e0 l\u2019Australie, il sera question de \u00ab\u00a0La pratique du sport en Europe\u00a0\u00bb. Une soir\u00e9e studieuse et sportive avec la pr\u00e9sence d\u2019Emilia Autio, de l\u2019ambassade de Finlande, et d\u2019autres repr\u00e9sentants de pays du nord de l\u2019Europe. Enfin, samedi 29 novembre \u00e0 18 h 30, en cl\u00f4ture de ce mois d\u00e9di\u00e9 \u00e0 l\u2019Europe, un pays sera tout particuli\u00e8rement mis \u00e0 l\u2019honneur, \u00e0 savoir le Portugal ! Au programme, apprentissage de danses folkloriques et volet gastronomique avant que n\u2019intervienne Miguel de Brito e Abreu, consul g\u00e9n\u00e9ral. Sa pr\u00e9sence et son intervention seront l\u2019occasion d\u2019aborder \u00ab\u00a0La place et le r\u00f4le du Portugal dans l\u2019Union europ\u00e9enne\u00a0\u00bb. Cette ultime soir\u00e9e se terminera par la d\u00e9gustation des mets confectionn\u00e9s et l\u2019intervention d\u2019un groupe folklorique portugais. \u00c0 noter que le dernier rendez-vous de cette 35e session, aux connotations festives comme le veut la tradition, se d\u00e9roulera \u00e0 la salle des f\u00eates Sophie Adenot. Trois rendez-vous au c\u0153ur, dans et pour l\u2019Europe \u00e0 ne pas manquer. <\/p>\n<p>Entr\u00e9e libre.<\/p>\n","protected":false},"excerpt":{"rendered":"l&rsquo;essentiel Un programme vari\u00e9 sur l&rsquo;Europe se d\u00e9roulera \u00e0 l&rsquo;espace culturel Yves-Montand, avec des d\u00e9bats et des activit\u00e9s&hellip;\n","protected":false},"author":2,"featured_media":485856,"comment_status":"","ping_status":"","sticky":false,"template":"","format":"standard","meta":{"footnotes":""},"categories":[1586],"tags":[11,1777,674,1011,27,12,25],"class_list":{"0":"post-485855","1":"post","2":"type-post","3":"status-publish","4":"format-standard","5":"has-post-thumbnail","7":"category-europe","8":"tag-actualites","9":"tag-eu","10":"tag-europe","11":"tag-fr","12":"tag-france","13":"tag-news","14":"tag-republique-francaise"},"share_on_mastodon":{"url":"https:\/\/pubeurope.com\/@fr\/115427055026199874","error":""},"_links":{"self":[{"href":"https:\/\/www.europesays.com\/fr\/wp-json\/wp\/v2\/posts\/485855","targetHints":{"allow":["GET"]}}],"collection":[{"href":"https:\/\/www.europesays.com\/fr\/wp-json\/wp\/v2\/posts"}],"about":[{"href":"https:\/\/www.europesays.com\/fr\/wp-json\/wp\/v2\/types\/post"}],"author":[{"embeddable":true,"href":"https:\/\/www.europesays.com\/fr\/wp-json\/wp\/v2\/users\/2"}],"replies":[{"embeddable":true,"href":"https:\/\/www.europesays.com\/fr\/wp-json\/wp\/v2\/comments?post=485855"}],"version-history":[{"count":0,"href":"https:\/\/www.europesays.com\/fr\/wp-json\/wp\/v2\/posts\/485855\/revisions"}],"wp:featuredmedia":[{"embeddable":true,"href":"https:\/\/www.europesays.com\/fr\/wp-json\/wp\/v2\/media\/485856"}],"wp:attachment":[{"href":"https:\/\/www.europesays.com\/fr\/wp-json\/wp\/v2\/media?parent=485855"}],"wp:term":[{"taxonomy":"category","embeddable":true,"href":"https:\/\/www.europesays.com\/fr\/wp-json\/wp\/v2\/categories?post=485855"},{"taxonomy":"post_tag","embeddable":true,"href":"https:\/\/www.europesays.com\/fr\/wp-json\/wp\/v2\/tags?post=485855"}],"curies":[{"name":"wp","href":"https:\/\/api.w.org\/{rel}","templated":true}]}}