{"id":485866,"date":"2025-10-24T03:44:14","date_gmt":"2025-10-24T03:44:14","guid":{"rendered":"https:\/\/www.europesays.com\/fr\/485866\/"},"modified":"2025-10-24T03:44:14","modified_gmt":"2025-10-24T03:44:14","slug":"resultat-matteo-arnaldi-alexander-zverev-atp-500-vienne-deuxieme-tour-jeudi-23-octobre-2025-lequipe","status":"publish","type":"post","link":"https:\/\/www.europesays.com\/fr\/485866\/","title":{"rendered":"R\u00e9sultat : Matteo Arnaldi &#8211; Alexander Zverev, ATP 500, Vienne, Deuxi\u00e8me tour, Jeudi 23 octobre 2025 &#8211; L&#039;\u00c9quipe"},"content":{"rendered":"<ol>\n<li><a href=\"https:\/\/news.google.com\/rss\/articles\/CBMiyAFBVV95cUxNWmxSd0JGckVYSXBJTC13WC1UeVdMVU5xVUpBWVE5SnVselkzWng2SFpucG53X0lDYVZXOVFjdTYzd3FDU2J4MnRsVWl2TDA1bFVGYTBPTGFveWk5dFhsVmxrc0d1TFFBOFlaR2FMYy1BNjE4VGdYRXoxUjh1VDhxcWpRWkZRRGVTOG9RNy1YRVMxR1U2eGNPTXR4b2ptcERjbUZmQkg4eWVKOUxQUmE1WjVMQk9McWpVSHZ5Vl9KTERrUFpVaU50MQ?oc=5\" target=\"_blank\" rel=\"nofollow noopener\">R\u00e9sultat : Matteo Arnaldi &#8211; Alexander Zverev, ATP 500, Vienne, Deuxi\u00e8me tour, Jeudi 23 octobre 2025<\/a>&nbsp;&nbsp;L&rsquo;\u00c9quipe<\/li>\n<li><a href=\"https:\/\/news.google.com\/rss\/articles\/CBMirwFBVV95cUxQY05TTk9maENkaVRZaUN5MGh3dDI0SURaVlhacUNkR3lET3JxWXlfNlBCZ3g1c3RONnM4dlBFUGhIZnFxTXVPUy1fME00UnBEREc5eU5BYjkyWXJaMnZtV1Vpc1ZWM1BnT0oxLXVhVVVGd19QWFRySWtqd0pVdmNueC1BaUM5MEJ2ZjB0VlNKSU1zZ2FVcnNRa3NoN1dJNm5TcjRVd09yeDhrTkR1d0FV0gGuAUFVX3lxTE9Kc3NpMDNZcm1kQVlZb25wZ2pYZnliXy1zeHJPam9HZ1ljLW9RdmxkQXNHaTZEMFFLTkRTbTRDdDlRZ3JYbVE3SjhidThQTmJNMUlDV2NNSHlDd0s4OWNxaDVlMmV5SHpPM09DeGZreEJWZ2dqSDVEdHlwTzVHa2RZZkZWTmFkcXdneXhpRURXNjFzRmJxblEyTWloMlFCUHlNU1RwTTBjZUUyVDBSZw?oc=5\" target=\"_blank\" rel=\"nofollow noopener\">ATP &#8211; Vienne : Zverev s&rsquo;en sort, Rublev \u00e0 la trappe : Sports &#8211; Orange<\/a>&nbsp;&nbsp;Sports &#8211; Orange<\/li>\n<li><a href=\"https:\/\/news.google.com\/rss\/articles\/CBMijAFBVV95cUxOb3ZaZE9ldzZXcTd5TFMzR1JLRTJDSjFvelFDMC14S0dvdlhWTTByeXZORXZTVVluZHZqY3REZFVfZmU1LVk0aGkwTTAyajhCWTFrUWRta3l6ZjlnbW1iVGY3SnM5TkZlQmRRQkt1V1pVNzlCZnNXWUgwamJGZl9QNThKNlY0QnhLTTRDVQ?oc=5\" target=\"_blank\" rel=\"nofollow noopener\">Pronostic Matteo Arnaldi Alexander Zverev GRATUIT &#8211; Erste Bank Open 23\/10\/2025<\/a>&nbsp;&nbsp;RueDesJoueurs<\/li>\n<li><a href=\"https:\/\/news.google.com\/rss\/articles\/CBMi2gFBVV95cUxQZUk3RERVakhBTzFSeUhLQ3k3UUo4WkFwazBTSlRFLVVpeFNqLVVwdGtIMHZwUG9BU0RDa1pyYmVrTkJfamxJRVJfaGFsOERoZjBLVDUwbzN4dEc5OGpUQVR3andZU0hOUGdMQWtud2wwbF9hMHdlNkpGNW9LWUZwbGZqa3hUQk1pOHl5aFZEVHdHV25haXFPVi1fd1hxNW5pQTRJNUJEWEtPamZyRVdEUVdPbUVnejR5bF9vbmQtdEdpMjJhbjhNOGVhRTlhZmpwU2t2aEVjVEVyZw?oc=5\" target=\"_blank\" rel=\"nofollow noopener\">Zverev serre les dents : l\u2019aveu qui inqui\u00e8te apr\u00e8s ses d\u00e9buts \u00e0 Vienne<\/a>&nbsp;&nbsp;MSN<\/li>\n<li><a href=\"https:\/\/news.google.com\/rss\/articles\/CBMi2wFBVV95cUxNUWYyYmtCTzU2V2JjcVZHclNzVUxBbjlEUmpuekpNSkl5WGl5VDgyUllXdE83UU5tbzNQRlNFUnI0ZlZTdjJiTnFGTzRReXBJT3JtTUpjQ2VabHV2Q1F2bE1HNXZOU0dwZU9GbTFWUXZjZWduR05kZTU4dWhsMXMwNWJ2NF81U0dtT25Hc19iRDU5QmlOWWJOZWg0Q2dmeHdqV3BqdmotYzdLUzIwT1RRQTFLcmVVWUhVd1N5MUFLTUhsV0FhREc2ZXR6Z3h4R3RPOV9BNnhPclN5M1E?oc=5\" target=\"_blank\" rel=\"nofollow noopener\">Alexander Zverev est incom\u00adpr\u00e9\u00adhen\u00adsible : \u00ab Je n\u2019ai su que lors de l\u2019\u00e9chauf\u00adfe\u00adment que j\u2019al\u00adlais jouer ce match \u00bb<\/a>&nbsp;&nbsp;We Love Tennis<\/li>\n<\/ol>\n","protected":false},"excerpt":{"rendered":"R\u00e9sultat : Matteo Arnaldi &#8211; Alexander Zverev, ATP 500, Vienne, Deuxi\u00e8me tour, Jeudi 23 octobre 2025&nbsp;&nbsp;L&rsquo;\u00c9quipe ATP &#8211;&hellip;\n","protected":false},"author":2,"featured_media":1983,"comment_status":"","ping_status":"","sticky":false,"template":"","format":"standard","meta":{"footnotes":""},"categories":[1415],"tags":[1011,27,60,1467],"class_list":{"0":"post-485866","1":"post","2":"type-post","3":"status-publish","4":"format-standard","5":"has-post-thumbnail","7":"category-tennis","8":"tag-fr","9":"tag-france","10":"tag-sports","11":"tag-tennis"},"share_on_mastodon":{"url":"https:\/\/pubeurope.com\/@fr\/115427086370301235","error":""},"_links":{"self":[{"href":"https:\/\/www.europesays.com\/fr\/wp-json\/wp\/v2\/posts\/485866","targetHints":{"allow":["GET"]}}],"collection":[{"href":"https:\/\/www.europesays.com\/fr\/wp-json\/wp\/v2\/posts"}],"about":[{"href":"https:\/\/www.europesays.com\/fr\/wp-json\/wp\/v2\/types\/post"}],"author":[{"embeddable":true,"href":"https:\/\/www.europesays.com\/fr\/wp-json\/wp\/v2\/users\/2"}],"replies":[{"embeddable":true,"href":"https:\/\/www.europesays.com\/fr\/wp-json\/wp\/v2\/comments?post=485866"}],"version-history":[{"count":0,"href":"https:\/\/www.europesays.com\/fr\/wp-json\/wp\/v2\/posts\/485866\/revisions"}],"wp:featuredmedia":[{"embeddable":true,"href":"https:\/\/www.europesays.com\/fr\/wp-json\/wp\/v2\/media\/1983"}],"wp:attachment":[{"href":"https:\/\/www.europesays.com\/fr\/wp-json\/wp\/v2\/media?parent=485866"}],"wp:term":[{"taxonomy":"category","embeddable":true,"href":"https:\/\/www.europesays.com\/fr\/wp-json\/wp\/v2\/categories?post=485866"},{"taxonomy":"post_tag","embeddable":true,"href":"https:\/\/www.europesays.com\/fr\/wp-json\/wp\/v2\/tags?post=485866"}],"curies":[{"name":"wp","href":"https:\/\/api.w.org\/{rel}","templated":true}]}}