{"id":485872,"date":"2025-10-24T03:49:14","date_gmt":"2025-10-24T03:49:14","guid":{"rendered":"https:\/\/www.europesays.com\/fr\/485872\/"},"modified":"2025-10-24T03:49:14","modified_gmt":"2025-10-24T03:49:14","slug":"lequipe-de-france-u17-feminine-simpose-contre-lirlande","status":"publish","type":"post","link":"https:\/\/www.europesays.com\/fr\/485872\/","title":{"rendered":"L\u2019\u00c9quipe de France U17 F\u00e9minine s\u2019impose contre l\u2019Irlande"},"content":{"rendered":"<p>Une belle premi\u00e8re dans la comp\u00e9tition. Ce jeudi 23 octobre, l\u2019\u00c9quipe de France U17 F\u00e9minine affrontait effectivement la R\u00e9publique d\u2019Irlande dans le cadre de la premi\u00e8re journ\u00e9e du Tour 1 des qualifications \u00e0 l\u2019Euro 2026. Une rencontre qui a vu la s\u00e9lection tricolore s\u2019imposer sur le score de deux buts \u00e0 z\u00e9ro sur les installations du DFB-Campus de Francfort (Allemagne), th\u00e9\u00e2tre du groupe A2.\u00a0<\/p>\n<p>Les Bleuettes au-dessus<\/p>\n<p>D\u00e8s la 19\u00e8me minute de jeu, Ma\u00eblys An\u00e9 est parvenue \u00e0 ouvrir le score. L\u2019\u00c9quipe de France va \u00eatre au-dessus mais va se faire peur jusqu\u2019\u00e0 la derni\u00e8re occasion de la partie et le but du break inscrit par L\u00e9a Motyka. Les joueuses de Franck Plenecassagne sont en t\u00eate du classement, \u00e0 \u00e9galit\u00e9 de points avec l&rsquo;Allemagne (vainqueure 2-1 de la Belgique), qui sera leur prochain adversaire, dimanche 26 octobre (13h00).<\/p>\n<p>Partagez cette info avec vos amis et vos proches en cliquant ici<br \/>Pour r\u00e9sumer<\/p>\n<p>Une belle premi\u00e8re dans la comp\u00e9tition. Ce jeudi 23 octobre, l\u2019\u00c9quipe de France U17 F\u00e9minine affrontait effectivement la R\u00e9publique d\u2019Irlande dans le cadre de la premi\u00e8re journ\u00e9e du Tour 1 des qualifications \u00e0 l\u2019Euro 2026. Une rencontre qui a vu la s\u00e9lection tricolore s\u2019imposer sur le score de deux buts \u00e0 z\u00e9ro sur les installations du DFB-Campus de Francfort (Allemagne), th\u00e9\u00e2tre du groupe A2.\u00a0<\/p>\n<p> <img decoding=\"async\" width=\"76\" height=\"76\" loading=\"lazy\" src=\"https:\/\/static.wui.fr\/images_v3\/avatar-footnational.png\" alt=\"Youcef Ghalaza-Boudra\"\/><\/p>\n","protected":false},"excerpt":{"rendered":"Une belle premi\u00e8re dans la comp\u00e9tition. Ce jeudi 23 octobre, l\u2019\u00c9quipe de France U17 F\u00e9minine affrontait effectivement la&hellip;\n","protected":false},"author":2,"featured_media":485873,"comment_status":"","ping_status":"","sticky":false,"template":"","format":"standard","meta":{"footnotes":""},"categories":[1410],"tags":[60924,60925,63,1011,27,60],"class_list":{"0":"post-485872","1":"post","2":"type-post","3":"status-publish","4":"format-standard","5":"has-post-thumbnail","7":"category-football","8":"tag-equipe-de-france-feminines","9":"tag-equipe-de-france-jeunes","10":"tag-football","11":"tag-fr","12":"tag-france","13":"tag-sports"},"share_on_mastodon":{"url":"https:\/\/pubeurope.com\/@fr\/115427106633114346","error":""},"_links":{"self":[{"href":"https:\/\/www.europesays.com\/fr\/wp-json\/wp\/v2\/posts\/485872","targetHints":{"allow":["GET"]}}],"collection":[{"href":"https:\/\/www.europesays.com\/fr\/wp-json\/wp\/v2\/posts"}],"about":[{"href":"https:\/\/www.europesays.com\/fr\/wp-json\/wp\/v2\/types\/post"}],"author":[{"embeddable":true,"href":"https:\/\/www.europesays.com\/fr\/wp-json\/wp\/v2\/users\/2"}],"replies":[{"embeddable":true,"href":"https:\/\/www.europesays.com\/fr\/wp-json\/wp\/v2\/comments?post=485872"}],"version-history":[{"count":0,"href":"https:\/\/www.europesays.com\/fr\/wp-json\/wp\/v2\/posts\/485872\/revisions"}],"wp:featuredmedia":[{"embeddable":true,"href":"https:\/\/www.europesays.com\/fr\/wp-json\/wp\/v2\/media\/485873"}],"wp:attachment":[{"href":"https:\/\/www.europesays.com\/fr\/wp-json\/wp\/v2\/media?parent=485872"}],"wp:term":[{"taxonomy":"category","embeddable":true,"href":"https:\/\/www.europesays.com\/fr\/wp-json\/wp\/v2\/categories?post=485872"},{"taxonomy":"post_tag","embeddable":true,"href":"https:\/\/www.europesays.com\/fr\/wp-json\/wp\/v2\/tags?post=485872"}],"curies":[{"name":"wp","href":"https:\/\/api.w.org\/{rel}","templated":true}]}}