{"id":485874,"date":"2025-10-24T03:50:18","date_gmt":"2025-10-24T03:50:18","guid":{"rendered":"https:\/\/www.europesays.com\/fr\/485874\/"},"modified":"2025-10-24T03:50:18","modified_gmt":"2025-10-24T03:50:18","slug":"grand-corps-malade-face-a-la-justice-a-cause-de-lune-de-ses-chansons","status":"publish","type":"post","link":"https:\/\/www.europesays.com\/fr\/485874\/","title":{"rendered":"Grand Corps Malade face \u00e0 la justice \u00e0 cause de l&rsquo;une de ses chansons"},"content":{"rendered":"<p><a href=\"https:\/\/www.public.fr\/tpmp-fabien-lecoeuvre-balance-son-salaire-xxl15-000e-par-mois\" target=\"_blank\" rel=\"noopener\">Fabien Lec\u0153uvre <\/a>a obtenu gain de cause face<a href=\"https:\/\/www.public.fr\/grand-corps-malade-a-t-il-tenu-tous-ses-engagements-envers-victorien-star-academy\" target=\"_blank\" rel=\"noopener\"> \u00e0 Grand Corps Malade<\/a>. En effet, la cour d\u2019appel vient d\u2019ordonner au chanteur de <strong>retirer un extrait sonore<\/strong> pr\u00e9sent dans sa chanson <strong>Des gens beaux<\/strong> sous peine d\u2019amende.\u00a0<\/p>\n<p>Dans cet extrait, le journaliste qui officie en tant que chroniqueur chaque soir dans l\u2019\u00e9mission de <a href=\"https:\/\/www.public.fr\/tag\/cyril-hanouna\" target=\"_blank\" rel=\"noopener\">Cyril Hanouna<\/a>, Tout beau, tout n9uf, critiquait le physique de la chanteuse Hoshi selon une d\u00e9cision consult\u00e9e mercredi par l\u2019AFP.<\/p>\n<p>Grand Corps Malade avait pris la d\u00e9fense d&rsquo;Hoshi en chanson<\/p>\n<p>Des propos tenus en 2021 comme le rappelle Le Figaro. Invit\u00e9 sur une web-radio, <a href=\"https:\/\/vsd.fr\/tag\/fabien-lecoeuvre\/\" target=\"_blank\" rel=\"noopener\">Fabien Lec\u0153uvre<\/a> qualifiait Hoshi d\u2019\u00a0\u00bb<strong>effrayante\u00a0\u00bb<\/strong> et regrettait m\u00eame qu\u2019il n\u2019y ait pas plus de<strong> \u00ab\u00a0beaux ou de filles sublimes\u00a0\u00bb.<\/strong> \u00c0 l\u2019\u00e9poque, ces d\u00e9clarations suscitaient de vives pol\u00e9miques et le journaliste avait d\u00fb s\u2019excuser aupr\u00e8s de l\u2019artiste, victime de harc\u00e8lement.\u00a0<\/p>\n<p>Grand Corps Malade, de son c\u00f4t\u00e9, avait pris la d\u00e9fense de Hoshi par le biais de sa chanson <strong>Des gens beaux<\/strong> en utilisant le passage de Fabien Lec\u0153uvre qui a, par la suite, assign\u00e9 en justice le chanteur, ainsi qu\u2019Univers Music pour atteinte au droit de sa voix indique Le Figaro.<\/p>\n<p>Si en 2023 le tribunal de Paris a donn\u00e9 raison \u00e0 Grand Corps Malade, Fabien Lec\u0153uvre vient de gagner en appel. La justice a en effet estim\u00e9 que la chanson Des gens beaux \u00ab\u00a0porte atteinte \u00e0 son droit de voix\u00a0\u00bb.<\/p>\n<p>Le chanteur ne compte pas en rester l\u00e0<\/p>\n<p>De fait, l\u2019artiste doit modifier son morceau et retirer le passage dans lequel nous pouvons entendre le chroniqueur s\u2019exprimer au sujet de Hoshi, <strong>\u00ab\u00a0sous astreinte de 500 euros par jour de retard\u00a0\u00bb<\/strong>, indique Le Figaro.\u00a0<\/p>\n<p>En ce qui concerne Univers Music France, la soci\u00e9t\u00e9 de production doit verser 10\u00a0000 euros \u00e0 Fabien Lec\u0153uvre pour pr\u00e9judice moral.\u00a0\u00ab\u00a0La chanson\u00a0Des gens beaux\u00a0est repr\u00e9sentative dans sa forme artistique du mouvement d&rsquo;indignation soulev\u00e9 par les propos de M. Lec\u0153uvre et contribue, par le dialogue qu&rsquo;elle a cherch\u00e9 \u00e0 instaurer avec l&rsquo;auteur des propos pol\u00e9miques, \u00e0 la question d&rsquo;int\u00e9r\u00eat g\u00e9n\u00e9ral relative \u00e0 la lutte contre toute forme de discrimination\u00a0\u00bb, se d\u00e9fend Grand Corps Malade et la soci\u00e9t\u00e9 Anouche Productions dans un communiqu\u00e9 avant de pr\u00e9venir que \u00a0\u00ab\u00a0La Cour de cassation sera prochainement saisie de [leur] pourvoi\u00a0\u00bb.<\/p>\n<p>Fabien Lec\u0153uvre, \u00ab\u00a0heureux\u00a0\u00bb de la d\u00e9cision, assure que <strong>sa \u00ab\u00a0voix\u00a0avait \u00e9t\u00e9 vol\u00e9e et reproduite sans son consentement.<\/strong> Cet arr\u00eat rappelle l&rsquo;un des principes fondamentaux du droit fran\u00e7ais qu&rsquo;est le n\u00e9cessaire respect des droits de la personnalit\u00e9 de tout individu\u00a0\u00bb.<\/p>\n<p>\n          Hits &amp; People en continu\n        <\/p>\n<p>\n          Public Radio\n        <\/p>\n<p>      Mentionn\u00e9s dans cet article<\/p>\n<p>      Sur le m\u00eame sujet<\/p>\n","protected":false},"excerpt":{"rendered":"Fabien Lec\u0153uvre a obtenu gain de cause face \u00e0 Grand Corps Malade. En effet, la cour d\u2019appel vient&hellip;\n","protected":false},"author":2,"featured_media":485875,"comment_status":"","ping_status":"","sticky":false,"template":"","format":"standard","meta":{"footnotes":""},"categories":[1359],"tags":[1083,58,59,3719,1011,27,60926,973],"class_list":{"0":"post-485874","1":"post","2":"type-post","3":"status-publish","4":"format-standard","5":"has-post-thumbnail","7":"category-people","8":"tag-cyril-hanouna","9":"tag-divertissement","10":"tag-entertainment","11":"tag-fabien-lecoeuvre","12":"tag-fr","13":"tag-france","14":"tag-grand-corps-malade","15":"tag-people"},"share_on_mastodon":{"url":"https:\/\/pubeurope.com\/@fr\/115427110106252800","error":""},"_links":{"self":[{"href":"https:\/\/www.europesays.com\/fr\/wp-json\/wp\/v2\/posts\/485874","targetHints":{"allow":["GET"]}}],"collection":[{"href":"https:\/\/www.europesays.com\/fr\/wp-json\/wp\/v2\/posts"}],"about":[{"href":"https:\/\/www.europesays.com\/fr\/wp-json\/wp\/v2\/types\/post"}],"author":[{"embeddable":true,"href":"https:\/\/www.europesays.com\/fr\/wp-json\/wp\/v2\/users\/2"}],"replies":[{"embeddable":true,"href":"https:\/\/www.europesays.com\/fr\/wp-json\/wp\/v2\/comments?post=485874"}],"version-history":[{"count":0,"href":"https:\/\/www.europesays.com\/fr\/wp-json\/wp\/v2\/posts\/485874\/revisions"}],"wp:featuredmedia":[{"embeddable":true,"href":"https:\/\/www.europesays.com\/fr\/wp-json\/wp\/v2\/media\/485875"}],"wp:attachment":[{"href":"https:\/\/www.europesays.com\/fr\/wp-json\/wp\/v2\/media?parent=485874"}],"wp:term":[{"taxonomy":"category","embeddable":true,"href":"https:\/\/www.europesays.com\/fr\/wp-json\/wp\/v2\/categories?post=485874"},{"taxonomy":"post_tag","embeddable":true,"href":"https:\/\/www.europesays.com\/fr\/wp-json\/wp\/v2\/tags?post=485874"}],"curies":[{"name":"wp","href":"https:\/\/api.w.org\/{rel}","templated":true}]}}