{"id":485878,"date":"2025-10-24T03:52:11","date_gmt":"2025-10-24T03:52:11","guid":{"rendered":"https:\/\/www.europesays.com\/fr\/485878\/"},"modified":"2025-10-24T03:52:11","modified_gmt":"2025-10-24T03:52:11","slug":"naucelle-marche-dautomne-et-bourse-aux-livres","status":"publish","type":"post","link":"https:\/\/www.europesays.com\/fr\/485878\/","title":{"rendered":"Naucelle. March\u00e9 d\u2019automne et bourse aux livres"},"content":{"rendered":"<p>Le march\u00e9 d\u2019automne et la bourse aux livres auront lieu le samedi 25 octobre \u00e0 la halle Jean- Boudou du Vallon des Sports. Toujours sur la br\u00e8che, \u00ab\u00a0Naucelle Actions\u00a0\u00bb et ses b\u00e9n\u00e9voles en pilotent l\u2019organisation. <\/p>\n<p>Ce march\u00e9, valorise les produits locaux, la fabrication et la vente de jus de pomme en sont les attractions majeures (pensez \u00e0 venir avec sa bouteille). <\/p>\n<p>Il sera possible de participer, sur inscription \u00e0 des ateliers de fabrication de bougies (participation 5 \u20ac, inscriptions par sms au 07 63 91 73 45). La bourse aux livres est reconduite. <\/p>\n<p>Une opportunit\u00e9 id\u00e9ale, de redonner une seconde vie \u00e0 vos BD, livres jeunesse, disques\u2026 <\/p>\n<p>Un \u00e9v\u00e8nement \u00ab\u00a0tout public attendu\u00a0\u00bb et une occasion de chiner, pour trouver apr\u00e8s le tour des stands, l\u2019objet rare. <\/p>\n<p>Les vendeurs peuvent s\u2019inscrire d\u00e8s \u00e0 pr\u00e9sent. <\/p>\n<p>Pour \u00ab\u00a0nourrir\u00a0\u00bb son enthousiasme, \u00e0 travers un temps de convivialit\u00e9 un repas sera servi \u00e0 partir de midi (15 \u20ac). <\/p>\n<p>Les organisateurs vous attendent nombreux pour c\u00e9l\u00e9brer l\u2019automne, avec une dose de culture en savourant des produits r\u00e9gionaux de qualit\u00e9. <\/p>\n<p>Pour toute inscription ou demande d\u2019informations par mail <a href=\"https:\/\/www.centrepresseaveyron.fr\/2025\/10\/24\/mailto:naucelle.actions@gmail.com\" target=\"_blank\" rel=\"noopener\">naucelle.actions@gmail.com<\/a> ou en t\u00e9l\u00e9phonant au 06 77 85 66 72. <\/p>\n","protected":false},"excerpt":{"rendered":"Le march\u00e9 d\u2019automne et la bourse aux livres auront lieu le samedi 25 octobre \u00e0 la halle Jean-&hellip;\n","protected":false},"author":2,"featured_media":485879,"comment_status":"","ping_status":"","sticky":false,"template":"","format":"standard","meta":{"footnotes":""},"categories":[1357],"tags":[1379,58,59,1011,27,1380],"class_list":{"0":"post-485878","1":"post","2":"type-post","3":"status-publish","4":"format-standard","5":"has-post-thumbnail","7":"category-livres","8":"tag-books","9":"tag-divertissement","10":"tag-entertainment","11":"tag-fr","12":"tag-france","13":"tag-livres"},"share_on_mastodon":{"url":"https:\/\/pubeurope.com\/@fr\/115427117939793684","error":""},"_links":{"self":[{"href":"https:\/\/www.europesays.com\/fr\/wp-json\/wp\/v2\/posts\/485878","targetHints":{"allow":["GET"]}}],"collection":[{"href":"https:\/\/www.europesays.com\/fr\/wp-json\/wp\/v2\/posts"}],"about":[{"href":"https:\/\/www.europesays.com\/fr\/wp-json\/wp\/v2\/types\/post"}],"author":[{"embeddable":true,"href":"https:\/\/www.europesays.com\/fr\/wp-json\/wp\/v2\/users\/2"}],"replies":[{"embeddable":true,"href":"https:\/\/www.europesays.com\/fr\/wp-json\/wp\/v2\/comments?post=485878"}],"version-history":[{"count":0,"href":"https:\/\/www.europesays.com\/fr\/wp-json\/wp\/v2\/posts\/485878\/revisions"}],"wp:featuredmedia":[{"embeddable":true,"href":"https:\/\/www.europesays.com\/fr\/wp-json\/wp\/v2\/media\/485879"}],"wp:attachment":[{"href":"https:\/\/www.europesays.com\/fr\/wp-json\/wp\/v2\/media?parent=485878"}],"wp:term":[{"taxonomy":"category","embeddable":true,"href":"https:\/\/www.europesays.com\/fr\/wp-json\/wp\/v2\/categories?post=485878"},{"taxonomy":"post_tag","embeddable":true,"href":"https:\/\/www.europesays.com\/fr\/wp-json\/wp\/v2\/tags?post=485878"}],"curies":[{"name":"wp","href":"https:\/\/api.w.org\/{rel}","templated":true}]}}