{"id":485884,"date":"2025-10-24T03:55:26","date_gmt":"2025-10-24T03:55:26","guid":{"rendered":"https:\/\/www.europesays.com\/fr\/485884\/"},"modified":"2025-10-24T03:55:26","modified_gmt":"2025-10-24T03:55:26","slug":"a-marseille-la-mairie-interdit-une-projection-de-sacre-coeur-au-nom-de-la-laicite","status":"publish","type":"post","link":"https:\/\/www.europesays.com\/fr\/485884\/","title":{"rendered":"\u00e0 Marseille, la mairie interdit une projection de \u00abSacr\u00e9-C\u0153ur\u00bb au nom de la la\u00efcit\u00e9"},"content":{"rendered":"<p>\n    Les r\u00e9alisateurs d\u00e9noncent au Figaro une censure, tandis que des spectateurs refoul\u00e9s t\u00e9moignent de leur incompr\u00e9hension. La Ville assure qu\u2019il ne s\u2019agit \u00aben aucun cas\u00bb d\u2019une interdiction g\u00e9n\u00e9rale du film \u00e0 Marseille.<\/p>\n<p class=\"fig-paragraph\"><a href=\"http:\/\/www.lefigaro.fr\/actualite-france\/jugee-trop-confessionnelle-et-proselyte-la-campagne-d-affichage-du-film-sacre-coeur-interdite-par-la-sncf-et-la-ratp-20250930\" data-fig-type=\"Article\" data-gtm-custom-categorie=\"navigation\" data-gtm-custom-action=\"crossclick\" data-gtm-custom-label=\"Contextuel\" data-gtm-event=\"customEventSPE\" data-fig-domain=\"LEFIGARO\" target=\"_blank\" rel=\"noopener\">Apr\u00e8s la SNCF et la RATP<\/a>, c\u2019est au tour de la mairie de Marseille d\u2019invoquer la la\u00efcit\u00e9 pour \u00e9carter Sacr\u00e9-C\u0153ur. Mercredi 22 octobre, la s\u00e9ance pr\u00e9vue au ch\u00e2teau de La Buzine &#8211; ancienne propri\u00e9t\u00e9 de<a href=\"http:\/\/www.lefigaro.fr\/cinema\/sylvain-chomet-realisateur-marcel-pagnol-c-est-le-spielberg-du-sud-20251014\" data-fig-type=\"Article\" data-gtm-custom-categorie=\"navigation\" data-gtm-custom-action=\"crossclick\" data-gtm-custom-label=\"Contextuel\" data-gtm-event=\"customEventSPE\" data-fig-domain=\"LEFIGARO\" target=\"_blank\" rel=\"noopener\">\u00a0Marcel Pagnol<\/a>\u00a0et qui accueille d\u00e9sormais la \u00ab Maison des cin\u00e9matographies de la M\u00e9diterran\u00e9e\u00a0\u00bb \u2013 a \u00e9t\u00e9 annul\u00e9e une heure avant le d\u00e9but. Le motif\u00a0: une \u00abatteinte au principe de la\u00efcit\u00e9\u00bb dans un lieu appartenant \u00e0 la Ville.<\/p>\n<p class=\"fig-paragraph\">Le film, un docu-fiction r\u00e9alis\u00e9 par Steven et Sabrina J. Gunnell sur les apparitions du\u00a0<a href=\"http:\/\/www.lefigaro.fr\/international\/le-christ-ou-le-chaos-aux-etats-unis-derriere-le-pasteur-douglas-wilson-l-essor-du-nationalisme-chretien-20251004\" data-fig-type=\"Article\" data-gtm-custom-categorie=\"navigation\" data-gtm-custom-action=\"crossclick\" data-gtm-custom-label=\"Contextuel\" data-gtm-event=\"customEventSPE\" data-fig-domain=\"LEFIGARO\" target=\"_blank\" rel=\"noopener\">Christ\u00a0<\/a>\u00e0 sainte Marguerite-Marie Alacoque \u00e0 Paray-le-Monial (1673-1675), est sorti le 1er octobre 2025 et cumule \u00abpr\u00e8s de 200.000 entr\u00e9es en trois semaines\u00bb dans un paysage cin\u00e9matographique fran\u00e7ais \u00e0 la peine. \u00abNous sommes tr\u00e8s \u00e9mus, il y a beaucoup d\u2019\u00e9motion&#8230; C\u2019est assez incroyable\u00a0!\u00bb, confie Steven Gunnell au Figaro.<\/p>\n<p>                                    <a class=\"fig-a11y-skip a11y-hidden\" href=\"#fig-a11y-skip-main-inarticle\"><br \/>\n        Passer la publicit\u00e9<br \/>\n    <\/a><\/p>\n<p>\u00abIls ont ouvert une porte pour les autres&#8230;\u00bb<\/p>\n<p class=\"fig-paragraph\">La s\u00e9ance marseillaise \u00e9tait port\u00e9e par une association dans le cin\u00e9ma install\u00e9 au sein du ch\u00e2teau. \u00abOn censure ce film, \u00e7a fait mal. On est tristes pour les personnes \u00e0 qui on a refus\u00e9 l\u2019acc\u00e8s, qui plus est une heure avant le d\u00e9but programm\u00e9 de la s\u00e9ance\u00bb, d\u00e9plore Sabrina Gunnell.<\/p>\n<p class=\"fig-paragraph\">Les r\u00e9alisateurs, alors \u00e0 Paris, affirment avoir d\u00e9couvert la d\u00e9programmation \u00ab\u00e0 la suite d\u2019un post\u00bb sur X. Sabrina Gunnell raconte avoir re\u00e7u le message d\u2019une spectatrice expliquant\u00a0: \u00abOn s\u2019est point\u00e9s avec ma belle-s\u0153ur&#8230; On leur a dit \u201cpour cause de la\u00efcit\u00e9, le film est refus\u00e9\u201d\u00bb. Pensant d\u2019abord \u00e0 une interdiction g\u00e9n\u00e9ralis\u00e9e \u00e0 Marseille, Steven Gunnell a r\u00e9agi dans une vid\u00e9o publi\u00e9e sur les r\u00e9seaux sociaux.<\/p>\n<p class=\"fig-paragraph\">\u00abLe probl\u00e8me est qu\u2019ils ont ouvert une porte. D\u2019autres cin\u00e9mas peuvent s\u2019inspirer de cette interdiction d\u00e9sormais. J\u2019aurais pu comprendre une telle opposition si c\u2019\u00e9tait un film qui faisait l\u2019\u00e9loge du troisi\u00e8me Reich&#8230; mais on parle d\u2019amour, du bon Dieu, de J\u00e9sus, d\u2019un contexte fran\u00e7ais et historique\u00a0!\u00bb, plaide le cor\u00e9alisateur. De son c\u00f4t\u00e9, sa femme Sabrina \u00e9voque d\u2019autres emb\u00fbches\u00a0: \u00abEn Ari\u00e8ge, derni\u00e8rement, une petite salle a r\u00e9pondu \u201con ne diffuse pas ces films-l\u00e0, c\u2019est extr\u00e9miste\u201d. Des gens s\u2019organisent et font deux heures de route pour aller le voir \u00e0 Toulouse. D\u2019un c\u00f4t\u00e9 il y a la censure, et de l\u2019autre ces petits miracles.\u00bb<\/p>\n<p class=\"fig-paragraph\">Catholique converti,\u00a0<a href=\"http:\/\/www.lefigaro.fr\/cinema\/un-phenomene-qui-echappe-a-la-rationalite-qui-est-steven-gunnell-le-realisateur-du-film-a-succes-sacre-coeur-20251012\" data-fig-type=\"Article\" data-gtm-custom-categorie=\"navigation\" data-gtm-custom-action=\"crossclick\" data-gtm-custom-label=\"Contextuel\" data-gtm-event=\"customEventSPE\" data-fig-domain=\"LEFIGARO\" target=\"_blank\" rel=\"noopener\">Steven Gunnell<\/a>\u00a0assume un propos plus frontal\u00a0: \u00abJe vois bien un engourdissement chez les chr\u00e9tiens\u00a0: ils craignent trop. Il faut qu\u2019on investisse la cit\u00e9. Sortons la croix et montrons-la, comme d\u2019autres montrent leur kippa ou leur djellaba\u00a0!\u00a0\u00bb Et de poursuivre\u00a0: \u00abJe ressens de l\u2019\u00e9c\u0153urement et du d\u00e9go\u00fbt\u2026 Le monde du cin\u00e9ma souffre et ce film est une b\u00e9n\u00e9diction\u00a0: beaucoup de cin\u00e9mas nous le disent. Alors, pourquoi l\u2019emp\u00eacher\u00a0?\u00bb Et d\u2019ajouter\u00a0: \u00abDites-moi\u00a0: combien de films en ce moment font 10.000 entr\u00e9es par jour\u00a0? Tr\u00e8s peu. Je b\u00e9nis et je remercie les musulmans, les juifs et tous ceux qui vont voir le film par solidarit\u00e9&#8230; Ils nous disent merci pour ce pan d\u2019histoire inconnu.\u00bb<\/p>\n<p class=\"fig-paragraph\">Sabrina Gunnell abonde\u00a0: \u00abIl n\u2019y a vraiment que le Christ qui peut unir ainsi dans la diff\u00e9rence, mais\u00a0<a href=\"http:\/\/www.lefigaro.fr\/marseille\/marseille-condamne-pour-des-violences-sur-des-proches-de-sebastien-delogu-un-adjoint-de-benoit-payan-renonce-a-son-poste-20250922\" data-fig-type=\"NewsFlash\" data-gtm-custom-categorie=\"navigation\" data-gtm-custom-action=\"crossclick\" data-gtm-custom-label=\"Contextuel\" data-gtm-event=\"customEventSPE\" data-fig-domain=\"LEFIGARO\" target=\"_blank\" rel=\"noopener\">Beno\u00eet Payan<\/a> \u00a0pr\u00e9f\u00e8re diviser. \u00c0 croire qu\u2019il n\u2019y a pas des probl\u00e8mes plus graves \u00e0 Marseille\u00a0!\u00bb<\/p>\n<p>                                    <a class=\"fig-a11y-skip a11y-hidden\" href=\"#fig-a11y-skip-main-inarticle_mtf\"><br \/>\n        Passer la publicit\u00e9<br \/>\n    <\/a><\/p>\n<p><strong>\u00abDes spectateurs sortaient en col\u00e8re\u00bb<\/strong><\/p>\n<p class=\"fig-paragraph\">Sandrine, spectatrice refoul\u00e9e \u00e0 l\u2019entr\u00e9e du cin\u00e9ma, t\u00e9moigne aupr\u00e8s du Figaro\u00a0: \u00abOn est venus avec mon mari tr\u00e8s en avance, pensant qu\u2019il y aurait du monde. Pas de r\u00e9servation en ligne, donc pas de remboursement. Des spectateurs sortaient en col\u00e8re\u00a0: la directrice leur a dit que la s\u00e9ance \u00e9tait annul\u00e9e, \u00e0 cause d\u2019une demande de la mairie de Marseille \u201cau titre de la la\u00efcit\u00e9\u201d. Il y avait une s\u00e9ance par jour jusqu\u2019au 28 octobre. \u00c0 18 h 40, pour une s\u00e9ance \u00e0 19 h 40, nous avons appris \u00e7a. C\u2019est incroyable de ne pas avoir la libert\u00e9 de voir les films que l\u2019on souhaite&#8230;\u00bb, lance-t-elle, abasourdie.<\/p>\n<p class=\"fig-paragraph\">Dans un communiqu\u00e9 dat\u00e9 du jeudi 23 octobre 2025, la\u00a0<a href=\"http:\/\/www.lefigaro.fr\/marseille\/jo-2024-a-marseille-la-marina-olympique-laisse-un-trou-de-11-millions-dans-les-caisses-de-la-ville-20251003\" data-fig-type=\"NewsFlash\" data-gtm-custom-categorie=\"navigation\" data-gtm-custom-action=\"crossclick\" data-gtm-custom-label=\"Contextuel\" data-gtm-event=\"customEventSPE\" data-fig-domain=\"LEFIGARO\" target=\"_blank\" rel=\"noopener\">Ville de Marseille<\/a>\u00a0\u00abtient \u00e0 clarifier la situation\u00bb\u00a0: la d\u00e9cision de ne pas maintenir la s\u00e9ance \u00abdans un \u00e9quipement municipal\u00bb proc\u00e8de de \u00abl\u2019application absolue de la loi et des jurisprudences constantes en la mati\u00e8re\u00bb ; \u00ables services de la Ville sont strictement tenus d\u2019appliquer la loi de 1905\u00a0: un \u00e9quipement public ne peut accueillir des projections qui, par leur caract\u00e8re ou leur contenu, soient de nature confessionnelle\u00bb.<\/p>\n<p class=\"fig-paragraph\">La municipalit\u00e9 insiste\u00a0: \u00abIl ne s\u2019agit en aucun cas d\u2019une interdiction du film \u201cSacr\u00e9-C\u0153ur\u201d \u00e0 Marseille. Celui-ci est projet\u00e9 dans des cin\u00e9mas, o\u00f9 chacun peut librement aller le voir. Le cin\u00e9ma Path\u00e9 Madeleine en propose une diffusion chaque jour.\u00bb La Ville ajoute que la d\u00e9programmation \u00abn\u2019a rien \u00e0 voir avec une appr\u00e9ciation du film ni une volont\u00e9 de restreindre la libert\u00e9 d\u2019expression ou de cr\u00e9ation\u00bb, mais \u00abr\u00e9pond uniquement \u00e0 une exigence juridique pour toutes les \u0153uvres diffus\u00e9es dans les lieux publics\u00bb, rappelant qu\u2019\u00ab\u00e0 l\u2019instar de la SNCF ou de la RATP\u00bb, d\u2019autres institutions publiques ont d\u00e9j\u00e0 appliqu\u00e9 \u00able principe de la\u00efcit\u00e9\u00bb dans ce dossier.<\/p>\n<p><strong>Une d\u00e9cision <\/strong><strong>\u00abaussi absurde qu\u2019hypocrite\u00bb<\/strong><\/p>\n<p class=\"fig-paragraph\">Une explication qui ne convainc pas tout le monde.\u00a0<a href=\"http:\/\/www.lefigaro.fr\/marseille\/un-coup-enorme-a-faire-avant-les-municipales-a-marseille-ce-diner-qui-a-scelle-l-alliance-entre-stephane-ravier-et-le-rn-franck-allisio-20251007\" data-fig-type=\"NewsFlash\" data-gtm-custom-categorie=\"navigation\" data-gtm-custom-action=\"crossclick\" data-gtm-custom-label=\"Contextuel\" data-gtm-event=\"customEventSPE\" data-fig-domain=\"LEFIGARO\" target=\"_blank\" rel=\"noopener\">Franck Allisio<\/a>, d\u00e9put\u00e9 de la 12e circonscription des\u00a0<a href=\"http:\/\/www.lefigaro.fr\/marseille\/bouches-du-rhone-arcelormittal-envisage-un-redemarrage-au-plus-tot-debut-decembre-pour-l-acierie-de-fos-sur-mer-20251022\" data-fig-type=\"NewsFlash\" data-gtm-custom-categorie=\"navigation\" data-gtm-custom-action=\"crossclick\" data-gtm-custom-label=\"Contextuel\" data-gtm-event=\"customEventSPE\" data-fig-domain=\"LEFIGARO\" target=\"_blank\" rel=\"noopener\">Bouches-du-Rh\u00f4ne<\/a>\u00a0et candidat \u00e0 la mairie de Marseille, d\u00e9nonce une d\u00e9cision \u00abaussi absurde qu\u2019hypocrite\u00bb. \u00abOn brandit la la\u00efcit\u00e9 quand il s\u2019agit du christianisme, mais on la met sous le tapis d\u00e8s qu\u2019il s\u2019agit d\u2019aller faire un discours dans une mosqu\u00e9e\u00bb, confie-t-il au Figaro. Selon lui, cette d\u00e9programmation illustre \u00abun deux poids deux mesures qui indigne de nombreux Marseillais\u00bb. Et de conclure\u00a0: \u00abC\u2019est un signal inqui\u00e9tant pour la libert\u00e9 d\u2019expression \u00e0 Marseille. Il y a des sujets bien plus urgents \u00e0 traiter, comme la colline du crack pr\u00e8s de la gare Saint-Charles. Il faut remettre l\u2019\u00e9glise au centre du village\u00a0! Si je suis \u00e9lu en mars prochain, le film sera diffus\u00e9.\u00bb<\/p>\n<p class=\"fig-paragraph\">Malgr\u00e9 ces controverses, Sacr\u00e9-C\u0153ur continue de trouver son public. Le film, m\u00ealant reconstitution historique et message spirituel, attire chaque jour de nouveaux spectateurs dans les salles qui le diffusent encore, notamment au Path\u00e9 Madeleine \u00e0 Marseille. En trois semaines, il a d\u00e9j\u00e0 s\u00e9duit pr\u00e8s de 200.000 curieux, confirmant qu\u2019au-del\u00e0 des pol\u00e9miques, l\u2019int\u00e9r\u00eat pour ce docu-fiction ne faiblit pas.<\/p>\n","protected":false},"excerpt":{"rendered":"Les r\u00e9alisateurs d\u00e9noncent au Figaro une censure, tandis que des spectateurs refoul\u00e9s t\u00e9moignent de leur incompr\u00e9hension. La Ville&hellip;\n","protected":false},"author":2,"featured_media":485885,"comment_status":"","ping_status":"","sticky":false,"template":"","format":"standard","meta":{"footnotes":""},"categories":[1354],"tags":[6469,58,59,2081,1346,1011,27,884,1360],"class_list":{"0":"post-485884","1":"post","2":"type-post","3":"status-publish","4":"format-standard","5":"has-post-thumbnail","7":"category-films","8":"tag-benoit-payan","9":"tag-divertissement","10":"tag-entertainment","11":"tag-film","12":"tag-films","13":"tag-fr","14":"tag-france","15":"tag-marseille","16":"tag-movies"},"share_on_mastodon":{"url":"https:\/\/pubeurope.com\/@fr\/115427129767785979","error":""},"_links":{"self":[{"href":"https:\/\/www.europesays.com\/fr\/wp-json\/wp\/v2\/posts\/485884","targetHints":{"allow":["GET"]}}],"collection":[{"href":"https:\/\/www.europesays.com\/fr\/wp-json\/wp\/v2\/posts"}],"about":[{"href":"https:\/\/www.europesays.com\/fr\/wp-json\/wp\/v2\/types\/post"}],"author":[{"embeddable":true,"href":"https:\/\/www.europesays.com\/fr\/wp-json\/wp\/v2\/users\/2"}],"replies":[{"embeddable":true,"href":"https:\/\/www.europesays.com\/fr\/wp-json\/wp\/v2\/comments?post=485884"}],"version-history":[{"count":0,"href":"https:\/\/www.europesays.com\/fr\/wp-json\/wp\/v2\/posts\/485884\/revisions"}],"wp:featuredmedia":[{"embeddable":true,"href":"https:\/\/www.europesays.com\/fr\/wp-json\/wp\/v2\/media\/485885"}],"wp:attachment":[{"href":"https:\/\/www.europesays.com\/fr\/wp-json\/wp\/v2\/media?parent=485884"}],"wp:term":[{"taxonomy":"category","embeddable":true,"href":"https:\/\/www.europesays.com\/fr\/wp-json\/wp\/v2\/categories?post=485884"},{"taxonomy":"post_tag","embeddable":true,"href":"https:\/\/www.europesays.com\/fr\/wp-json\/wp\/v2\/tags?post=485884"}],"curies":[{"name":"wp","href":"https:\/\/api.w.org\/{rel}","templated":true}]}}