{"id":485891,"date":"2025-10-24T03:59:11","date_gmt":"2025-10-24T03:59:11","guid":{"rendered":"https:\/\/www.europesays.com\/fr\/485891\/"},"modified":"2025-10-24T03:59:11","modified_gmt":"2025-10-24T03:59:11","slug":"cette-nouvelle-astuce-de-meta-pour-lutter-contre-le-harcelement-en-ligne","status":"publish","type":"post","link":"https:\/\/www.europesays.com\/fr\/485891\/","title":{"rendered":"cette nouvelle astuce de Meta pour lutter contre le harc\u00e8lement en ligne"},"content":{"rendered":"<p data-start=\"0\" data-end=\"483\">\u00c0 la fin de l\u2019ann\u00e9e 2025, WhatsApp a franchi une nouvelle \u00e9tape <a href=\"https:\/\/www.tuxboard.com\/whatsapp-votre-compte-sera-supprime-si-vous-ne-respectez-pas-ces-3-regles\/\" target=\"_blank\" rel=\"noopener\">dans son \u00e9volution<\/a>, en misant sur plus de s\u00e9curit\u00e9, de personnalisation et d\u2019intelligence artificielle. Une nouvelle fonction permet de <a href=\"https:\/\/www.tuxboard.com\/retraite-2025-age-duree-et-pension-evoluent-pour-des-millions-de-francais\/\" target=\"_blank\" rel=\"noopener\">contrer<\/a> le <strong>harc\u00e8lement en ligne.<\/strong><\/p>\n<p>WhatsApp : de nouveaut\u00e9s en nouveaut\u00e9s<\/p>\n<p data-start=\"0\" data-end=\"483\">L\u2019application WhatsApp int\u00e8gre d\u00e9sormais une fonction de \u00ab confidentialit\u00e9 avanc\u00e9e des chats \u00bb. Cela permet donc de bloquer l\u2019exportation des conversations et de limiter certaines fonctions <strong>li\u00e9es \u00e0 l\u2019IA.<\/strong><\/p>\n<p>L\u2019authentification par passkeys, via empreinte digitale <strong>ou reconnaissance faciale<\/strong>, vient renforcer la <a href=\"https:\/\/www.tuxboard.com\/whatsapp-dites-adieu-aux-disputes-avec-cette-fonction-de-genie\/\" target=\"_blank\" rel=\"noopener\">protection des comptes.<\/a> L\u2019intelligence artificielle devient centrale dans l\u2019exp\u00e9rience utilisateur.<\/p>\n<p data-start=\"0\" data-end=\"483\">Meta AI, int\u00e9gr\u00e9e directement dans l\u2019application, peut d\u00e9sormais r\u00e9sumer automatiquement <strong>les longues discussions<\/strong>, proposer une transcription des messages vocaux. Et offrir un acc\u00e8s rapide \u00e0 ses outils depuis un widget d\u00e9di\u00e9.<\/p>\n<p data-start=\"0\" data-end=\"483\">Une fonction de traduction instantan\u00e9e fait aussi son apparition. Les messages peuvent \u00eatre traduits directement <strong>dans la fen\u00eatre<\/strong> de discussion, avec une vingtaine de langues disponibles sur iPhone et une premi\u00e8re <a href=\"https:\/\/www.tuxboard.com\/whatsapp-prepare-les-noms-dutilisateur-reservez-le-votre-pour-securiser-votre-pseudo-et-masquer-votre-numero\/\" target=\"_blank\" rel=\"noopener\">s\u00e9lection sur Android.<\/a><\/p>\n<p>C\u00f4t\u00e9 design, WhatsApp s\u2019offre un important lifting visuel, notamment sur iOS, avec un <strong>effet \u00ab Liquid Glass \u00bb<\/strong> plus fluide et lumineux. Les utilisateurs peuvent aussi cr\u00e9er leurs propres fonds d\u2019\u00e9cran et th\u00e8mes gr\u00e2ce \u00e0 l\u2019intelligence artificielle.<\/p>\n<p data-start=\"1346\" data-end=\"1804\">Sur le plan pratique, il est d\u00e9sormais possible de cr\u00e9er un groupe sans y ajouter <strong>imm\u00e9diatement de membres<\/strong>. Et ce, afin de le configurer <a href=\"https:\/\/www.tuxboard.com\/whatsapp-pourquoi-vous-devez-imperativement-faire-la-mise-a-jour-pour-profiter-de-lia-30092025\/\" target=\"_blank\" rel=\"noopener\">avant de l\u2019activer.<\/a><\/p>\n<p>Des nouveaut\u00e9s pour la fin d\u2019ann\u00e9e<\/p>\n<p data-start=\"1346\" data-end=\"1804\">Les appels vid\u00e9o gagnent en souplesse. On peut zoomer pendant un appel ou inviter <strong>de nouveaux participants<\/strong> sans quitter la discussion.<\/p>\n<p>Les conversations peuvent \u00eatre marqu\u00e9es comme \u00ab favoris \u00bb, et les contacts class\u00e9s <strong>selon leur nature<\/strong> \u2013 personnelle ou professionnelle. Et ce, pour une organisation plus claire.<\/p>\n<p data-start=\"1806\" data-end=\"2050\" data-is-last-node=\"\" data-is-only-node=\"\">Avec ces nouveaut\u00e9s, WhatsApp se d\u00e9finit plus que jamais comme <strong>une plateforme compl\u00e8te<\/strong>, o\u00f9 la s\u00e9curit\u00e9, la fluidit\u00e9 et l\u2019intelligence artificielle fa\u00e7onnent une exp\u00e9rience de messagerie \u00e0 la fois plus intuitive. Mais aussi personnalis\u00e9e et protectrice.<\/p>\n<p data-start=\"1806\" data-end=\"2050\" data-is-last-node=\"\" data-is-only-node=\"\">Et ce ne sont pas les seuls ajustements que Meta a mis en place pour <strong>la fin d\u2019ann\u00e9e<\/strong>. En effet, WhatsApp, la messagerie instantan\u00e9e la plus utilis\u00e9e au monde, poursuit sa croisade contre le spam.<\/p>\n<p>Apr\u00e8s avoir instaur\u00e9 un message d\u2019avertissement lors de la r\u00e9ception d\u2019un message provenant <strong>d\u2019un contact inconnu<\/strong>, l\u2019application souhaite d\u00e9sormais renforcer sa lutte en limitant la capacit\u00e9 d\u2019envoi de certains users. Qu\u2019il s\u2019agisse de particuliers ou d\u2019entreprises.<\/p>\n","protected":false},"excerpt":{"rendered":"\u00c0 la fin de l\u2019ann\u00e9e 2025, WhatsApp a franchi une nouvelle \u00e9tape dans son \u00e9volution, en misant sur&hellip;\n","protected":false},"author":2,"featured_media":485892,"comment_status":"","ping_status":"","sticky":false,"template":"","format":"standard","meta":{"footnotes":""},"categories":[7],"tags":[1011,27,43,40,41,39,42,44,250],"class_list":{"0":"post-485891","1":"post","2":"type-post","3":"status-publish","4":"format-standard","5":"has-post-thumbnail","7":"category-sciences-et-technologies","8":"tag-fr","9":"tag-france","10":"tag-science","11":"tag-science-and-technology","12":"tag-sciences","13":"tag-sciences-et-technologies","14":"tag-technologies","15":"tag-technology","16":"tag-whatsapp"},"share_on_mastodon":{"url":"https:\/\/pubeurope.com\/@fr\/115427145421613942","error":""},"_links":{"self":[{"href":"https:\/\/www.europesays.com\/fr\/wp-json\/wp\/v2\/posts\/485891","targetHints":{"allow":["GET"]}}],"collection":[{"href":"https:\/\/www.europesays.com\/fr\/wp-json\/wp\/v2\/posts"}],"about":[{"href":"https:\/\/www.europesays.com\/fr\/wp-json\/wp\/v2\/types\/post"}],"author":[{"embeddable":true,"href":"https:\/\/www.europesays.com\/fr\/wp-json\/wp\/v2\/users\/2"}],"replies":[{"embeddable":true,"href":"https:\/\/www.europesays.com\/fr\/wp-json\/wp\/v2\/comments?post=485891"}],"version-history":[{"count":0,"href":"https:\/\/www.europesays.com\/fr\/wp-json\/wp\/v2\/posts\/485891\/revisions"}],"wp:featuredmedia":[{"embeddable":true,"href":"https:\/\/www.europesays.com\/fr\/wp-json\/wp\/v2\/media\/485892"}],"wp:attachment":[{"href":"https:\/\/www.europesays.com\/fr\/wp-json\/wp\/v2\/media?parent=485891"}],"wp:term":[{"taxonomy":"category","embeddable":true,"href":"https:\/\/www.europesays.com\/fr\/wp-json\/wp\/v2\/categories?post=485891"},{"taxonomy":"post_tag","embeddable":true,"href":"https:\/\/www.europesays.com\/fr\/wp-json\/wp\/v2\/tags?post=485891"}],"curies":[{"name":"wp","href":"https:\/\/api.w.org\/{rel}","templated":true}]}}