{"id":485897,"date":"2025-10-24T04:02:15","date_gmt":"2025-10-24T04:02:15","guid":{"rendered":"https:\/\/www.europesays.com\/fr\/485897\/"},"modified":"2025-10-24T04:02:15","modified_gmt":"2025-10-24T04:02:15","slug":"tempete-benjamin-un-vacancier-allemand-meurt-en-corse-emporte-par-la-crue-dune-riviere","status":"publish","type":"post","link":"https:\/\/www.europesays.com\/fr\/485897\/","title":{"rendered":"Temp\u00eate Benjamin : un vacancier allemand meurt en Corse, emport\u00e9 par la crue d&rsquo;une rivi\u00e8re"},"content":{"rendered":"<p>A Saint-Malo, plusieurs parcs et plages ferm\u00e9s<\/p>\n<p>Les activit\u00e9s en ext\u00e9rieur organis\u00e9es par la ville de Saint-Malo sont annul\u00e9es, ce jeudi, tout comme les march\u00e9s en ext\u00e9rieur. Les cimeti\u00e8res arbor\u00e9s, parcs et jardins suivants sont maintenus ferm\u00e9s, \u00e0 savoir le Square Jean Lemasson et le jardin des portes Cartier, le Parc Bel Air, le Parc de la Briantais, le Parc des Herbages, le Parc du Pont Toqu\u00e9, le parc des Ch\u00eanes. A noter que le Conservatoire est ferm\u00e9. Les stades seront aussi maintenus ferm\u00e9s. Pendant le passage de la d\u00e9pression \u00ab Benjamin \u00bb, les chantiers seront mis en s\u00e9curit\u00e9. Interdiction aussi de toutes activit\u00e9s de baignade et activit\u00e9s nautiques pratiqu\u00e9es \u00e0 partir du rivage par les engins de plage. Lors de la pleine mer de 21 h 02, la digue de Param\u00e9 et la chauss\u00e9e du Sillon seront ferm\u00e9es.<\/p>\n<p><img decoding=\"async\" src=\"https:\/\/www.europesays.com\/fr\/wp-content\/uploads\/2025\/10\/68f9f8efde88ecafdb061ad1.1.jpeg\" width=\"480\" height=\"300\" class=\"web_golden_m\" loading=\"lazy\" alt=\"Prise depuis la plage du M\u00f4le\"\/> (Virginie Lizion \/ Le T\u00e9l\u00e9gramme)<\/p>\n","protected":false},"excerpt":{"rendered":"A Saint-Malo, plusieurs parcs et plages ferm\u00e9s Les activit\u00e9s en ext\u00e9rieur organis\u00e9es par la ville de Saint-Malo sont&hellip;\n","protected":false},"author":2,"featured_media":485898,"comment_status":"","ping_status":"","sticky":false,"template":"","format":"standard","meta":{"footnotes":""},"categories":[4],"tags":[11,829,2171,765,3321,1011,27,848,2487,3729,12,25,7747],"class_list":{"0":"post-485897","1":"post","2":"type-post","3":"status-publish","4":"format-standard","5":"has-post-thumbnail","7":"category-france","8":"tag-actualites","9":"tag-bretagne","10":"tag-cotes-darmor","11":"tag-en-continu","12":"tag-finistere","13":"tag-fr","14":"tag-france","15":"tag-ille-et-vilaine","16":"tag-meteo","17":"tag-morbihan","18":"tag-news","19":"tag-republique-francaise","20":"tag-tempete"},"share_on_mastodon":{"url":"https:\/\/pubeurope.com\/@fr\/115427157914583188","error":""},"_links":{"self":[{"href":"https:\/\/www.europesays.com\/fr\/wp-json\/wp\/v2\/posts\/485897","targetHints":{"allow":["GET"]}}],"collection":[{"href":"https:\/\/www.europesays.com\/fr\/wp-json\/wp\/v2\/posts"}],"about":[{"href":"https:\/\/www.europesays.com\/fr\/wp-json\/wp\/v2\/types\/post"}],"author":[{"embeddable":true,"href":"https:\/\/www.europesays.com\/fr\/wp-json\/wp\/v2\/users\/2"}],"replies":[{"embeddable":true,"href":"https:\/\/www.europesays.com\/fr\/wp-json\/wp\/v2\/comments?post=485897"}],"version-history":[{"count":0,"href":"https:\/\/www.europesays.com\/fr\/wp-json\/wp\/v2\/posts\/485897\/revisions"}],"wp:featuredmedia":[{"embeddable":true,"href":"https:\/\/www.europesays.com\/fr\/wp-json\/wp\/v2\/media\/485898"}],"wp:attachment":[{"href":"https:\/\/www.europesays.com\/fr\/wp-json\/wp\/v2\/media?parent=485897"}],"wp:term":[{"taxonomy":"category","embeddable":true,"href":"https:\/\/www.europesays.com\/fr\/wp-json\/wp\/v2\/categories?post=485897"},{"taxonomy":"post_tag","embeddable":true,"href":"https:\/\/www.europesays.com\/fr\/wp-json\/wp\/v2\/tags?post=485897"}],"curies":[{"name":"wp","href":"https:\/\/api.w.org\/{rel}","templated":true}]}}