{"id":485901,"date":"2025-10-24T04:04:20","date_gmt":"2025-10-24T04:04:20","guid":{"rendered":"https:\/\/www.europesays.com\/fr\/485901\/"},"modified":"2025-10-24T04:04:20","modified_gmt":"2025-10-24T04:04:20","slug":"loire-a-saint-etienne-une-nouvelle-formation-pour-attirer-des-nageurs-sauveteurs","status":"publish","type":"post","link":"https:\/\/www.europesays.com\/fr\/485901\/","title":{"rendered":"Loire. \u00c0 Saint-\u00c9tienne, une nouvelle formation pour attirer des nageurs sauveteurs"},"content":{"rendered":"<p>L\u2019AFMS (Association pour la formation aux M\u00e9tiers du Sport) install\u00e9e \u00e0 l\u2019Etrat depuis trente ans vient d\u2019ouvrir pour la premi\u00e8re fois sa formation BNSSA (Brevet national de s\u00e9curit\u00e9 et de sauvetage aquatique). Dix-neuf candidats ont r\u00e9pondu \u00e0 l\u2019appel de Christelle Chaux, la responsable de cette initiative. Cette formation vient compl\u00e9ter une offre d\u00e9j\u00e0 solide.<\/p>\n<p>Elle a pour but \u00ab\u00a0d\u2019ouvrir la porte \u00e0 tous les m\u00e9tiers en milieu aquatique, du sauvetage \u00e0 l\u2019enseignement en passant par l\u2019animation\u00a0\u00bb, pr\u00e9cise-t-elle, avant d\u2019ajouter\u00a0: \u00ab\u00a0Cela avec un accompagnement personnalis\u00e9\u00a0\u00bb. Un programme presque \u00ab\u00a0\u00e0 la carte\u00a0\u00bb car le but est bien d\u2019attirer des candidats et surtout de le garder jusqu\u2019au bout du cursus. La finalit\u00e9 \u00e9tant qu\u2019ils r\u00e9ussissent les examens pour entrer dans le grand bain des nageurs sauveteurs puis des ma\u00eetres-nageurs sauveteurs (MNS).<\/p>\n<p>En France, il manque environ 5\u00a0000 ma\u00eetres-nageurs sauveteurs, 600 en r\u00e9gion Rh\u00f4ne-Alpes Auvergne, 58 dans la Loire et 17 en Haute-Loire. Une p\u00e9nurie qui a incit\u00e9 Christelle Chaux \u00e0 ne pas rester les bras crois\u00e9s (ce n\u2019est pas dans sa nature) face \u00e0 cette carence. Samedi 18\u00a0octobre, la premi\u00e8re s\u00e9ance de prise de contact aura lieu \u00e0 la piscine Raymond Sommet \u00e0 Saint-Etienne. Pour ceux qui se d\u00e9cideront plus tard, elle promet qu\u2019il y aura d\u2019autres \u00e9ch\u00e9ances.<\/p>\n<p>  \u00ab\u00a0C\u2019est une chose de savoir nager et une autre de secourir quelqu\u2019un\u00a0\u00bb<\/p>\n<p>Les candidats retenus auront ensuite la possibilit\u00e9 de passer l\u2019examen soit en f\u00e9vrier, soit au mois d\u2019avril. Des stagiaires qui auront la possibilit\u00e9 de b\u00e9n\u00e9ficier d\u2019une formation continue de trois heures par semaine durant l\u2019ann\u00e9e scolaire ou de mettre les bouch\u00e9es doubles avec la version intensive de quinze heures par semaine pendant les vacances scolaires. Le BNSSA permet d\u2019encadrer les activit\u00e9s aquatiques et n\u00e9cessite l\u2019acquisition de notions de secourisme avec le PSE1. <a href=\"https:\/\/www.leprogres.fr\/faits-divers-justice\/2025\/10\/05\/bilan-estival-des-noyades-des-chiffres-encore-trop-eleves\" target=\"_blank\" rel=\"nofollow noopener\">\u00ab\u00a0C\u2019est une chose de savoir nager et une autre de secourir quelqu\u2019un\u00a0\u00bb,<\/a> insiste Christelle Chaux.<\/p>\n<p>Cette formation b\u00e9n\u00e9ficiant d\u2019une aide financi\u00e8re de la R\u00e9gion, les postulants n\u2019auront quasiment rien \u00e0 d\u00e9bourser. Ce BNSSA est le premier pas vers le BEJEPS AAN (Brevet national de s\u00e9curit\u00e9 et de sauvetage aquatique) qui lui permet d\u2019enseigner la natation et des activit\u00e9s comme l\u2019Aquabike ou l\u2019Aquagym par exemple. Dans cette profession en tension de nageur sauveteur, qui a perdu de son attrait au fil des ans, sans doute d\u00fb aux incivilit\u00e9s dans les piscines notamment en p\u00e9riode estivale, le r\u00f4le primordial de la surveillance et de l\u2019apprentissage de la nage demeure pr\u00e9gnant. A <a href=\"https:\/\/www.leprogres.fr\/sante\/2025\/08\/15\/prevention-des-noyades-a-t-on-besoin-d-un-plan-piscine\" target=\"_blank\" rel=\"nofollow noopener\">insi que l\u2019ont rappel\u00e9 cet \u00e9t\u00e9 les champions olympiques Alain Bernard et Florent Manaudou<\/a>.<\/p>\n<p>\u00c0 d\u00e9faut de la programmation de la part de l\u2019\u00c9tat d\u2019un nouveau plan \u00ab\u00a01\u00a0000 piscines\u00a0\u00bb, ces formations ont pour but premier d\u2019assurer une vigilance accrue dans les piscines, plans d\u2019eau et autres endroits o\u00f9 la baignade est autoris\u00e9e pour la pr\u00e9vention des noyades qui constituent une priorit\u00e9 nationale\u00a0\u00bb, conclut Christelle Chaux.<\/p>\n<p class=\"note\">Pour tous renseignements\u00a0: https:\/\/afms-aura.fr\/<\/p>\n","protected":false},"excerpt":{"rendered":"L\u2019AFMS (Association pour la formation aux M\u00e9tiers du Sport) install\u00e9e \u00e0 l\u2019Etrat depuis trente ans vient d\u2019ouvrir pour&hellip;\n","protected":false},"author":2,"featured_media":485902,"comment_status":"","ping_status":"","sticky":false,"template":"","format":"standard","meta":{"footnotes":""},"categories":[9653],"tags":[1111,11,2430,7539,1057,1777,674,5016,1011,27,1757,3367,5216,12,25,4001,7538,104,517,1631],"class_list":{"0":"post-485901","1":"post","2":"type-post","3":"status-publish","4":"format-standard","5":"has-post-thumbnail","7":"category-saint-etienne","8":"tag-actu","9":"tag-actualites","10":"tag-auvergne-rhone-alpes","11":"tag-edition-loire-sud","12":"tag-education","13":"tag-eu","14":"tag-europe","15":"tag-formation-orientation","16":"tag-fr","17":"tag-france","18":"tag-insolite","19":"tag-loire","20":"tag-natation","21":"tag-news","22":"tag-republique-francaise","23":"tag-saint-etienne","24":"tag-saint-etienne-ville","25":"tag-societe","26":"tag-sport","27":"tag-vie-associative"},"share_on_mastodon":{"url":"https:\/\/pubeurope.com\/@fr\/115427165030056207","error":""},"_links":{"self":[{"href":"https:\/\/www.europesays.com\/fr\/wp-json\/wp\/v2\/posts\/485901","targetHints":{"allow":["GET"]}}],"collection":[{"href":"https:\/\/www.europesays.com\/fr\/wp-json\/wp\/v2\/posts"}],"about":[{"href":"https:\/\/www.europesays.com\/fr\/wp-json\/wp\/v2\/types\/post"}],"author":[{"embeddable":true,"href":"https:\/\/www.europesays.com\/fr\/wp-json\/wp\/v2\/users\/2"}],"replies":[{"embeddable":true,"href":"https:\/\/www.europesays.com\/fr\/wp-json\/wp\/v2\/comments?post=485901"}],"version-history":[{"count":0,"href":"https:\/\/www.europesays.com\/fr\/wp-json\/wp\/v2\/posts\/485901\/revisions"}],"wp:featuredmedia":[{"embeddable":true,"href":"https:\/\/www.europesays.com\/fr\/wp-json\/wp\/v2\/media\/485902"}],"wp:attachment":[{"href":"https:\/\/www.europesays.com\/fr\/wp-json\/wp\/v2\/media?parent=485901"}],"wp:term":[{"taxonomy":"category","embeddable":true,"href":"https:\/\/www.europesays.com\/fr\/wp-json\/wp\/v2\/categories?post=485901"},{"taxonomy":"post_tag","embeddable":true,"href":"https:\/\/www.europesays.com\/fr\/wp-json\/wp\/v2\/tags?post=485901"}],"curies":[{"name":"wp","href":"https:\/\/api.w.org\/{rel}","templated":true}]}}