{"id":485903,"date":"2025-10-24T04:05:12","date_gmt":"2025-10-24T04:05:12","guid":{"rendered":"https:\/\/www.europesays.com\/fr\/485903\/"},"modified":"2025-10-24T04:05:12","modified_gmt":"2025-10-24T04:05:12","slug":"pourquoi-elle-est-louee-plus-cher-le-week-end-et-seulement-pour-certaines-associations","status":"publish","type":"post","link":"https:\/\/www.europesays.com\/fr\/485903\/","title":{"rendered":"pourquoi elle est lou\u00e9e plus cher le week-end et seulement pour certaines associations\u00a0?"},"content":{"rendered":"<p>Depuis plusieurs ann\u00e9es d\u00e9j\u00e0, l\u2019association des \u00e9diteurs ind\u00e9pendants (ADEIRAA) organise son salon \u00ab\u00a0Dans la gueule du livre\u00a0\u00bb.<\/p>\n<p>La septi\u00e8me \u00e9dition, qui s\u2019est d\u00e9roul\u00e9e en mars dernier, \u00e0 la Bourse du travail, a r\u00e9uni une trentaine d\u2019\u00e9diteurs ind\u00e9pendants et drain\u00e9 un nombreux public. La structure, qui pr\u00e9pare d\u00e9j\u00e0 le huiti\u00e8me tome de sa manifestation phare, a sollicit\u00e9 la Ville pour la mise \u00e0 disposition de la salle Sacco et Vanzetti, pour les 25 et 26\u00a0avril 2026.<\/p>\n<p>La direction Sports et Vie associative, service charg\u00e9 de la gestion des salles municipales, a confirm\u00e9 \u00e0 l\u2019ADEIRAA, par courrier, la r\u00e9servation de l\u2019\u00e9quipement municipal, situ\u00e9 au sein de la Bourse du travail, aux dates demand\u00e9es.<\/p>\n<p>De 190 \u00e0 819,90\u00a0\u20ac entre\u00a02024&#8230;                        <\/p>\n","protected":false},"excerpt":{"rendered":"Depuis plusieurs ann\u00e9es d\u00e9j\u00e0, l\u2019association des \u00e9diteurs ind\u00e9pendants (ADEIRAA) organise son salon \u00ab\u00a0Dans la gueule du livre\u00a0\u00bb. La&hellip;\n","protected":false},"author":2,"featured_media":485904,"comment_status":"","ping_status":"","sticky":false,"template":"","format":"standard","meta":{"footnotes":""},"categories":[9653],"tags":[1111,11,2430,7539,1777,674,1011,27,12,25,4001,7538,104,1631],"class_list":{"0":"post-485903","1":"post","2":"type-post","3":"status-publish","4":"format-standard","5":"has-post-thumbnail","7":"category-saint-etienne","8":"tag-actu","9":"tag-actualites","10":"tag-auvergne-rhone-alpes","11":"tag-edition-loire-sud","12":"tag-eu","13":"tag-europe","14":"tag-fr","15":"tag-france","16":"tag-news","17":"tag-republique-francaise","18":"tag-saint-etienne","19":"tag-saint-etienne-ville","20":"tag-societe","21":"tag-vie-associative"},"share_on_mastodon":{"url":"https:\/\/pubeurope.com\/@fr\/115427168981756473","error":""},"_links":{"self":[{"href":"https:\/\/www.europesays.com\/fr\/wp-json\/wp\/v2\/posts\/485903","targetHints":{"allow":["GET"]}}],"collection":[{"href":"https:\/\/www.europesays.com\/fr\/wp-json\/wp\/v2\/posts"}],"about":[{"href":"https:\/\/www.europesays.com\/fr\/wp-json\/wp\/v2\/types\/post"}],"author":[{"embeddable":true,"href":"https:\/\/www.europesays.com\/fr\/wp-json\/wp\/v2\/users\/2"}],"replies":[{"embeddable":true,"href":"https:\/\/www.europesays.com\/fr\/wp-json\/wp\/v2\/comments?post=485903"}],"version-history":[{"count":0,"href":"https:\/\/www.europesays.com\/fr\/wp-json\/wp\/v2\/posts\/485903\/revisions"}],"wp:featuredmedia":[{"embeddable":true,"href":"https:\/\/www.europesays.com\/fr\/wp-json\/wp\/v2\/media\/485904"}],"wp:attachment":[{"href":"https:\/\/www.europesays.com\/fr\/wp-json\/wp\/v2\/media?parent=485903"}],"wp:term":[{"taxonomy":"category","embeddable":true,"href":"https:\/\/www.europesays.com\/fr\/wp-json\/wp\/v2\/categories?post=485903"},{"taxonomy":"post_tag","embeddable":true,"href":"https:\/\/www.europesays.com\/fr\/wp-json\/wp\/v2\/tags?post=485903"}],"curies":[{"name":"wp","href":"https:\/\/api.w.org\/{rel}","templated":true}]}}