{"id":485913,"date":"2025-10-24T04:12:14","date_gmt":"2025-10-24T04:12:14","guid":{"rendered":"https:\/\/www.europesays.com\/fr\/485913\/"},"modified":"2025-10-24T04:12:14","modified_gmt":"2025-10-24T04:12:14","slug":"montpellier-connaissez-vous-le-parrainage-republicain","status":"publish","type":"post","link":"https:\/\/www.europesays.com\/fr\/485913\/","title":{"rendered":"Montpellier : connaissez-vous le parrainage r\u00e9publicain\u00a0?"},"content":{"rendered":"<p>            Par<br \/>\n        <strong><br \/>\n            <a href=\"https:\/\/actu.fr\/auteur\/metropoop\" title=\"Consulter tous les articles de R\u00e9daction M\u00e9tropolitain\" rel=\"nofollow noopener\" target=\"_blank\">R\u00e9daction M\u00e9tropolitain<\/a><br \/>\n        <\/strong><\/p>\n<p>        Publi\u00e9 le<\/p>\n<p>            24 oct. 2025 \u00e0 5h14        <\/p>\n<p>Depuis 2023, <strong>la Ville de Montpellier<\/strong> a remis au go\u00fbt du jour <strong>le parrainage r\u00e9publicain<\/strong>. Cette tradition remontant \u00e0 la R\u00e9volution fran\u00e7aise contribue aujourd\u2019hui \u00e0 <strong>sensibiliser l\u2019opinion publique<\/strong> sur <strong>le droit \u00e0 la citoyennet\u00e9 des sans-papiers, des exil\u00e9s et r\u00e9fugi\u00e9s<\/strong> et s\u2019inscrit dans la volont\u00e9 de mettre en place <strong>une autre politique d\u2019immigration et d\u2019accueil<\/strong>.\u00a0Un dispositif \u00e0 la dimension chaleureuse et festive mais aussi politique et m\u00e9diatique puisqu\u2019il s\u2019agit de montrer que les citoyens tiennent \u00e0 ce que le France reste <strong>une terre d\u2019asile<\/strong>.<\/p>\n<p>Une politique de solidarit\u00e9<\/p>\n<p class=\" wall-content\">Montpellier, ville fraternelle et solidaire, est fortement engag\u00e9e dans l\u2019accueil des migrants fuyant les r\u00e9gimes en guerre ou les pers\u00e9cutions, la mis\u00e8re et les effets du changement climatique. Elle d\u00e9ploie une politique de solidarit\u00e9 et d\u2019insertion forte envers les r\u00e9fugi\u00e9s et soutient au quotidien les associations \u0153uvrant pour le secours des personnes en d\u00e9tresse, notamment sur la mer M\u00e9diterran\u00e9e. <a href=\"https:\/\/actu.fr\/occitanie\/montpellier_34172\/montpellier-migrants-metropole-valide-adhesion-lassociation-nationale-villes-territoires_29613918.html\" rel=\"nofollow noopener\" target=\"_blank\">En d\u00e9cembre 2021, la Ville, adh\u00e9rente de l\u2019Association Nationale des Villes et Territoires Accueillants (ANVITA)<\/a>, avait d\u00e9cid\u00e9 de s\u2019associer \u00e0 la d\u00e9marche de parrainage r\u00e9publicain que cette derni\u00e8re coordonne \u00e0 l\u2019occasion de la journ\u00e9e internationale des migrants.<\/p>\n<p class=\" wall-content\">Apr\u00e8s \u00eatre entr\u00e9e dans le dispositif avec le lancement d\u2019un appel \u00e0 candidatures et d\u2019un travail avec les associations partenaires en 2022 et avoir constitu\u00e9 les trin\u00f4mes de marraines et parrains \u00e9lus, soci\u00e9t\u00e9 civile et filleul.es, la Ville de Montpellier organise depuis 2023 \u00e0 l\u2019H\u00f4tel de Ville, une c\u00e9r\u00e9monie de parrainages r\u00e9publicains en d\u00e9cembre, dans le cadre de la journ\u00e9e internationale des personnes migrantes et en pr\u00e9sence des associations locales partenaires du dispositif.<\/p>\n<p>Appel \u00e0 volontaires<\/p>\n<p class=\" wall-content\">Pour cette ann\u00e9e 2025, Montpellier lance d\u00e8s \u00e0 pr\u00e9sent et jusqu\u2019au 21 novembre 2025, un appel \u00e0 volontaires aupr\u00e8s de l\u2019ensemble de la population montpelli\u00e9raine souhaitant rejoindre cette d\u00e9marche. Les \u00e9lus de la Ville participeront \u00e0 ce dispositif, comme les b\u00e9n\u00e9voles des associations locales partenaires mobilis\u00e9es aupr\u00e8s des migrants.\u00a0<\/p>\n<p>Vid\u00e9os : en ce moment sur Actu<\/p>\n<p class=\" wall-content\">Une premi\u00e8re rencontre entre les futurs marraines et parrains et personnes parrain\u00e9es se tiendra le jeudi 27 novembre \u00e0 18h \u00e0 la Maison des Relations Internationales tandis que la c\u00e9r\u00e9monie de parraine r\u00e9publicain se d\u00e9roulera le mercredi 17 d\u00e9cembre en soir\u00e9e en salle du conseil municipal \u00e0 l\u2019H\u00f4tel de Ville \u00e0 l\u2019occasion de la Journ\u00e9e internationale des personnes migrantes.<\/p>\n<p>Pour candidater une adresse mail d\u00e9di\u00e9e a \u00e9t\u00e9 cr\u00e9\u00e9e : <a href=\"http:\/\/actu.fr\/cdn-cgi\/l\/email-protection#aedecfdcdccfc7c0cfc9cbdddccbdedbccc2c7cdcfc7c0ddeec3c1c0dadecbc2c2c7cbdc80c8dc\" rel=\"nofollow noopener\" target=\"_blank\">[email\u00a0protected]<\/a>. Via ce mail, il s\u2019agira simplement d\u2019exprimer son souhait de parrainer et d\u2019indiquer son nom, pr\u00e9nom, adresse et num\u00e9ro de t\u00e9l\u00e9phone.\u00a0<\/p>\n<p class=\" wall-content\">Personnalisez votre actualit\u00e9 en ajoutant vos villes et m\u00e9dias en favori avec <a href=\"https:\/\/moncompte.actu.fr\" title=\"D\u00e9couvez Mon Actu\" rel=\"nofollow noopener\" data-trk=\"{&quot;cta&quot;:{&quot;action&quot;:&quot;https:\\\/\\\/moncompte.actu.fr&quot;,&quot;category&quot;:&quot;mon compte&quot;,&quot;from&quot;:&quot;article footer&quot;,&quot;name&quot;:&quot;Mon actu&quot;,&quot;type&quot;:&quot;cta&quot;}}\" target=\"_blank\">Mon Actu<\/a>.<\/p>\n","protected":false},"excerpt":{"rendered":"Par R\u00e9daction M\u00e9tropolitain Publi\u00e9 le 24 oct. 2025 \u00e0 5h14 Depuis 2023, la Ville de Montpellier a remis&hellip;\n","protected":false},"author":2,"featured_media":485914,"comment_status":"","ping_status":"","sticky":false,"template":"","format":"standard","meta":{"footnotes":""},"categories":[9599],"tags":[1111,11,1777,674,1011,27,2487,2208,12,2680,25],"class_list":{"0":"post-485913","1":"post","2":"type-post","3":"status-publish","4":"format-standard","5":"has-post-thumbnail","7":"category-montpellier","8":"tag-actu","9":"tag-actualites","10":"tag-eu","11":"tag-europe","12":"tag-fr","13":"tag-france","14":"tag-meteo","15":"tag-montpellier","16":"tag-news","17":"tag-occitanie","18":"tag-republique-francaise"},"share_on_mastodon":{"url":"https:\/\/pubeurope.com\/@fr\/115427196465046254","error":""},"_links":{"self":[{"href":"https:\/\/www.europesays.com\/fr\/wp-json\/wp\/v2\/posts\/485913","targetHints":{"allow":["GET"]}}],"collection":[{"href":"https:\/\/www.europesays.com\/fr\/wp-json\/wp\/v2\/posts"}],"about":[{"href":"https:\/\/www.europesays.com\/fr\/wp-json\/wp\/v2\/types\/post"}],"author":[{"embeddable":true,"href":"https:\/\/www.europesays.com\/fr\/wp-json\/wp\/v2\/users\/2"}],"replies":[{"embeddable":true,"href":"https:\/\/www.europesays.com\/fr\/wp-json\/wp\/v2\/comments?post=485913"}],"version-history":[{"count":0,"href":"https:\/\/www.europesays.com\/fr\/wp-json\/wp\/v2\/posts\/485913\/revisions"}],"wp:featuredmedia":[{"embeddable":true,"href":"https:\/\/www.europesays.com\/fr\/wp-json\/wp\/v2\/media\/485914"}],"wp:attachment":[{"href":"https:\/\/www.europesays.com\/fr\/wp-json\/wp\/v2\/media?parent=485913"}],"wp:term":[{"taxonomy":"category","embeddable":true,"href":"https:\/\/www.europesays.com\/fr\/wp-json\/wp\/v2\/categories?post=485913"},{"taxonomy":"post_tag","embeddable":true,"href":"https:\/\/www.europesays.com\/fr\/wp-json\/wp\/v2\/tags?post=485913"}],"curies":[{"name":"wp","href":"https:\/\/api.w.org\/{rel}","templated":true}]}}