{"id":485915,"date":"2025-10-24T04:14:28","date_gmt":"2025-10-24T04:14:28","guid":{"rendered":"https:\/\/www.europesays.com\/fr\/485915\/"},"modified":"2025-10-24T04:14:28","modified_gmt":"2025-10-24T04:14:28","slug":"limpressionnant-craquage-de-fumigenes-lors-du-derby-caen-rouen","status":"publish","type":"post","link":"https:\/\/www.europesays.com\/fr\/485915\/","title":{"rendered":"l\u2019impressionnant craquage de fumig\u00e8nes lors du derby Caen-Rouen"},"content":{"rendered":"<p>De quoi marquer les esprits\u2026 avant de grosses sanctions. En cl\u00f4ture de la onzi\u00e8me journ\u00e9e du championnat National, le Stade Malherbe de Caen recevait le leader, le Football Club de Rouen 1899, pour un derby normand des plus attendus au stade Michel-d&rsquo;Ornano ce mardi soir. \u00c0 l&rsquo;issue d&rsquo;une rencontre \u00e9lectrique et pleine de rebondissements, les deux \u00e9quipes se sont finalement quitt\u00e9es sur un match nul un but partout. Avant de voir leurs \u00e9quipes terminer le match \u00e0 dix contre dix, les 17 128 spectateurs pr\u00e9sents au Stade Michel-d&rsquo;Ornano &#8211; un record d&rsquo;affluence cette saison &#8211; ont mis le feu dans les tribunes.\u00a0<\/p>\n<p>Une ambiance des grands soirs, la FFF va s\u00e9vir<\/p>\n<p>D\u00e8s l\u2019entr\u00e9e des joueurs sur la pelouse, le Malherbe Normandy Kop a d\u00e9cid\u00e9 d\u2019allumer une flop\u00e9e de fumig\u00e8nes. Les supporters du FC Rouen ont \u00e9galement craqu\u00e9 les leurs, offrant de superbes images en plus des jeux de lumi\u00e8res habituels de l\u2019antre du SMC. Une belle rencontre, sans d\u00e9bordement, et donc sans victoire pour les deux camps. Un spectacle qui ne devrait toutefois pas faire plaisir \u00e0 la F\u00e9d\u00e9ration Fran\u00e7aise de Football (FFF), dont la Commission de Discipline devrait rapidement se saisir des images pour sanctionner les groupes de supporters.\u00a0<\/p>\n<blockquote class=\"twitter-tweet\" data-media-max-width=\"560\">\n<p dir=\"ltr\" lang=\"fr\">Tr\u00e8s grosse ambiance au coup d&rsquo;envoi du derby Caen-Rouen \ud83d\udd25 <a href=\"https:\/\/t.co\/bz7zFPOz9h\" rel=\"nofollow\">pic.twitter.com\/bz7zFPOz9h<\/a><\/p>\n<p>\u2014 Sportacaen.fr (@sportacaen) <a href=\"https:\/\/twitter.com\/sportacaen\/status\/1980697084274843868?ref_src=twsrc%5Etfw\" rel=\"nofollow noopener\" target=\"_blank\">October 21, 2025<\/a><\/p>\n<\/blockquote>\n<blockquote class=\"twitter-tweet\">\n<p dir=\"ltr\" lang=\"fr\">\u26bd\ufe0f Caen &#8211; Rouen<br \/>\ud83d\udce2 Le craquage du Malherbe Normandy Kop !<br \/>\ud83d\udcc6 Mardi 21 octobre 2025<br \/>\ud83d\udcf8 <a href=\"https:\/\/t.co\/CsnqTJzqba\" rel=\"nofollow\">https:\/\/t.co\/CsnqTJzqba<\/a><a href=\"https:\/\/twitter.com\/hashtag\/SMCFCR?src=hash&amp;ref_src=twsrc%5Etfw\" rel=\"nofollow noopener\" target=\"_blank\">#SMCFCR<\/a> <a href=\"https:\/\/t.co\/qjaUCLBfpk\" rel=\"nofollow\">pic.twitter.com\/qjaUCLBfpk<\/a><\/p>\n<p>\u2014 Ultras Made in France (@UltrasMadeinFR) <a href=\"https:\/\/twitter.com\/UltrasMadeinFR\/status\/1980901220815642675?ref_src=twsrc%5Etfw\" rel=\"nofollow noopener\" target=\"_blank\">October 22, 2025<\/a><\/p>\n<\/blockquote>\n<blockquote class=\"twitter-tweet\" data-media-max-width=\"560\">\n<p dir=\"ltr\" lang=\"fr\">\u26bd\ufe0f Caen &#8211; Rouen<br \/>\ud83d\udce2 La puissance vocale du parcage rouennais !<br \/>\ud83d\udcc6 Mardi 21 octobre 2025<br \/>\ud83c\udfa5 <a href=\"https:\/\/twitter.com\/ThauvinhoV?ref_src=twsrc%5Etfw\" rel=\"nofollow noopener\" target=\"_blank\">@ThauvinhoV<\/a> <a href=\"https:\/\/twitter.com\/hashtag\/SMCFCR?src=hash&amp;ref_src=twsrc%5Etfw\" rel=\"nofollow noopener\" target=\"_blank\">#SMCFCR<\/a> <a href=\"https:\/\/t.co\/4PM4Vxw4gA\" rel=\"nofollow\">pic.twitter.com\/4PM4Vxw4gA<\/a><\/p>\n<p>\u2014 Ultras Made in France (@UltrasMadeinFR) <a href=\"https:\/\/twitter.com\/UltrasMadeinFR\/status\/1980880937408950498?ref_src=twsrc%5Etfw\" rel=\"nofollow noopener\" target=\"_blank\">October 22, 2025<\/a><\/p>\n<\/blockquote>\n<p>Partagez cette info avec vos amis et vos proches en cliquant ici<br \/>Pour r\u00e9sumer<\/p>\n<p>De quoi marquer les esprits\u2026 avant de grosses sanctions. En cl\u00f4ture de la onzi\u00e8me journ\u00e9e du championnat National, le Stade Malherbe de Caen recevait le leader, le Football Club de Rouen 1899, pour un derby normand des plus attendus au stade Michel-d&rsquo;Ornano ce mardi soir.<\/p>\n<p> <img decoding=\"async\" width=\"76\" height=\"76\" loading=\"lazy\" src=\"https:\/\/static.wui.fr\/images_v3\/avatar-footnational.png\" alt=\"Youcef Ghalaza-Boudra\"\/><script async src=\"https:\/\/platform.twitter.com\/widgets.js\" charset=\"utf-8\"><\/script><\/p>\n","protected":false},"excerpt":{"rendered":"De quoi marquer les esprits\u2026 avant de grosses sanctions. En cl\u00f4ture de la onzi\u00e8me journ\u00e9e du championnat National,&hellip;\n","protected":false},"author":2,"featured_media":485916,"comment_status":"","ping_status":"","sticky":false,"template":"","format":"standard","meta":{"footnotes":""},"categories":[9587],"tags":[1111,11,1777,674,1011,27,59645,12,5161,25,9590],"class_list":{"0":"post-485915","1":"post","2":"type-post","3":"status-publish","4":"format-standard","5":"has-post-thumbnail","7":"category-rouen","8":"tag-actu","9":"tag-actualites","10":"tag-eu","11":"tag-europe","12":"tag-fr","13":"tag-france","14":"tag-national-actus","15":"tag-news","16":"tag-normandie","17":"tag-republique-francaise","18":"tag-rouen"},"share_on_mastodon":{"url":"https:\/\/pubeurope.com\/@fr\/115427204829078019","error":""},"_links":{"self":[{"href":"https:\/\/www.europesays.com\/fr\/wp-json\/wp\/v2\/posts\/485915","targetHints":{"allow":["GET"]}}],"collection":[{"href":"https:\/\/www.europesays.com\/fr\/wp-json\/wp\/v2\/posts"}],"about":[{"href":"https:\/\/www.europesays.com\/fr\/wp-json\/wp\/v2\/types\/post"}],"author":[{"embeddable":true,"href":"https:\/\/www.europesays.com\/fr\/wp-json\/wp\/v2\/users\/2"}],"replies":[{"embeddable":true,"href":"https:\/\/www.europesays.com\/fr\/wp-json\/wp\/v2\/comments?post=485915"}],"version-history":[{"count":0,"href":"https:\/\/www.europesays.com\/fr\/wp-json\/wp\/v2\/posts\/485915\/revisions"}],"wp:featuredmedia":[{"embeddable":true,"href":"https:\/\/www.europesays.com\/fr\/wp-json\/wp\/v2\/media\/485916"}],"wp:attachment":[{"href":"https:\/\/www.europesays.com\/fr\/wp-json\/wp\/v2\/media?parent=485915"}],"wp:term":[{"taxonomy":"category","embeddable":true,"href":"https:\/\/www.europesays.com\/fr\/wp-json\/wp\/v2\/categories?post=485915"},{"taxonomy":"post_tag","embeddable":true,"href":"https:\/\/www.europesays.com\/fr\/wp-json\/wp\/v2\/tags?post=485915"}],"curies":[{"name":"wp","href":"https:\/\/api.w.org\/{rel}","templated":true}]}}