{"id":485919,"date":"2025-10-24T04:17:10","date_gmt":"2025-10-24T04:17:10","guid":{"rendered":"https:\/\/www.europesays.com\/fr\/485919\/"},"modified":"2025-10-24T04:17:10","modified_gmt":"2025-10-24T04:17:10","slug":"que-faire-a-rennes-ce-week-end-du-25-octobre-au-26-octobre-2025","status":"publish","type":"post","link":"https:\/\/www.europesays.com\/fr\/485919\/","title":{"rendered":"Que faire \u00e0 Rennes ce week-end du 25 octobre au 26 octobre 2025 ?"},"content":{"rendered":"<p>Sortir \u00e0 Rennes le samedi 25 octobre<a href=\"https:\/\/www.letelegramme.fr\/api\/gotourl\/bevt\/2769802\/\" target=\"_blank\" rel=\"noopener\"><br \/>\n        Angie Degrolard &#8211; Je repp<br \/>\n        <\/a><\/p>\n<p>\n        Qui n\u2019a jamais tr\u00e9buch\u00e9 sur les mots ou vu sa parole s\u2019emm\u00ealer dans un moment crucial ? Ces lourchage de fangue, Angie Degrolard en fait un art \u00e0 part enti\u00e8re. Un talent confirm\u00e9 par quinze prix en quatorze concours d\u2019humour, dont le Grand prix du Festival national des humoristes de Tournon-sur-Rh\u00f4ne et une nomination aux Auguste de l\u2019humour 2025, dans la cat\u00e9gorie r\u00e9v\u00e9lation sc\u00e8ne de l\u2019ann\u00e9e.\n        <\/p>\n<p><a href=\"https:\/\/www.letelegramme.fr\/api\/gotourl\/bevt\/2910682\/\" target=\"_blank\" rel=\"noopener\"><br \/>\n        Exposition\u00a0: \u00ab\u00a0L\u2019homme qui vole\u00a0\u00bb, mobile d\u2019Herv\u00e9 Walbecq<br \/>\n        <\/a><\/p>\n<p>\n        En \u00e9cho au Poisson qui vivait dans les arbres, Herv\u00e9 Walbecq revient avec ce mobile XXL install\u00e9 sous le puits de lumi\u00e8re du hall du Triangle. Avec cette immersion po\u00e9tique et d\u00e9cal\u00e9e dans l\u2019espace, c\u2019est un bestiaire tout droit sorti des souvenirs d\u2019Herv\u00e9 qui s\u2019articule devant les yeux des visiteurs.\n        <\/p>\n<p><a href=\"https:\/\/www.letelegramme.fr\/api\/gotourl\/bevt\/3017464\/\" target=\"_blank\" rel=\"noopener\"><br \/>\n        Exposition de Carole Rivalin\u00a0: \u00ab\u00a0TuTTi fruTTi\u00a0\u00bb<br \/>\n        <\/a><\/p>\n<p>\n        Nouvelle exposition o\u00f9 elle s\u2019\u00e9loigne des \u0153uvres sur papier et des interventions murales pour s\u2019aventurer dans des compositions plus proches du tableau.\n        <\/p>\n<p><a href=\"https:\/\/www.letelegramme.fr\/api\/gotourl\/bevt\/3047980\/\" target=\"_blank\" rel=\"noopener\"><br \/>\n        Exposition\u00a0: Faire corps<br \/>\n        <\/a><\/p>\n<p>\n        Dans le cadre du festival Glaz, rencontres internationales de la photographie de Rennes, dont l\u2019\u00e9dition 2025 explore les liens entre actes d\u2019amour et de r\u00e9bellion, L\u2019Imagerie centre d\u2019art et de photographie \u00e0 Lannion, s\u2019associe au Frac Bretagne pour une exposition construite \u00e0 partir de leurs collections photographiques. Cette proposition r\u00e9unit des \u0153uvres de 17 artistes de diff\u00e9rentes nationalit\u00e9s qui interrogent les mani\u00e8res de se relier les uns aux autres.\n        <\/p>\n<p><a href=\"https:\/\/www.letelegramme.fr\/api\/gotourl\/bevt\/3042058\/\" target=\"_blank\" rel=\"noopener\"><br \/>\n        Exposition\u00a0: Elles &#8211; Leurs droits, notre histoire<br \/>\n        <\/a><\/p>\n<p>\n        Pour plonger dans le quotidien des Bretilliennes, du XIXe si\u00e8cle \u00e0 nos jours. \u00ab Elles. Leurs droits, notre histoire. Les Bretilliennes s\u2019\u00e9mancipent (XIX-XXe si\u00e8cles) \u00bb retrace l\u2019histoire de l\u2019\u00e9mancipation f\u00e9minine et l\u2019impact que la conqu\u00eate des droits a eu sur le quotidien des femmes d\u2019Ille-et-Vilaine. Fermeture le premier lundi de chaque mois et jours f\u00e9ri\u00e9s. Ouverture exceptionnelle : dimanche 26 octobre, dimanche 30 novembre, dimanches 1er f\u00e9vrier et 8 mars 2026 de 14 h 30 \u00e0 18 h.\n        <\/p>\n<p>L&rsquo;agenda des loisirs<\/p>\n<p class=\"moveInBrittany__text\" style=\"color:#fff\">\n            Festivals, expositions, visites, conf\u00e9rences, &#8230;\n          <\/p>\n<p>Sortir \u00e0 Rennes le dimanche 26 octobre<a href=\"https:\/\/www.letelegramme.fr\/api\/gotourl\/bevt\/3051172\/\" target=\"_blank\" rel=\"noopener\"><br \/>\n        Exposition Jurastic\u00a0: un voyage dans l\u2019histoire de l\u2019informatique<br \/>\n        <\/a><\/p>\n<p>\n        Propos\u00e9es \u00e0 l\u2019occasion du cinquantenaire de l\u2019Institut de recherche en informatique et syst\u00e8mes al\u00e9atoires, cette exposition et ses animations rendront nostalgiques les adultes, tandis qu\u2019elles feront d\u00e9couvrir un autre monde aux plus jeunes. L\u2019occasion de d\u00e9couvrir le r\u00f4le des chercheurs de l\u2019un des plus grands et plus anciens laboratoires de France depuis 1975.\n        <\/p>\n<p><a href=\"https:\/\/www.letelegramme.fr\/api\/gotourl\/bevt\/3068730\/\" target=\"_blank\" rel=\"noopener\"><br \/>\n        Stunfest 2025<br \/>\n        <\/a><\/p>\n<p>\n        Festival associatif des cultures du jeu vid\u00e9o organis\u00e9 par 3 Hit Combo pour faire vivre au public des exp\u00e9riences in\u00e9dites avec des jeux vid\u00e9o r\u00e9tro et d\u2019arcade, des jeux vid\u00e9o ind\u00e9pendants, des tournois d\u2019e-sport, des animations, des conf\u00e9rences, du speedrun, des concerts.\n        <\/p>\n<p><\/p>\n","protected":false},"excerpt":{"rendered":"Sortir \u00e0 Rennes le samedi 25 octobre Angie Degrolard &#8211; Je repp Qui n\u2019a jamais tr\u00e9buch\u00e9 sur les&hellip;\n","protected":false},"author":2,"featured_media":6963,"comment_status":"","ping_status":"","sticky":false,"template":"","format":"standard","meta":{"footnotes":""},"categories":[2821],"tags":[1111,11,829,1777,674,1011,27,12,3907,584,25],"class_list":{"0":"post-485919","1":"post","2":"type-post","3":"status-publish","4":"format-standard","5":"has-post-thumbnail","7":"category-rennes","8":"tag-actu","9":"tag-actualites","10":"tag-bretagne","11":"tag-eu","12":"tag-europe","13":"tag-fr","14":"tag-france","15":"tag-news","16":"tag-que-faire","17":"tag-rennes","18":"tag-republique-francaise"},"share_on_mastodon":{"url":"https:\/\/pubeurope.com\/@fr\/115427216215664135","error":""},"_links":{"self":[{"href":"https:\/\/www.europesays.com\/fr\/wp-json\/wp\/v2\/posts\/485919","targetHints":{"allow":["GET"]}}],"collection":[{"href":"https:\/\/www.europesays.com\/fr\/wp-json\/wp\/v2\/posts"}],"about":[{"href":"https:\/\/www.europesays.com\/fr\/wp-json\/wp\/v2\/types\/post"}],"author":[{"embeddable":true,"href":"https:\/\/www.europesays.com\/fr\/wp-json\/wp\/v2\/users\/2"}],"replies":[{"embeddable":true,"href":"https:\/\/www.europesays.com\/fr\/wp-json\/wp\/v2\/comments?post=485919"}],"version-history":[{"count":0,"href":"https:\/\/www.europesays.com\/fr\/wp-json\/wp\/v2\/posts\/485919\/revisions"}],"wp:featuredmedia":[{"embeddable":true,"href":"https:\/\/www.europesays.com\/fr\/wp-json\/wp\/v2\/media\/6963"}],"wp:attachment":[{"href":"https:\/\/www.europesays.com\/fr\/wp-json\/wp\/v2\/media?parent=485919"}],"wp:term":[{"taxonomy":"category","embeddable":true,"href":"https:\/\/www.europesays.com\/fr\/wp-json\/wp\/v2\/categories?post=485919"},{"taxonomy":"post_tag","embeddable":true,"href":"https:\/\/www.europesays.com\/fr\/wp-json\/wp\/v2\/tags?post=485919"}],"curies":[{"name":"wp","href":"https:\/\/api.w.org\/{rel}","templated":true}]}}