{"id":485920,"date":"2025-10-24T04:18:12","date_gmt":"2025-10-24T04:18:12","guid":{"rendered":"https:\/\/www.europesays.com\/fr\/485920\/"},"modified":"2025-10-24T04:18:12","modified_gmt":"2025-10-24T04:18:12","slug":"je-nai-plus-rien-pres-de-rennes-leurs-commerces-ont-ete-ravages-par-un-terrible-incendie","status":"publish","type":"post","link":"https:\/\/www.europesays.com\/fr\/485920\/","title":{"rendered":"\u00ab\u00a0Je n\u2019ai plus rien\u00a0\u00bb\u00a0: pr\u00e8s de Rennes, leurs commerces ont \u00e9t\u00e9 ravag\u00e9s par un terrible incendie"},"content":{"rendered":"<p>En cette fin d\u2019apr\u00e8s-midi, le g\u00e9rant du restaurant, Damien Soulard, est de retour dans la salle. \u00ab On n\u2019a pas envie d\u2019\u00eatre l\u00e0 quand on voit l\u2019\u00e9tat \u00bb, souffle le restaurateur, qui a repris l\u2019\u00e9tablissement un mois pile avant cet incendie. Avec lui, un \u00e9lectricien, dont le premier travail sera d\u2019estimer si le courant peut \u00eatre r\u00e9tabli dans les locaux. \u00ab On en d\u00e9couvre tous les jours, se d\u00e9sole Damien Soulard. On n\u2019a pas \u00e9t\u00e9 touch\u00e9 par les flammes, mais avec la suie qui s\u2019est infiltr\u00e9e partout et la chaleur, on va devoir changer au moins tous les plafonds, la laine de verre et les sols. On ne sait pas quand on pourra rouvrir, on attend les expertises. En attendant, j\u2019ai trois salari\u00e9s au ch\u00f4mage technique \u00bb.<\/p>\n<p><img decoding=\"async\" src=\"https:\/\/www.europesays.com\/fr\/wp-content\/uploads\/2025\/10\/68fa3cd9a8f825cd40095ce8.1.jpeg\" width=\"480\" height=\"300\" class=\"web_golden_m\" loading=\"lazy\" alt=\"La suie recouvre encore les tables du restaurant La Bulle.\"\/>La suie recouvre encore les tables du restaurant La Bulle. (Photo Le T\u00e9l\u00e9gramme\/Romain Leroux)\u00ab Les larmes coulent souvent \u00bb<\/p>\n<p>Parti d\u2019une friteuse dans la boucherie, le feu n\u2019a pas fait de victime. Mais laiss\u00e9 une soixantaine de personnes qui travaillaient dans les huit cellules commerciales de la galerie au ch\u00f4mage technique. V\u00e9ronique Gar\u00e7on, esth\u00e9ticienne au sein de l\u2019Institut D\u00e9lices des sens, fait partie de ces commer\u00e7ants. Encore sonn\u00e9e, elle avoue \u00ab accuser le coup \u00bb aujourd\u2019hui. \u00ab Les larmes coulent souvent. Je suis propri\u00e9taire des murs de mon local et g\u00e9rante de l\u2019entreprise. Cela fait 18 ans que je suis \u00e0 mon compte et aujourd\u2019hui, je n\u2019ai plus rien \u00bb.<\/p>\n<p>Si les flammes n\u2019ont pas d\u00e9truit son \u00e9tablissement, \u00ab il a \u00e9t\u00e9 touch\u00e9 par la suie, les fum\u00e9es toxiques et la chaleur extr\u00eame de l\u2019incendie. Tout mon mat\u00e9riel, mes fauteuils et le mobilier sont \u00e0 jeter. Je vais devoir repartir de z\u00e9ro, si je repars. Aujourd\u2019hui, je paie toujours mes charges, mais je ne touche plus rien. Depuis deux semaines, on ne fait que des devis, des inventaires, on appelle sans arr\u00eat les banques, les assurances. Je passe des nuits blanches, c\u2019est angoissant \u00bb. Elle aussi attend les r\u00e9sultats des expertises qui devront d\u00e9terminer l\u2019\u00e9tat de la structure de la galerie commerciale.<\/p>\n<p>\u00ab Il y a moins de vie dans le bourg \u00bb<\/p>\n<p>Juste \u00e0 c\u00f4t\u00e9 de la brasserie, c\u2019est l\u2019effervescence dans le salon de coiffure L\u2019atelier des coiffeurs. Camille Le Clainche, la co-g\u00e9rante, charge des fauteuils dans un utilitaire avec une de ses coll\u00e8gues. \u00ab On a pu sauver un peu de mat\u00e9riel. On les emm\u00e8ne dans notre salon situ\u00e9 \u00e0 une centaine de m\u00e8tres. On ne se plaint pas, on a d\u2019autres salons et on n\u2019a donc pas encore de ch\u00f4mage technique. \u00bb Pourtant, elle le note, depuis cet incendie, \u00ab il y a moins de vie dans le bourg, la galerie \u00e9tait un poumon \u00e9conomique du bourg. On a not\u00e9 le week-end dernier qu\u2019il y avait moins de monde. Tous les clients nous en parlent, c\u2019est une catastrophe pour Pac\u00e9. \u00bb<\/p>\n<p><img decoding=\"async\" src=\"https:\/\/www.europesays.com\/fr\/wp-content\/uploads\/2025\/10\/68fa3cd9188327fa23099190.1.jpeg\" width=\"480\" height=\"300\" class=\"web_golden_m\" loading=\"lazy\" alt=\"La charpente de la galerie commerciale Saint-Melaine a \u00e9t\u00e9 en partie d\u00e9truite par les flammes le 8\u00a0octobre.\"\/>La charpente de la galerie commerciale Saint-Melaine a \u00e9t\u00e9 en partie d\u00e9truite par les flammes le 8\u00a0octobre. (Le T\u00e9l\u00e9gramme \/ Romain Leroux)<\/p>\n<p>En attendant les r\u00e9parations, des pr\u00e9fabriqu\u00e9s pourraient \u00eatre install\u00e9s pour accueillir la pharmacie et le salon d\u2019esth\u00e9tique. \u00ab Ce ne sera pas possible pour ceux qui ont des contraintes de froid et de cuisson \u00bb, explique le maire de Pac\u00e9, Herv\u00e9 Despouez. \u00ab Pour \u00e7a, il faut d\u2019abord que les assurances donnent leur feu vert, pond\u00e8re V\u00e9ronique Gar\u00e7on, du salon d\u2019esth\u00e9tique. On est dans l\u2019attente, et plus le temps passe, plus on a peur \u00bb.<\/p>\n","protected":false},"excerpt":{"rendered":"En cette fin d\u2019apr\u00e8s-midi, le g\u00e9rant du restaurant, Damien Soulard, est de retour dans la salle. \u00ab On&hellip;\n","protected":false},"author":2,"featured_media":485921,"comment_status":"","ping_status":"","sticky":false,"template":"","format":"standard","meta":{"footnotes":""},"categories":[2821],"tags":[1111,11,829,1777,674,1011,27,848,12,584,25],"class_list":{"0":"post-485920","1":"post","2":"type-post","3":"status-publish","4":"format-standard","5":"has-post-thumbnail","7":"category-rennes","8":"tag-actu","9":"tag-actualites","10":"tag-bretagne","11":"tag-eu","12":"tag-europe","13":"tag-fr","14":"tag-france","15":"tag-ille-et-vilaine","16":"tag-news","17":"tag-rennes","18":"tag-republique-francaise"},"share_on_mastodon":{"url":"https:\/\/pubeurope.com\/@fr\/115427221673086906","error":""},"_links":{"self":[{"href":"https:\/\/www.europesays.com\/fr\/wp-json\/wp\/v2\/posts\/485920","targetHints":{"allow":["GET"]}}],"collection":[{"href":"https:\/\/www.europesays.com\/fr\/wp-json\/wp\/v2\/posts"}],"about":[{"href":"https:\/\/www.europesays.com\/fr\/wp-json\/wp\/v2\/types\/post"}],"author":[{"embeddable":true,"href":"https:\/\/www.europesays.com\/fr\/wp-json\/wp\/v2\/users\/2"}],"replies":[{"embeddable":true,"href":"https:\/\/www.europesays.com\/fr\/wp-json\/wp\/v2\/comments?post=485920"}],"version-history":[{"count":0,"href":"https:\/\/www.europesays.com\/fr\/wp-json\/wp\/v2\/posts\/485920\/revisions"}],"wp:featuredmedia":[{"embeddable":true,"href":"https:\/\/www.europesays.com\/fr\/wp-json\/wp\/v2\/media\/485921"}],"wp:attachment":[{"href":"https:\/\/www.europesays.com\/fr\/wp-json\/wp\/v2\/media?parent=485920"}],"wp:term":[{"taxonomy":"category","embeddable":true,"href":"https:\/\/www.europesays.com\/fr\/wp-json\/wp\/v2\/categories?post=485920"},{"taxonomy":"post_tag","embeddable":true,"href":"https:\/\/www.europesays.com\/fr\/wp-json\/wp\/v2\/tags?post=485920"}],"curies":[{"name":"wp","href":"https:\/\/api.w.org\/{rel}","templated":true}]}}