{"id":485941,"date":"2025-10-24T04:30:13","date_gmt":"2025-10-24T04:30:13","guid":{"rendered":"https:\/\/www.europesays.com\/fr\/485941\/"},"modified":"2025-10-24T04:30:13","modified_gmt":"2025-10-24T04:30:13","slug":"volotea-va-augmenter-le-nombre-de-vols-vers-cette-ville-du-sud-des-le-printemps-2026","status":"publish","type":"post","link":"https:\/\/www.europesays.com\/fr\/485941\/","title":{"rendered":"Volotea va augmenter le nombre de vols vers cette ville du sud d\u00e8s le printemps 2026"},"content":{"rendered":"<p>            Par<br \/>\n        <strong><br \/>\n            <a href=\"https:\/\/actu.fr\/auteur\/hervine-mahaud\" title=\"Consulter tous les articles de Hervine Mahaud\" rel=\"nofollow noopener\" target=\"_blank\">Hervine Mahaud<\/a><br \/>\n        <\/strong><\/p>\n<p>        Publi\u00e9 le<\/p>\n<p>            24 oct. 2025 \u00e0 6h08        <\/p>\n<p>C\u2019\u00e9tait une demande forte de la part des voyageurs habitu\u00e9s \u00e0 emprunter cette ligne. \u00c0 partir du <b>printemps 2026<\/b>, la <a href=\"https:\/\/actu.fr\/tag\/volotea\" rel=\"nofollow noopener\" target=\"_blank\">compagnie a\u00e9rienne Volotea<\/a> va significativement <b>augmenter la fr\u00e9quence d\u2019une ligne<\/b> reliant l\u2019<b>a\u00e9roport de Lille<\/b> \u00e0 une ville du sud de la France.<\/p>\n<p>Volotea augmente la fr\u00e9quence de ses vols entre Lille et cette ville situ\u00e9e dans le sud de la France<\/p>\n<p class=\" wall-content\">Cette ligne est celle reliant <b>Lille \u00e0 Toulouse<\/b>, une connexion particuli\u00e8rement importante mais qui avait \u00e9t\u00e9 <a href=\"https:\/\/actu.fr\/hauts-de-france\/lille_59350\/aeroport-de-lille-easyjet-ferme-cette-ligne-qui-existait-depuis-plus-de-12-ans_62440780.html\" rel=\"nofollow noopener\" target=\"_blank\">abandonn\u00e9e par easyJet en mars 2025<\/a>. La compagnie a\u00e9rienne low cost avait en effet d\u00e9cid\u00e9 de fermer sa base \u00e0 Toulouse et avait du transf\u00e9r\u00e9 125 emplois vers d\u2019autres sites. Dans ces conditions, la compagnie a d\u00fb op\u00e9rer des choix, comme celui de ne plus assurer la liaison entre Lille et Toulouse.<\/p>\n<p class=\" wall-content\">D\u00e8s lors, c\u2019\u00e9tait la compagnie a\u00e9rienne espagnole Volotea qui assurait seule la connectivit\u00e9 a\u00e9rienne entre les deux m\u00e9tropoles mais avec une offre de vols restreinte.\u00a0<\/p>\n<p class=\" wall-content\">Mais, d\u00e8s le printemps 2026, cela va changer. Selon le compte X InnerMarker, sp\u00e9cialis\u00e9 dans les actualit\u00e9s a\u00e9riennes, Volotea va augmenter la fr\u00e9quence de ses vols entre Lille et Toulouse. \u00ab\u00a0\u00c0 compter de mai 2026, la connectivit\u00e9 a\u00e9rienne entre les deux villes sera am\u00e9lior\u00e9e avec <b>2 vols par jour<\/b>.\u00a0\u00bb<\/p>\n<p class=\" wall-content\">\n<p class=\" wall-content\">Contact\u00e9, l\u2019a\u00e9roport de Lille a bien confirm\u00e9 que la fr\u00e9quence sur la ligne Lille-Toulouse serait \u00ab\u00a0doubl\u00e9e\u00a0avec Volotea, \u00e0 compter de la <b>saison \u00e9t\u00e9 2026\u2033.<\/b><\/p>\n<p class=\" wall-content\">En juin dernier, <a href=\"https:\/\/actu.fr\/hauts-de-france\/lesquin_59343\/depuis-lille-la-liaison-vers-cette-ville-ensoleillee-du-sud-va-etre-renforcee_62818936.html\" rel=\"nofollow noopener\" target=\"_blank\">la compagnie espagnole avait d\u00e9j\u00e0 augment\u00e9 ses liaisons vers Perpignan<\/a>. Signe que les connexions vers le sud de la France sont tr\u00e8s demand\u00e9es.<\/p>\n<p class=\" wall-content\">Personnalisez votre actualit\u00e9 en ajoutant vos villes et m\u00e9dias en favori avec <a href=\"https:\/\/moncompte.actu.fr\" title=\"D\u00e9couvez Mon Actu\" rel=\"nofollow noopener\" data-trk=\"{&quot;cta&quot;:{&quot;action&quot;:&quot;https:\\\/\\\/moncompte.actu.fr&quot;,&quot;category&quot;:&quot;mon compte&quot;,&quot;from&quot;:&quot;article footer&quot;,&quot;name&quot;:&quot;Mon actu&quot;,&quot;type&quot;:&quot;cta&quot;}}\" target=\"_blank\">Mon Actu<\/a>.<\/p>\n","protected":false},"excerpt":{"rendered":"Par Hervine Mahaud Publi\u00e9 le 24 oct. 2025 \u00e0 6h08 C\u2019\u00e9tait une demande forte de la part des&hellip;\n","protected":false},"author":2,"featured_media":485942,"comment_status":"","ping_status":"","sticky":false,"template":"","format":"standard","meta":{"footnotes":""},"categories":[2815],"tags":[1111,11,33,1777,674,1011,27,811,1307,12,25,11756],"class_list":{"0":"post-485941","1":"post","2":"type-post","3":"status-publish","4":"format-standard","5":"has-post-thumbnail","7":"category-lille","8":"tag-actu","9":"tag-actualites","10":"tag-economie","11":"tag-eu","12":"tag-europe","13":"tag-fr","14":"tag-france","15":"tag-hauts-de-france","16":"tag-lille","17":"tag-news","18":"tag-republique-francaise","19":"tag-volotea"},"share_on_mastodon":{"url":"https:\/\/pubeurope.com\/@fr\/115427267294955919","error":""},"_links":{"self":[{"href":"https:\/\/www.europesays.com\/fr\/wp-json\/wp\/v2\/posts\/485941","targetHints":{"allow":["GET"]}}],"collection":[{"href":"https:\/\/www.europesays.com\/fr\/wp-json\/wp\/v2\/posts"}],"about":[{"href":"https:\/\/www.europesays.com\/fr\/wp-json\/wp\/v2\/types\/post"}],"author":[{"embeddable":true,"href":"https:\/\/www.europesays.com\/fr\/wp-json\/wp\/v2\/users\/2"}],"replies":[{"embeddable":true,"href":"https:\/\/www.europesays.com\/fr\/wp-json\/wp\/v2\/comments?post=485941"}],"version-history":[{"count":0,"href":"https:\/\/www.europesays.com\/fr\/wp-json\/wp\/v2\/posts\/485941\/revisions"}],"wp:featuredmedia":[{"embeddable":true,"href":"https:\/\/www.europesays.com\/fr\/wp-json\/wp\/v2\/media\/485942"}],"wp:attachment":[{"href":"https:\/\/www.europesays.com\/fr\/wp-json\/wp\/v2\/media?parent=485941"}],"wp:term":[{"taxonomy":"category","embeddable":true,"href":"https:\/\/www.europesays.com\/fr\/wp-json\/wp\/v2\/categories?post=485941"},{"taxonomy":"post_tag","embeddable":true,"href":"https:\/\/www.europesays.com\/fr\/wp-json\/wp\/v2\/tags?post=485941"}],"curies":[{"name":"wp","href":"https:\/\/api.w.org\/{rel}","templated":true}]}}