{"id":485943,"date":"2025-10-24T04:31:09","date_gmt":"2025-10-24T04:31:09","guid":{"rendered":"https:\/\/www.europesays.com\/fr\/485943\/"},"modified":"2025-10-24T04:31:09","modified_gmt":"2025-10-24T04:31:09","slug":"le-prefet-leclerc-durcit-la-politique-de-letat-en-direction-des-populations-roms","status":"publish","type":"post","link":"https:\/\/www.europesays.com\/fr\/485943\/","title":{"rendered":"Le pr\u00e9fet Leclerc durcit la politique de l\u2019\u00c9tat en direction des populations roms"},"content":{"rendered":"<p>Depuis l\u2019arriv\u00e9e en d\u00e9but d\u2019ann\u00e9e de Georges-Fran\u00e7ois Leclerc \u00e0 la t\u00eate de la pr\u00e9fecture de R\u00e9gion, les expulsions de campements de Roms se sont multipli\u00e9es \u00e0 Marseille et dans le d\u00e9partement. Les droits des personnes vis\u00e9es sont aussi attaqu\u00e9s.<\/p>\n<p>    La d\u00e9cision est tomb\u00e9e la veille des vacances d\u2019automne. La pr\u00e9fecture a d\u00e9cid\u00e9 d\u2019expulser le squat de Saint-Jean-du-D\u00e9sert (12e) le 28 octobre prochain. \u00c0 trois jours de la tr\u00eave hivernale, \u00e0 six de la rentr\u00e9e des classes et plus de quatre ans apr\u00e8s un jugement l\u2019autorisant. Le lendemain de l\u2019annonce, c\u2019est encore la sid\u00e9ration sur le campement qui accueille quelque 150 personnes d\u2019origine rom, dont des familles de l\u2019ancien squat de Cazemajou. \u201cC\u2019est un grand stress, parce que tu ne sais pas o\u00f9 tu vas dormir, parce qu\u2019il va bient\u00f4t faire froid et qu\u2019on n\u2019a plus que le camion. \u00c7a va \u00eatre difficile, on va peut-\u00eatre avoir des difficult\u00e9s d\u2019acceptation [dans le nouveau quartier o\u00f9 on ira s\u2019installer]\u201d, commente, fataliste, Manu, un jeune &#8230; <\/p>\n<p>\n\t\t\t\t\tVOUS VOULEZ LIRE LA SUITE\u00a0?\n\t\t        <\/p>\n<p>\n\t\t              ON SE M\u00caLE<br \/>DES AFFAIRES QUI VOUS<br \/>REGARDENT<\/p>\n","protected":false},"excerpt":{"rendered":"Depuis l\u2019arriv\u00e9e en d\u00e9but d\u2019ann\u00e9e de Georges-Fran\u00e7ois Leclerc \u00e0 la t\u00eate de la pr\u00e9fecture de R\u00e9gion, les expulsions&hellip;\n","protected":false},"author":2,"featured_media":485944,"comment_status":"","ping_status":"","sticky":false,"template":"","format":"standard","meta":{"footnotes":""},"categories":[2814],"tags":[1111,11,60930,1067,1777,674,5220,1011,27,18468,884,12,882,25,5221,4772],"class_list":{"0":"post-485943","1":"post","2":"type-post","3":"status-publish","4":"format-standard","5":"has-post-thumbnail","7":"category-marseille","8":"tag-actu","9":"tag-actualites","10":"tag-campementrom","11":"tag-enquete","12":"tag-eu","13":"tag-europe","14":"tag-evacuation","15":"tag-fr","16":"tag-france","17":"tag-georgesfrancoisleclerc","18":"tag-marseille","19":"tag-news","20":"tag-provence-alpes-cote-dazur","21":"tag-republique-francaise","22":"tag-squat","23":"tag-zalu"},"share_on_mastodon":{"url":"https:\/\/pubeurope.com\/@fr\/115427271227970296","error":""},"_links":{"self":[{"href":"https:\/\/www.europesays.com\/fr\/wp-json\/wp\/v2\/posts\/485943","targetHints":{"allow":["GET"]}}],"collection":[{"href":"https:\/\/www.europesays.com\/fr\/wp-json\/wp\/v2\/posts"}],"about":[{"href":"https:\/\/www.europesays.com\/fr\/wp-json\/wp\/v2\/types\/post"}],"author":[{"embeddable":true,"href":"https:\/\/www.europesays.com\/fr\/wp-json\/wp\/v2\/users\/2"}],"replies":[{"embeddable":true,"href":"https:\/\/www.europesays.com\/fr\/wp-json\/wp\/v2\/comments?post=485943"}],"version-history":[{"count":0,"href":"https:\/\/www.europesays.com\/fr\/wp-json\/wp\/v2\/posts\/485943\/revisions"}],"wp:featuredmedia":[{"embeddable":true,"href":"https:\/\/www.europesays.com\/fr\/wp-json\/wp\/v2\/media\/485944"}],"wp:attachment":[{"href":"https:\/\/www.europesays.com\/fr\/wp-json\/wp\/v2\/media?parent=485943"}],"wp:term":[{"taxonomy":"category","embeddable":true,"href":"https:\/\/www.europesays.com\/fr\/wp-json\/wp\/v2\/categories?post=485943"},{"taxonomy":"post_tag","embeddable":true,"href":"https:\/\/www.europesays.com\/fr\/wp-json\/wp\/v2\/tags?post=485943"}],"curies":[{"name":"wp","href":"https:\/\/api.w.org\/{rel}","templated":true}]}}