{"id":485945,"date":"2025-10-24T04:32:24","date_gmt":"2025-10-24T04:32:24","guid":{"rendered":"https:\/\/www.europesays.com\/fr\/485945\/"},"modified":"2025-10-24T04:32:24","modified_gmt":"2025-10-24T04:32:24","slug":"300-nouvelles-cameras-de-videosurveillance-installees-a-marseille-dici-2026","status":"publish","type":"post","link":"https:\/\/www.europesays.com\/fr\/485945\/","title":{"rendered":"300 nouvelles cam\u00e9ras de vid\u00e9osurveillance install\u00e9es \u00e0 Marseille d&rsquo;ici 2026"},"content":{"rendered":"<p>Dans un arr\u00eat\u00e9 publi\u00e9 le 15 octobre dernier, le pr\u00e9fet des Bouches-du-Rh\u00f4ne, Georges-Fran\u00e7ois Leclerc, a autoris\u00e9 la ville de Marseille \u00e0 se doter de 300 cam\u00e9ras suppl\u00e9mentaires.<\/p>\n<p>C&rsquo;est une nouvelle \u00e9tape de franchie du plan \u00ab\u00a0Marseille en Grand\u00a0\u00bb dans le cadre du volet s\u00e9curit\u00e9, mettant un terme, au passage, \u00e0 la p\u00e9riode du moratoire \u00e0 propos de <a href=\"https:\/\/www.bfmtv.com\/marseille\/marseille-l-opposition-denonce-une-mise-en-place-trop-lente-des-cameras-de-videosurveillance_AV-202409270657.html\" title=\"Marseille: l&#039;opposition d\u00e9nonce une mise en place trop lente des cam\u00e9ras de vid\u00e9osurveillance\" class=\"internal_link\" target=\"_blank\" rel=\"noopener\">la vid\u00e9osurveillance dans la cit\u00e9 phoc\u00e9enne<\/a>.<\/p>\n<p>La pr\u00e9fecture des Bouches-du-Rh\u00f4ne a pris un arr\u00eat\u00e9 en date du 15 octobre pour autoriser la ville \u00e0 installer 300 cam\u00e9ras sur l&rsquo;ensemble du territoire.<\/p>\n<p>1.901 cam\u00e9ras \u00e0 Marseille en 2025<\/p>\n<p>\u00ab\u00a0Les modifications portent sur l\u2019ajout de 300 cam\u00e9ras voie publique, portant ainsi le nombre total \u00e0 2.201 cam\u00e9ras voie publique\u00a0\u00bb pr\u00e9cise l&rsquo;arr\u00eat\u00e9. Et elles seront install\u00e9es sur l&rsquo;ensemble du territoire.<\/p>\n<p>\u00ab\u00a0Les enjeux sont parfois dans les noyaux villageois, les quartiers p\u00e9riph\u00e9riques du centre-ville. D\u00e9sormais, nous avons fait le choix de mailler Marseille dans son ensemble. Du 1er au 16e arrondissement, les cam\u00e9ras sont install\u00e9es avec exclusivement les deux forces de police qui d\u00e9terminent les lieux d&rsquo;implantation\u00a0\u00bb explique Yannick Ohanessian, adjoint au maire (PS) en charge de la s\u00e9curit\u00e9.<\/p>\n<p>40.000 euros sont n\u00e9cessaires pour l&rsquo;installation d&rsquo;une seule d&rsquo;entre elle. Selon les donn\u00e9es recueillies par le quotidien <a href=\"https:\/\/www.lamarseillaise.fr\/societe\/l-installation-de-300-cameras-de-videosurveillance-a-venir-GI19000457\" target=\"_blank\" class=\"external_link\" rel=\"noopener\">La Marseillaise<\/a>, le nombre de cam\u00e9ras \u00e0 Marseille en 2025 est de 1.901, contre 1.558 en 2021, soit une hausse de plus de 22 %.<\/p>\n<p>Et cet arr\u00eat\u00e9 portera donc son nombre \u00e0 2.201 d&rsquo;ici la fin de l&rsquo;ann\u00e9e prochaine. Et qui s&rsquo;inscrit dans le cadre du plan Marseille en Grand. \u00ab\u00a0ll s\u2019agit de la phase 3 de ce d\u00e9ploiement\u00a0\u00bb, pr\u00e9cise la Ville de Marseille. Au total, 20 millions d&rsquo;euros vont \u00eatre investis, financ\u00e9 \u00e0 hauteur de 65% par l&rsquo;Etat, soit environ 13 millions d&rsquo;euros.<\/p>\n","protected":false},"excerpt":{"rendered":"Dans un arr\u00eat\u00e9 publi\u00e9 le 15 octobre dernier, le pr\u00e9fet des Bouches-du-Rh\u00f4ne, Georges-Fran\u00e7ois Leclerc, a autoris\u00e9 la ville&hellip;\n","protected":false},"author":2,"featured_media":485946,"comment_status":"","ping_status":"","sticky":false,"template":"","format":"standard","meta":{"footnotes":""},"categories":[2814],"tags":[1111,11,1777,674,1011,27,884,12,882,25],"class_list":{"0":"post-485945","1":"post","2":"type-post","3":"status-publish","4":"format-standard","5":"has-post-thumbnail","7":"category-marseille","8":"tag-actu","9":"tag-actualites","10":"tag-eu","11":"tag-europe","12":"tag-fr","13":"tag-france","14":"tag-marseille","15":"tag-news","16":"tag-provence-alpes-cote-dazur","17":"tag-republique-francaise"},"share_on_mastodon":{"url":"https:\/\/pubeurope.com\/@fr\/115427275178031555","error":""},"_links":{"self":[{"href":"https:\/\/www.europesays.com\/fr\/wp-json\/wp\/v2\/posts\/485945","targetHints":{"allow":["GET"]}}],"collection":[{"href":"https:\/\/www.europesays.com\/fr\/wp-json\/wp\/v2\/posts"}],"about":[{"href":"https:\/\/www.europesays.com\/fr\/wp-json\/wp\/v2\/types\/post"}],"author":[{"embeddable":true,"href":"https:\/\/www.europesays.com\/fr\/wp-json\/wp\/v2\/users\/2"}],"replies":[{"embeddable":true,"href":"https:\/\/www.europesays.com\/fr\/wp-json\/wp\/v2\/comments?post=485945"}],"version-history":[{"count":0,"href":"https:\/\/www.europesays.com\/fr\/wp-json\/wp\/v2\/posts\/485945\/revisions"}],"wp:featuredmedia":[{"embeddable":true,"href":"https:\/\/www.europesays.com\/fr\/wp-json\/wp\/v2\/media\/485946"}],"wp:attachment":[{"href":"https:\/\/www.europesays.com\/fr\/wp-json\/wp\/v2\/media?parent=485945"}],"wp:term":[{"taxonomy":"category","embeddable":true,"href":"https:\/\/www.europesays.com\/fr\/wp-json\/wp\/v2\/categories?post=485945"},{"taxonomy":"post_tag","embeddable":true,"href":"https:\/\/www.europesays.com\/fr\/wp-json\/wp\/v2\/tags?post=485945"}],"curies":[{"name":"wp","href":"https:\/\/api.w.org\/{rel}","templated":true}]}}