{"id":485947,"date":"2025-10-24T04:33:17","date_gmt":"2025-10-24T04:33:17","guid":{"rendered":"https:\/\/www.europesays.com\/fr\/485947\/"},"modified":"2025-10-24T04:33:17","modified_gmt":"2025-10-24T04:33:17","slug":"jacques-chambon-interprete-merlin-dans-kaamelott","status":"publish","type":"post","link":"https:\/\/www.europesays.com\/fr\/485947\/","title":{"rendered":"Jacques Chambon interpr\u00e8te Merlin dans Kaamelott"},"content":{"rendered":"<p>C\u2019est une pure co\u00efncidence\u00a0: Jacques Chambon publie le 29\u00a0octobre une BD adapt\u00e9e de sa propre pi\u00e8ce, Shame of thrones , une semaine apr\u00e8s la sortie en salles du dernier Kaamelott. Celui qui s\u2019est fait conna\u00eetre gr\u00e2ce au personnage de Merlin dans la s\u00e9rie y raconte avec truculence la vie de palais dans un pays imaginaire \u00ab\u00a0o\u00f9 les gens vivent sous la f\u00e9rule d\u2019un roi tr\u00e8s cr\u00e9tin et tr\u00e8s born\u00e9, tr\u00e8s brutal\u00a0\u00bb selon l\u2019auteur.<\/p>\n<p>\u00ab\u00a0Sa femme n\u2019est pas beaucoup plus sympathique mais plus intelligente\u00a0: la r\u00e9volte commence \u00e0 monter dans le pays et la reine se dit que c\u2019est peut-\u00eatre le moment de pousser le roi \u00e0 faire les mauvais choix pour le mettre hors du jeu.\u00a0\u00bb<\/p>\n<p>&gt;&gt;\u00a0<a href=\"https:\/\/www.leprogres.fr\/culture-loisirs\/2022\/05\/31\/shame-of-thrones-la-fin-d-un-regne-pouvoir-et-engueulades-a-la-comedie-odeon\" target=\"_blank\" rel=\"nofollow noopener\">Shame of Thrones, la fin d\u2019un r\u00e8gne\u00a0: pouvoir et engueulades au th\u00e9\u00e2tre<\/a><\/p>\n<p>Un sc\u00e9nario inconnu<\/p>\n<p>L\u2019auteur et com\u00e9dien lyonnais reste donc dans un univers \u00e0 la fois royal et humoristique en&#8230;<\/p>\n","protected":false},"excerpt":{"rendered":"C\u2019est une pure co\u00efncidence\u00a0: Jacques Chambon publie le 29\u00a0octobre une BD adapt\u00e9e de sa propre pi\u00e8ce, Shame of&hellip;\n","protected":false},"author":2,"featured_media":485948,"comment_status":"","ping_status":"","sticky":false,"template":"","format":"standard","meta":{"footnotes":""},"categories":[1889],"tags":[1111,11,2430,650,1687,2757,1777,674,107,1011,27,2428,2756,12,25,2429],"class_list":{"0":"post-485947","1":"post","2":"type-post","3":"status-publish","4":"format-standard","5":"has-post-thumbnail","7":"category-lyon","8":"tag-actu","9":"tag-actualites","10":"tag-auvergne-rhone-alpes","11":"tag-cinema","12":"tag-culture-loisirs","13":"tag-edition-lyon-villeurbanne","14":"tag-eu","15":"tag-europe","16":"tag-fil-info","17":"tag-fr","18":"tag-france","19":"tag-lyon","20":"tag-lyon-bassin","21":"tag-news","22":"tag-republique-francaise","23":"tag-rhone"},"share_on_mastodon":{"url":"https:\/\/pubeurope.com\/@fr\/115427279229506440","error":""},"_links":{"self":[{"href":"https:\/\/www.europesays.com\/fr\/wp-json\/wp\/v2\/posts\/485947","targetHints":{"allow":["GET"]}}],"collection":[{"href":"https:\/\/www.europesays.com\/fr\/wp-json\/wp\/v2\/posts"}],"about":[{"href":"https:\/\/www.europesays.com\/fr\/wp-json\/wp\/v2\/types\/post"}],"author":[{"embeddable":true,"href":"https:\/\/www.europesays.com\/fr\/wp-json\/wp\/v2\/users\/2"}],"replies":[{"embeddable":true,"href":"https:\/\/www.europesays.com\/fr\/wp-json\/wp\/v2\/comments?post=485947"}],"version-history":[{"count":0,"href":"https:\/\/www.europesays.com\/fr\/wp-json\/wp\/v2\/posts\/485947\/revisions"}],"wp:featuredmedia":[{"embeddable":true,"href":"https:\/\/www.europesays.com\/fr\/wp-json\/wp\/v2\/media\/485948"}],"wp:attachment":[{"href":"https:\/\/www.europesays.com\/fr\/wp-json\/wp\/v2\/media?parent=485947"}],"wp:term":[{"taxonomy":"category","embeddable":true,"href":"https:\/\/www.europesays.com\/fr\/wp-json\/wp\/v2\/categories?post=485947"},{"taxonomy":"post_tag","embeddable":true,"href":"https:\/\/www.europesays.com\/fr\/wp-json\/wp\/v2\/tags?post=485947"}],"curies":[{"name":"wp","href":"https:\/\/api.w.org\/{rel}","templated":true}]}}