{"id":485949,"date":"2025-10-24T04:34:39","date_gmt":"2025-10-24T04:34:39","guid":{"rendered":"https:\/\/www.europesays.com\/fr\/485949\/"},"modified":"2025-10-24T04:34:39","modified_gmt":"2025-10-24T04:34:39","slug":"que-faire-a-lyon-ce-week-end-24-25-et-26-octobre-2025","status":"publish","type":"post","link":"https:\/\/www.europesays.com\/fr\/485949\/","title":{"rendered":"Que faire \u00e0 Lyon ce week-end ? (24, 25 et 26 octobre 2025)"},"content":{"rendered":"<p>L&rsquo;automne est marqu\u00e9e par de nombreux \u00e9v\u00e9nements \u00e0 <strong>Lyon <\/strong>et ses alentours. Le week-end avant Halloween, les Lyonnaises et Lyonnais auront le choix entre comp\u00e9titions sportives et sorties culturelles : danse sur glace, basket, th\u00e9\u00e2tre\u2026 <\/p>\n<p>En plus du sport et du th\u00e9\u00e2tre, mercredi 22 octobre sortait en salle le deuxi\u00e8me volet du <a href=\"https:\/\/mesinfos.fr\/cinema-kaamelott-2-arrive-enfin-dans-les-salles-mercredi-232325.html\" target=\"_blank\" rel=\"noopener\">film Kaamlott<\/a>, r\u00e9alis\u00e9 par le Lyonnais <strong>Alexandre Astier<\/strong>. Plus de deux heures de film o\u00f9 se poursuivent les aventures du roi Arthur pour bien finir le week-end ! <\/p>\n<p><strong>D\u00e9couvrez notre s\u00e9lection de sorties du week-end des 24, 25 et 26 octobre 2025.<\/strong> <\/p>\n<p>Supporter les jeunes patineurs \u00e0 la patinoire Charlemagne \u00e0 Lyon <img decoding=\"async\" class=\"img-align-center\" data-zoomable=\"\" loading=\"lazy\" src=\"https:\/\/www.europesays.com\/fr\/wp-content\/uploads\/2025\/10\/image-41170313531761230675556.jpg\"\/> \u00a9 Club des sports de glace de Lyon &#8211; Une \u00e9quipe de jeunes patineurs du Club des sports de glace de Lyon. <\/p>\n<p>Ne craignez pas le froid ce week-end ! La <strong>comp\u00e9tition nationale de danse sur glace<\/strong>, la Coupe d&rsquo;automne, se tiendra \u00e0 la <strong>patinoire Charlemagne<\/strong> le 25 et 26 octobre. Les spectateurs pourront assister aux prestations de 41 couples venus de toute la France. Jeunes sportifs ou athl\u00e8tes confirm\u00e9s : les participants, de benjamins \u00e0 seniors, valseront entre performance artistique et pratique sportive. La comp\u00e9tition organis\u00e9e par le <strong>Club de sport de glace de Lyon<\/strong>, sera ouverte au public. Un rendez-vous <strong>gratuit <\/strong>qui mettra \u00e0 l&rsquo;honneur la discipline et le talent des jeunes patineurs fran\u00e7ais. <\/p>\n<p><strong>Infos pratiques<\/strong> <\/p>\n<p>Patinoire Charlemagne &#8211; 100 cours Charlemagne, 69002 Lyon. <\/p>\n<p>De 14h \u00e0 21h le samedi 25 et de 12h30 \u00e0 18h le dimanche 26 octobre.<\/p>\n<p> Assister \u00e0 une battle de danse au Transbordeur \u00e0 Villeurbanne <img decoding=\"async\" class=\"img-align-center\" data-zoomable=\"\" loading=\"lazy\" src=\"https:\/\/www.europesays.com\/fr\/wp-content\/uploads\/2025\/10\/image-88847589051761231273315.jpg\"\/> \u00a9 Julie Cherki &#8211; Les danseurs vont s&rsquo;affronter durant des Hip-Hop games France. <\/p>\n<p>Dans le style danse de rue, les <strong>Hip-Hop games France<\/strong> se tiendront dimanche 26 octobre au <strong>Transbordeur \u00e0 Villeurbanne<\/strong>. Une comp\u00e9tition internationale qui m\u00eale duel et cr\u00e9ation chor\u00e9graphique. Quatre compagnies s\u2019affrontent dans des prestations en duo, en solo ou en \u00e9quipe. Avec un th\u00e8me autour du Br\u00e9sil, les danseurs participeront \u00e0 une s\u00e9rie de challenges d\u2019improvisation pour remporter la premi\u00e8re place ! Une c\u00e9l\u00e9bration de la danse de rue qui s&rsquo;inscrit dans le programme du dernier week-end du <a href=\"https:\/\/mesinfos.fr\/69000-lyon\/scene-hip-hop-le-festival-karavel-de-retour-pour-un-mois-dans-la-metropole-de-lyon-230035.html\" target=\"_blank\" rel=\"noopener\">festival Karavel<\/a>. <\/p>\n<p><strong>Infos pratiques<\/strong> <\/p>\n<p>Samedi 25 octobre \u00e0 partir de 17h &#8211; Le Transbordeur &#8211; 3 boulevard de la Bataille de Stalingrad, 69100 Villeurbanne. <\/p>\n<p>Tarifs : plein 17 euros, r\u00e9duit 12 euros. <a href=\"https:\/\/karavel.karavelkalypso.com\/programmation\/hip-hop-games-france-5\/\" rel=\"noopener\" target=\"_blank\">R\u00e9servations sur la billetterie en ligne<\/a>.<\/p>\n<p> D\u00e9couvrir la pi\u00e8ce de th\u00e9\u00e2tre engag\u00e9 d&rsquo;\u00c9lina Kulikova aux Subsistances <img decoding=\"async\" class=\"img-align-center\" data-zoomable=\"\" loading=\"lazy\" src=\"https:\/\/www.europesays.com\/fr\/wp-content\/uploads\/2025\/10\/image-11256574431761233850606.jpg\"\/> \u00a9 Gr\u00e9gory Batardon &#8211; Repr\u00e9sentation d&rsquo;\u00c9lina Kulikova. <\/p>\n<p><strong>Aux Subsistances<\/strong>, ne manquez pas Une Nuit blanche, un \u00e9v\u00e9nement poignant de <strong>th\u00e9\u00e2tre et de musique<\/strong> pr\u00e9sent\u00e9 les vendredi 24 et samedi 25 octobre \u00e0 20h30. Con\u00e7u par les artistes russes exil\u00e9s <strong>\u00c9lina Kulikova<\/strong> et <strong>Dima Efremov<\/strong>, ce spectacle est leur troisi\u00e8me opus d\u00e9di\u00e9 \u00e0 la guerre en Ukraine, avec la promesse d&rsquo;en cr\u00e9er un par an tant qu&rsquo;elle ne cessera pas. M\u00ealant musique \u00e9lectro, r\u00e9cit personnel et engagement politique, cette performance d&rsquo;une heure est une \u0153uvre de la m\u00e9moire et de l&rsquo;espoir, port\u00e9e par la danse et l\u2019humour.<\/p>\n<p><strong>Infos pratiques<\/strong> <\/p>\n<p>Les Subsistances &#8211; 8 bis Quai Saint-Vincent, 69001 Lyon. <\/p>\n<p>Vendredi complet &#8211; Samedi \u00e0 20h30. <\/p>\n<p>Tarifs : entre 5 euros et 18 euros. <\/p>\n<p>\u00c0 partir de 14 ans.<\/p>\n<p> <strong>Se rendre au Festival arts et cr\u00e9ation trans \u00e0 Lyon<\/strong> <img decoding=\"async\" class=\"img-align-center img-size-limited\" data-zoomable=\"\" loading=\"lazy\" src=\"https:\/\/www.europesays.com\/fr\/wp-content\/uploads\/2025\/10\/image-64121749751761234047861.jpg\"\/> \u00a9 Fact Festival &#8211; Le Festival Fact se poursuit jusqu&rsquo;au 1er novembre 2025 dans la r\u00e9gion lyonnaise. <\/p>\n<p>Port\u00e9e par la communaut\u00e9 transgenre, le <strong>Festival arts et cr\u00e9ation trans <\/strong>(Fact) a d\u00e9but\u00e9 lundi 21 octobre. Ce week-end et jusqu\u2019au 1er novembre, une \u00e9quipe d\u2019acteurs du milieu culturel s\u2019organise pour la cinqui\u00e8me ann\u00e9e cons\u00e9cutive. L\u2019objectif : mettre en lumi\u00e8re les artistes de la communaut\u00e9 trans, avec un programme sur deux semaines. Atelier de danse, cabaret, th\u00e9\u00e2tre, concert, DJ set, march\u00e9 de cr\u00e9ateurs, projections de films, brunch ou encore atelier de chants\u2026 De quoi s\u2019occuper en soutenant une initiative d\u2019inclusion dans l\u2019espace culturel. <\/p>\n<p>  Encourager l&rsquo;Asvel f\u00e9minin contre Landerneau \u00e0 Lyon <\/p>\n<blockquote class=\"instagram-media\" data-instgrm-captioned=\"\" data-instgrm-permalink=\"https:\/\/www.instagram.com\/p\/DOVxfe2AoIw\/?utm_source=ig_embed&amp;utm_campaign=loading\" data-instgrm-version=\"14\" data-uniformized=\"true\" style=\"background:#fff;border:0;border-radius:3px;box-shadow:0 0 1px 0 rgba(0,0,0,.5),0 1px 10px 0 rgba(0,0,0,.15);margin:1px;max-width:540px;min-width:326px;padding:0;width:calc(100% - 2px)\"><\/blockquote>\n<p>L\u2019\u00e9quipe f\u00e9minine de basket de <strong>l&rsquo;Asvel <\/strong>s\u2019appr\u00eate \u00e0 disputer son cinqui\u00e8me match du championnat de France, la <strong>Boulang\u00e8re wonderligue<\/strong>. Apr\u00e8s trois revers et une seule victoire, les Lyonnaises esp\u00e8rent rebondir ce samedi 25 septembre. Elles affronteront <strong>Landerneau<\/strong>, \u00e9quipe bretonne actuellement \u00e0 l\u2019\u00e9quilibre avec deux victoires et deux d\u00e9faites. Ce rendez-vous, qui s\u2019annonce d\u00e9cisif pour relancer la dynamique du groupe, se tiendra \u00e0 domicile au <strong>gymnase Mado-Bonnet \u00e0 20h<\/strong>. Le soutien des supporters sera pr\u00e9cieux pour les aider \u00e0 remporter leur deuxi\u00e8me match de la saison. <\/p>\n<p><strong>Infos pratiques\u00a0<\/strong> <\/p>\n<p>Gymnase Mado-Bonnet &#8211; 20 avenue Paul-Santy, 69008 Lyon. <\/p>\n<p>Samedi 25 octobre 2025 \u00e0 20h. <\/p>\n<p>Tarifs : jusqu&rsquo;\u00e0 22 euros (gratuit pour les enfants de moins de 6 ans).<\/p>\n<p><script async src=\"\/\/www.instagram.com\/embed.js\"><\/script><\/p>\n","protected":false},"excerpt":{"rendered":"L&rsquo;automne est marqu\u00e9e par de nombreux \u00e9v\u00e9nements \u00e0 Lyon et ses alentours. Le week-end avant Halloween, les Lyonnaises&hellip;\n","protected":false},"author":2,"featured_media":485950,"comment_status":"","ping_status":"","sticky":false,"template":"","format":"standard","meta":{"footnotes":""},"categories":[1889],"tags":[1111,11,2430,1777,674,1011,27,11431,1393,2428,12,25,3336],"class_list":{"0":"post-485949","1":"post","2":"type-post","3":"status-publish","4":"format-standard","5":"has-post-thumbnail","7":"category-lyon","8":"tag-actu","9":"tag-actualites","10":"tag-auvergne-rhone-alpes","11":"tag-eu","12":"tag-europe","13":"tag-fr","14":"tag-france","15":"tag-idu00e9es-de-sorties","16":"tag-loisirs","17":"tag-lyon","18":"tag-news","19":"tag-republique-francaise","20":"tag-sortir-u00e0-lyon"},"share_on_mastodon":{"url":"https:\/\/pubeurope.com\/@fr\/115427285403723889","error":""},"_links":{"self":[{"href":"https:\/\/www.europesays.com\/fr\/wp-json\/wp\/v2\/posts\/485949","targetHints":{"allow":["GET"]}}],"collection":[{"href":"https:\/\/www.europesays.com\/fr\/wp-json\/wp\/v2\/posts"}],"about":[{"href":"https:\/\/www.europesays.com\/fr\/wp-json\/wp\/v2\/types\/post"}],"author":[{"embeddable":true,"href":"https:\/\/www.europesays.com\/fr\/wp-json\/wp\/v2\/users\/2"}],"replies":[{"embeddable":true,"href":"https:\/\/www.europesays.com\/fr\/wp-json\/wp\/v2\/comments?post=485949"}],"version-history":[{"count":0,"href":"https:\/\/www.europesays.com\/fr\/wp-json\/wp\/v2\/posts\/485949\/revisions"}],"wp:featuredmedia":[{"embeddable":true,"href":"https:\/\/www.europesays.com\/fr\/wp-json\/wp\/v2\/media\/485950"}],"wp:attachment":[{"href":"https:\/\/www.europesays.com\/fr\/wp-json\/wp\/v2\/media?parent=485949"}],"wp:term":[{"taxonomy":"category","embeddable":true,"href":"https:\/\/www.europesays.com\/fr\/wp-json\/wp\/v2\/categories?post=485949"},{"taxonomy":"post_tag","embeddable":true,"href":"https:\/\/www.europesays.com\/fr\/wp-json\/wp\/v2\/tags?post=485949"}],"curies":[{"name":"wp","href":"https:\/\/api.w.org\/{rel}","templated":true}]}}