{"id":485975,"date":"2025-10-24T04:48:14","date_gmt":"2025-10-24T04:48:14","guid":{"rendered":"https:\/\/www.europesays.com\/fr\/485975\/"},"modified":"2025-10-24T04:48:14","modified_gmt":"2025-10-24T04:48:14","slug":"lidee-dutiliser-les-actifs-russes-immobilises-dans-lunion-europeenne-pour-aider-lukraine-se-heurte-aux-reticences-belges","status":"publish","type":"post","link":"https:\/\/www.europesays.com\/fr\/485975\/","title":{"rendered":"L&rsquo;id\u00e9e d&rsquo;utiliser les actifs russes immobilis\u00e9s dans l&rsquo;Union europ\u00e9enne pour aider l&rsquo;Ukraine se heurte aux r\u00e9ticences belges"},"content":{"rendered":"<p class=\"text-left ap-StoryElement ap-StoryElement--mb ap-StoryText\">Dans les faits, ce plan, encore non abouti, ne recueille pas l&rsquo;adh\u00e9sion g\u00e9n\u00e9rale et fait en particulier l&rsquo;objet de s\u00e9v\u00e8res r\u00e9serves belges. Lanc\u00e9e par la Commission et d\u00e9fendue par plusieurs pays, dont l&rsquo;Allemagne, l&rsquo;id\u00e9e est de mettre en \u0153uvre un \u00ab\u00a0pr\u00eat de r\u00e9paration\u00a0\u00bb qui permettrait d&rsquo;utiliser 140 milliards des 185 milliards d&rsquo;euros bloqu\u00e9s sur les comptes de la soci\u00e9t\u00e9 Euroclear, bas\u00e9e \u00e0 Bruxelles. L&rsquo;argent servirait \u00e0 r\u00e9pondre aux besoins financiers urgents de l&rsquo;Ukraine et \u00e0 armer Kiev. L&rsquo;UE emprunterait l&rsquo;argent \u00e0 Euroclear et le pr\u00eaterait ensuite \u00e0 l&rsquo;Ukraine, qui le rembourserait, \u00e0 l&rsquo;issue du conflit, si la Russie accepte, dans le cadre d&rsquo;un possible trait\u00e9 de paix, de payer les dommages de guerre, notamment avec l&rsquo;argent qui lui serait rendu. Cela fait beaucoup d&rsquo;incertitudes.<\/p>\n<p><a href=\"https:\/\/www.lalibre.be\/international\/europe\/2025\/10\/23\/lidee-dutiliser-les-avoirs-russes-immobilises-a-fait-son-chemin-parmi-les-vingt-sept-OA5KWDOIHZHSVMZMO3O4ESF5OA\/\" target=\"_blank\" rel=\"noopener noreferrer\" class=\"ap-StoryInterstitialLink ap-StoryElement ap-StoryElement--mb\">L&rsquo;id\u00e9e d&rsquo;utiliser les avoirs russes immobilis\u00e9s a fait son chemin parmi les Vingt-sept, mais la Belgique a toujours des r\u00e9serves<\/a>La Belgique mise sous pression<\/p>\n<p class=\"text-left ap-StoryElement ap-StoryElement--mb ap-StoryText\">Comme il l&rsquo;avait fait au sommet informel de Copenhague, le 1er octobre, le Premier ministre Bart De Wever a cependant rappel\u00e9 \u00e0 la presse, avant le d\u00e9but de la r\u00e9union du Conseil europ\u00e9en, \u00e0 ses pairs, pendant le sommet puis \u00e0 la presse encore, apr\u00e8s celui-ci, les pr\u00e9ventions de la Belgique. Euroclear \u00e9tant install\u00e9e dans sa capitale, le pays serait tr\u00e8s expos\u00e9 aux repr\u00e9sailles juridiques et financi\u00e8res de Moscou si le plan \u00e9tait mis \u00e0 ex\u00e9cution.<\/p>\n<p class=\"text-left ap-StoryElement ap-StoryElement--mb ap-StoryText\">L&rsquo;Anversois a expos\u00e9 trois conditions \u00e0 un fiat belge. Il veut qu&rsquo;on lui pr\u00e9sente une base juridique solide qui assure qu&rsquo;il ne s&rsquo;agit pas d&rsquo;une confiscation pure et simple des avoirs russes, contraire au droit international. \u00ab\u00a0Il n&rsquo;y a pas de r\u00e9ponse claire \u00e0 ce propos\u00a0\u00bb, constate-t-il. \u00ab\u00a0M\u00eame pendant la Seconde guerre mondiale, on n&rsquo;a pas saisi d&rsquo;avoirs souverains. On entrerait en territoire inconnu\u00a0\u00bb, a-t-il point\u00e9.<\/p>\n<p class=\"text-left ap-StoryElement ap-StoryElement--mb ap-StoryText\">Il insiste sur la mutualisation des risques si l&rsquo;argent devait \u00eatre rembours\u00e9 \u00e0 Moscou \u2013 la somme \u00e9quivaut \u00e0 plus de 20 % du PIB belge. Il r\u00e9clame la participation des autres pays de l&rsquo;UE voire du G7 qui ont aussi des actifs russes gel\u00e9s. Selon la Commission, 90 % des avoirs immobilis\u00e9s dans l&rsquo;UE sont \u00e0 Bruxelles, mais on en trouverait \u00e9galement dans six autres pays de l&rsquo;Union, d&rsquo;apr\u00e8s le Premier ministre belge. On parle notamment de l&rsquo;Allemagne, de la France et du Luxembourg.<\/p>\n<p class=\"text-left ap-StoryElement ap-StoryElement--mb ap-StoryText\">Si ces conditions ne sont pas remplies \u00ab\u00a0je ferai tout ce que je peux, au niveau politique et juridique, aux plans europ\u00e9en et national, pour emp\u00eacher cette d\u00e9cision\u00a0\u00bb, a averti BDW. La Belgique, qui a tr\u00e8s peu appr\u00e9ci\u00e9 d&rsquo;\u00eatre press\u00e9e de la sorte sans avoir re\u00e7u les explications demand\u00e9es au d\u00e9but du mois, a refus\u00e9 un premier texte de compromis en cours de journ\u00e9e.<\/p>\n<p><a href=\"https:\/\/www.lalibre.be\/economie\/conjoncture\/2025\/02\/19\/trois-ans-apres-le-debut-de-la-guerre-la-belgique-a-gele-ou-immobilise-258-milliards-deuros-davoirs-russes-cest-un-record-sur-la-planete-4U24BKPRLNHPBLUKKWDEKR7JUI\/\" target=\"_blank\" rel=\"noopener noreferrer\" class=\"ap-StoryInterstitialLink ap-StoryElement ap-StoryElement--mb\">Trois ans apr\u00e8s le d\u00e9but de la guerre, la Belgique a \u00ab\u00a0gel\u00e9\u00a0\u00bb ou immobilis\u00e9 258 milliards d&rsquo;euros d&rsquo;avoirs russes. C&rsquo;est un record sur la plan\u00e8te !<\/a>Qui est pr\u00eat \u00e0 garantir les risques ?<\/p>\n<p class=\"text-left ap-StoryElement ap-StoryElement--mb ap-StoryText\">Pr\u00e9vue en soir\u00e9e, l&rsquo;intervention de la pr\u00e9sidente de la Banque centrale europ\u00e9enne (BCE), Christine Lagarde, a donn\u00e9 de la consistance aux arguments belges. Selon le Premier ministre belge, la Fran\u00e7aise a insist\u00e9 sur le fait que la premi\u00e8re condition pour que ce plan puisse voir le jour \u00e9tait d&rsquo;\u00e9tablir que les garanties que la Russie soit rembours\u00e9e sans d\u00e9lai si elle fait valoir, apr\u00e8s la guerre, ses droits sur son argent. Qui donnerait ces garanties dont le montant pourrait \u00eatre sup\u00e9rieur \u00e0 la somme engag\u00e9e, parce qu&rsquo;elles devraient aussi couvrir la r\u00e9paration d&rsquo;\u00e9ventuels dommages ? Vingt-six \u00c9tats membres \u2013 la Hongrie reste \u00e0 l&rsquo;\u00e9cart \u2013 en fonction de leur PIB ? Le budget europ\u00e9en ? \u00ab\u00a0Qui est pr\u00eat \u00e0 payer pour \u00e7a ?\u00a0\u00bb, interroge BDW. \u00ab\u00a0Cette question n&rsquo;a pas re\u00e7u un tsunami de r\u00e9ponses enthousiastes\u00a0\u00bb, a constat\u00e9 le Belge.<\/p>\n<p class=\"text-left ap-StoryElement ap-StoryElement--mb ap-StoryText\">Mme Lagarde a \u00e9galement indiqu\u00e9 qu&rsquo;il serait pr\u00e9f\u00e9rable que le plan europ\u00e9en soit appuy\u00e9 par des d\u00e9marches similaires de pays tiers qui ont \u00e9galement immobilis\u00e9 des actifs russes.<\/p>\n<blockquote class=\"ap-StoryQuote ap-StoryQuote--pullquote\"><p>guillement<\/p>\n<p class=\"ap-StoryQuote-text\">Si mes trois demandes sont rencontr\u00e9es, nous pourrons aller de l&rsquo;avant.  Sice n&rsquo;est pas le cas, je ferai tout ce que je peux, au niveau politique et juridique, sur le plan national et europ\u00e9en pour emp\u00eacher cette d\u00e9cision<\/p>\n<\/blockquote>\n<p>Travail exploratoire \u00e0 mener<\/p>\n<p class=\"text-left ap-StoryElement ap-StoryElement--mb ap-StoryText\">La Belgique avait soumis au pr\u00e9sident du Conseil europ\u00e9en, Antonio Costa, un amendement au projet de conclusions, \u00e9num\u00e9rant pr\u00e9cis\u00e9ment toutes les questions qui demandent r\u00e9ponse. Finalement, les leaders europ\u00e9ens se sont entendus sur un texte de conclusion qui souligne \u00ab\u00a0l&rsquo;engagement du Conseil europ\u00e9en \u00e0 r\u00e9pondre aux besoins financiers de l&rsquo;Ukraine pour 2026-2027, en ce compris pour ses efforts militaires et de d\u00e9fense\u00a0\u00bb. \u00c0 cette fin, les chefs des Vingt-sept invitent \u00ab\u00a0la Commission de pr\u00e9senter, d\u00e8s que possibles, des options de soutiens financiers\u00a0\u00bb et le Conseil (des ministres de l&rsquo;UE) \u00e0 poursuivre le travail exploratoire.<\/p>\n<p class=\"text-left ap-StoryElement ap-StoryElement--mb ap-StoryText\">Il n&rsquo;est plus question de mention explicite de l&rsquo;utilisation des avoirs russes immobilis\u00e9s, comme c&rsquo;\u00e9tait le cas dans le projet de conclusions de la r\u00e9union, ni de demande claire \u00e0 la Commission d&rsquo;\u00e9laborer une proposition en sens. Il est simplement pr\u00e9cis\u00e9 que les actifs russes doivent rester immobilis\u00e9s jusqu&rsquo;\u00e0 la fin de la guerre d&rsquo;agression men\u00e9e par la Russie contre l&rsquo;Ukraine et devra \u00eatre utilis\u00e9 \u00ab\u00a0pour payer les dommages de guerre\u00a0\u00bb. Le sensible sujet sera remis sur la table lors du sommet europ\u00e9en de d\u00e9cembre.<\/p>\n<p><a href=\"https:\/\/www.lalibre.be\/belgique\/judiciaire\/2023\/10\/20\/quand-la-belgique-aide-lukraine-financierement-grace-a-une-montagne-dargent-russe-I3NZYQDWSZBNFPXNB25DCT6SSY\/\" target=\"_blank\" rel=\"noopener noreferrer\" class=\"ap-StoryInterstitialLink ap-StoryElement ap-StoryElement--mb\">Quand la Belgique aide l&rsquo;Ukraine financi\u00e8rement gr\u00e2ce \u00e0 une montagne d&rsquo;argent russe<\/a>D&rsquo;autres pistes ?<\/p>\n<p class=\"text-left ap-StoryElement ap-StoryElement--mb ap-StoryText\">Selon le Premier ministre belge, d&rsquo;autres pistes pourraient \u00eatre explor\u00e9es pour r\u00e9pondre aux besoins financiers de l&rsquo;Ukraine. Une nouvelle \u00e9mission de dette europ\u00e9enne, ce qui aurait toutefois le d\u00e9savantage de trouver une unanimit\u00e9 introuvable. Le Belge juge \u00e9galement que ce serait possible pour les membres de la coalition des volontaires pour aider l&rsquo;Ukraine \u2013 qui inclut, outre la majorit\u00e9 des pays de l&rsquo;UE, le Royaume-Uni, le Japon, l&rsquo;Australie \u2013 de rassembler les 45 milliards annuels dont Kiev dit avoir besoin. Probl\u00e8me : le temps risque de manquer pour arriver \u00e0 une solution d&rsquo;ici la fin de l&rsquo;ann\u00e9e.<\/p>\n<p class=\"text-left ap-StoryElement ap-StoryElement--mb ap-StoryText\">L&rsquo;occupant du 16 rue de la Loi estime donc que la Commission tentera \u00ab\u00a0de faire vivre\u00a0\u00bb la proposition d&rsquo;utiliser les avoirs russes immobilis\u00e9s. \u00ab\u00a0Personne n&rsquo;a mis son v\u00e9to sur quoi que ce soit\u00a0\u00bb, s&rsquo;est f\u00e9licit\u00e9 le pr\u00e9sident du Conseil europ\u00e9en, Antonio Costa, \u00e0 l&rsquo;issue de la r\u00e9union. \u00ab\u00a0Il faut travailler sur les aspects techniques et l\u00e9gaux du soutien europ\u00e9en\u00a0\u00bb, a compl\u00e9t\u00e9 le Portugais. \u00c0 ses c\u00f4t\u00e9s, la pr\u00e9sidente de la Commission europ\u00e9enne, Ursula von der Leyen, a ajout\u00e9 que la discussion \u00ab\u00a0a permis d&rsquo;identifier les points qu&rsquo;il faut clarifier\u00a0\u00bb. \u00ab\u00a0L&rsquo;id\u00e9e n&rsquo;est pas enterr\u00e9e\u00a0\u00bb, juge le pr\u00e9sident fran\u00e7ais Macron, rappelant toutefois \u00ab\u00a0qu&rsquo;il ne peut \u00eatre question de bafouer le droit international\u00a0\u00bb. Le chancelier allemand Friedrich Merz a dit \u00ab\u00a0comprendre la position de Bart De Wever\u00a0\u00bb pr\u00e9cisant qu&rsquo;il aurait sans doute eu la m\u00eame si son pays avait \u00e9t\u00e9 le premier concern\u00e9. Il n&rsquo;en reste pas moins un ardent d\u00e9fenseur du plan.<\/p>\n<p><a href=\"https:\/\/www.lalibre.be\/international\/europe\/2025\/10\/02\/bart-de-wever-attend-des-reponses-europeennes-a-ses-questions-sur-lusage-des-avoirs-russes-immobilises-en-belgique-NGZWYUJIWREDHPASTKC6KDM3EY\/\" target=\"_blank\" rel=\"noopener noreferrer\" class=\"ap-StoryInterstitialLink ap-StoryElement ap-StoryElement--mb\">Bart De Wever attend des r\u00e9ponses europ\u00e9ennes \u00e0 ses questions sur l&rsquo;usage des avoirs russes immobilis\u00e9s en Belgique<\/a><\/p>\n<p class=\"text-left ap-StoryElement ap-StoryElement--mb ap-StoryText\">\u00ab\u00a0De Wever veut garder la possibilit\u00e9 d&rsquo;utiliser son v\u00e9to aussi longtemps qu&rsquo;il le peut, mais je m&rsquo;attends \u00e0 ce que les Belges montent \u00e0 bord \u00e0 un moment ou \u00e0 un autre\u00a0\u00bb, glisse une source d&rsquo;un pays favorable au plan. \u00ab\u00a0Mon impression est que plusieurs leaders sont partag\u00e9s entre leur volont\u00e9 de soutenir l&rsquo;Ukraine et leur prise de conscience qu&rsquo;il y a de vraies questions\u00a0\u00bb, quant \u00e0 l&rsquo;usage des actifs russes, avance de son c\u00f4t\u00e9 Bart De Wever.<\/p>\n","protected":false},"excerpt":{"rendered":"Dans les faits, ce plan, encore non abouti, ne recueille pas l&rsquo;adh\u00e9sion g\u00e9n\u00e9rale et fait en particulier l&rsquo;objet&hellip;\n","protected":false},"author":2,"featured_media":485976,"comment_status":"","ping_status":"","sticky":false,"template":"","format":"standard","meta":{"footnotes":""},"categories":[1586],"tags":[11,26131,312,73,1777,674,1779,1011,27,1146,12,35092,25,132,1778,220,364],"class_list":{"0":"post-485975","1":"post","2":"type-post","3":"status-publish","4":"format-standard","5":"has-post-thumbnail","7":"category-europe","8":"tag-actualites","9":"tag-brief","10":"tag-diplomatie","11":"tag-etats-unis","12":"tag-eu","13":"tag-europe","14":"tag-european-union","15":"tag-fr","16":"tag-france","17":"tag-guerre","18":"tag-news","19":"tag-personnalites","20":"tag-republique-francaise","21":"tag-russie","22":"tag-ue","23":"tag-ukraine","24":"tag-union-europeenne"},"share_on_mastodon":{"url":"https:\/\/pubeurope.com\/@fr\/115427338187851214","error":""},"_links":{"self":[{"href":"https:\/\/www.europesays.com\/fr\/wp-json\/wp\/v2\/posts\/485975","targetHints":{"allow":["GET"]}}],"collection":[{"href":"https:\/\/www.europesays.com\/fr\/wp-json\/wp\/v2\/posts"}],"about":[{"href":"https:\/\/www.europesays.com\/fr\/wp-json\/wp\/v2\/types\/post"}],"author":[{"embeddable":true,"href":"https:\/\/www.europesays.com\/fr\/wp-json\/wp\/v2\/users\/2"}],"replies":[{"embeddable":true,"href":"https:\/\/www.europesays.com\/fr\/wp-json\/wp\/v2\/comments?post=485975"}],"version-history":[{"count":0,"href":"https:\/\/www.europesays.com\/fr\/wp-json\/wp\/v2\/posts\/485975\/revisions"}],"wp:featuredmedia":[{"embeddable":true,"href":"https:\/\/www.europesays.com\/fr\/wp-json\/wp\/v2\/media\/485976"}],"wp:attachment":[{"href":"https:\/\/www.europesays.com\/fr\/wp-json\/wp\/v2\/media?parent=485975"}],"wp:term":[{"taxonomy":"category","embeddable":true,"href":"https:\/\/www.europesays.com\/fr\/wp-json\/wp\/v2\/categories?post=485975"},{"taxonomy":"post_tag","embeddable":true,"href":"https:\/\/www.europesays.com\/fr\/wp-json\/wp\/v2\/tags?post=485975"}],"curies":[{"name":"wp","href":"https:\/\/api.w.org\/{rel}","templated":true}]}}