{"id":485985,"date":"2025-10-24T04:55:26","date_gmt":"2025-10-24T04:55:26","guid":{"rendered":"https:\/\/www.europesays.com\/fr\/485985\/"},"modified":"2025-10-24T04:55:26","modified_gmt":"2025-10-24T04:55:26","slug":"del-potro-bientot-pere-il-repond-a-la-rumeur","status":"publish","type":"post","link":"https:\/\/www.europesays.com\/fr\/485985\/","title":{"rendered":"Del Potro bient\u00f4t p\u00e8re ? Il r\u00e9pond \u00e0 la rumeur"},"content":{"rendered":"<p>                <img decoding=\"async\" src=\"https:\/\/www.europesays.com\/fr\/wp-content\/uploads\/2025\/10\/IfMb.jpg\" fetchpriority=\"high\" alt=\"Del Potro bient\u00f4t p\u00e8re ? Il r\u00e9pond \u00e0 la rumeur \"\/><\/p>\n<p>R\u00e9veill\u00e9 par des dizaines de messages de f\u00e9licitations, le joueur n\u2019en croyait pas ses yeux. Une rumeur annon\u00e7ait alors qu\u2019il allait devenir papa.<\/p>\n<p>Ce matin, le monde du tennis a eu droit \u00e0 un moment insolite. Juan Mart\u00edn del Potro, vainqueur de l\u2019US Open 2009, s\u2019est r\u00e9veill\u00e9 avec son t\u00e9l\u00e9phone inond\u00e9 de messages de f\u00e9licitations. Tous lui souhaitaient la bienvenue dans le monde des futurs papas.<\/p>\n<p>Sauf qu\u2019il y a un petit d\u00e9tail : l\u2019information est totalement fausse et sur ses r\u00e9seaux sociaux, le joueur a imm\u00e9diatement r\u00e9agi, avec humour :<\/p>\n<p>\u00ab Aujourd&rsquo;hui, je me suis r\u00e9veill\u00e9 avec plusieurs messages me f\u00e9licitant parce que j&rsquo;allais devenir papa. Je vous informe que cette nouvelle est totalement FAUSSE !! Je ne connais pas non plus cette personne, ahah. Salutations \u00e0 tous et merci quand m\u00eame pour vos messages. \u00bb<\/p>\n","protected":false},"excerpt":{"rendered":"R\u00e9veill\u00e9 par des dizaines de messages de f\u00e9licitations, le joueur n\u2019en croyait pas ses yeux. Une rumeur annon\u00e7ait&hellip;\n","protected":false},"author":2,"featured_media":485986,"comment_status":"","ping_status":"","sticky":false,"template":"","format":"standard","meta":{"footnotes":""},"categories":[1415],"tags":[1011,27,60,1467],"class_list":{"0":"post-485985","1":"post","2":"type-post","3":"status-publish","4":"format-standard","5":"has-post-thumbnail","7":"category-tennis","8":"tag-fr","9":"tag-france","10":"tag-sports","11":"tag-tennis"},"share_on_mastodon":{"url":"https:\/\/pubeurope.com\/@fr\/115427366176500213","error":""},"_links":{"self":[{"href":"https:\/\/www.europesays.com\/fr\/wp-json\/wp\/v2\/posts\/485985","targetHints":{"allow":["GET"]}}],"collection":[{"href":"https:\/\/www.europesays.com\/fr\/wp-json\/wp\/v2\/posts"}],"about":[{"href":"https:\/\/www.europesays.com\/fr\/wp-json\/wp\/v2\/types\/post"}],"author":[{"embeddable":true,"href":"https:\/\/www.europesays.com\/fr\/wp-json\/wp\/v2\/users\/2"}],"replies":[{"embeddable":true,"href":"https:\/\/www.europesays.com\/fr\/wp-json\/wp\/v2\/comments?post=485985"}],"version-history":[{"count":0,"href":"https:\/\/www.europesays.com\/fr\/wp-json\/wp\/v2\/posts\/485985\/revisions"}],"wp:featuredmedia":[{"embeddable":true,"href":"https:\/\/www.europesays.com\/fr\/wp-json\/wp\/v2\/media\/485986"}],"wp:attachment":[{"href":"https:\/\/www.europesays.com\/fr\/wp-json\/wp\/v2\/media?parent=485985"}],"wp:term":[{"taxonomy":"category","embeddable":true,"href":"https:\/\/www.europesays.com\/fr\/wp-json\/wp\/v2\/categories?post=485985"},{"taxonomy":"post_tag","embeddable":true,"href":"https:\/\/www.europesays.com\/fr\/wp-json\/wp\/v2\/tags?post=485985"}],"curies":[{"name":"wp","href":"https:\/\/api.w.org\/{rel}","templated":true}]}}