{"id":485991,"date":"2025-10-24T04:58:10","date_gmt":"2025-10-24T04:58:10","guid":{"rendered":"https:\/\/www.europesays.com\/fr\/485991\/"},"modified":"2025-10-24T04:58:10","modified_gmt":"2025-10-24T04:58:10","slug":"cest-normal-quil-y-ait-des-frictions-entre-piastri-et-norris-assure-gasly","status":"publish","type":"post","link":"https:\/\/www.europesays.com\/fr\/485991\/","title":{"rendered":"\u00abC&rsquo;est normal qu&rsquo;il y ait des frictions\u00bb entre Piastri et Norris, assure Gasly"},"content":{"rendered":"<p>\n    Avant le Grand Prix du Mexique, le pilote fran\u00e7ais a estim\u00e9 qu\u2019il \u00e9tait logique que la tension monte entre le Britannique Lando Norris et l\u2019Australien Oscar Piastri, les deux pilotes McLaren<\/p>\n<p class=\"fig-paragraph\">Le pilote fran\u00e7ais de Formule 1 Pierre Gasly (Alpine) a estim\u00e9 jeudi qu&rsquo;il \u00e9tait \u00abnormal\u00bb que la tension monte entre le Britannique\u00a0<a href=\"http:\/\/www.lefigaro.fr\/sports\/formule-1\/formule-1-j-ai-le-sentiment-d-avoir-presque-tout-maximise-aujourd-hui-repond-lando-norris-20250921\" data-fig-type=\"NewsFlash\" data-gtm-custom-categorie=\"navigation\" data-gtm-custom-action=\"crossclick\" data-gtm-custom-label=\"Contextuel\" data-gtm-event=\"customEventSPE\" data-fig-domain=\"LEFIGARO\" target=\"_blank\" rel=\"noopener\">Lando Norris<\/a>\u00a0et l&rsquo;Australien Oscar Piastri, les deux pilotes McLaren qui luttent pour le titre mondial.<\/p>\n<p class=\"fig-paragraph\">\u00abC&rsquo;est normal qu&rsquo;il y ait des frictions, on ne parle pas d&rsquo;une victoire, on parle d&rsquo;un championnat et ce serait leur premier pour les deux pilotes\u00bb, a expliqu\u00e9 \u00e0 l&rsquo;AFP le Normand en amont du Grand Prix du Mexique, 20e manche sur 24 de la saison.<\/p>\n<p>                                    <a class=\"fig-a11y-skip a11y-hidden\" href=\"#fig-a11y-skip-main-inarticle\"><br \/>\n        Passer la publicit\u00e9<br \/>\n    <\/a><\/p>\n<p class=\"fig-paragraph\">\u00abLa pression elle est pr\u00e9sente et le fait que Max (Verstappen) soit l\u00e0, je pense que \u00e7a l&rsquo;augmente encore plus, parce qu&rsquo;ils se disent qu&rsquo;\u00e0 tout moment, ils peuvent perdre les deux aussi\u00bb, a ajout\u00e9 le pilote Alpine en r\u00e9f\u00e9rence au retour inattendu dans la bagarre du quadruple champion du monde en titre.<\/p>\n<p class=\"fig-paragraph\">Rel\u00e9gu\u00e9 \u00e0 plus de 100 points de Piastri fin ao\u00fbt, Verstappen est presque intouchable depuis quatre week-ends (3 victoires et une deuxi\u00e8me place, trois pole positions) et est revenu \u00e0 respectivement 40 et 26 longueurs de Piastri et Norris, alors que cinq manches restent \u00e0 disputer cette saison.<\/p>\n<p class=\"fig-paragraph\">Gasly a par ailleurs soutenu la position de l&rsquo;\u00e9curie britannique, qui a d\u00e9cid\u00e9 de laisser ses deux pilotes se battre librement sans en privil\u00e9gier l&rsquo;un d&rsquo;entre eux.<\/p>\n<p class=\"fig-paragraph\">\u00abSi j&rsquo;\u00e9tais \u00e0 la place des deux pilotes, je pr\u00e9f\u00e9rerais que l&rsquo;\u00e9quipe dise +que le meilleur gagne+, sans fixer de hi\u00e9rarchie\u00bb, a soulign\u00e9 Gasly aupr\u00e8s de l&rsquo;AFP.<\/p>\n<p class=\"fig-paragraph\">Alors que des soup\u00e7ons de favoritisme envers Norris sont apparus r\u00e9cemment, le Fran\u00e7ais a reconnu que c&rsquo;est aussi l&rsquo;impression qu&rsquo;il avait.<\/p>\n<p>                                    <a class=\"fig-a11y-skip a11y-hidden\" href=\"#fig-a11y-skip-main-inarticle_mtf\"><br \/>\n        Passer la publicit\u00e9<br \/>\n    <\/a><\/p>\n<p class=\"fig-paragraph\">\u00abDe l&rsquo;ext\u00e9rieur, en regardant toutes les situations de cette ann\u00e9e, malheureusement c&rsquo;est plus Piastri qui a \u00e9t\u00e9 perdant. Je ne pense pas forc\u00e9ment que cela ait \u00e9t\u00e9 fait d\u00e9lib\u00e9r\u00e9ment, mais le r\u00e9sultat c&rsquo;est que c&rsquo;est clairement all\u00e9 dans un sens plus que dans l&rsquo;autre\u00bb, a jug\u00e9 Gasly.<\/p>\n<p class=\"fig-paragraph\">Piastri, en t\u00eate du championnat depuis sa victoire en Arabie saoudite fin avril, compte encore 14 points d&rsquo;avance sur Norris, qui l&rsquo;a toutefois devanc\u00e9 lors des quatre derniers week-ends.<\/p>\n","protected":false},"excerpt":{"rendered":"Avant le Grand Prix du Mexique, le pilote fran\u00e7ais a estim\u00e9 qu\u2019il \u00e9tait logique que la tension monte&hellip;\n","protected":false},"author":2,"featured_media":485992,"comment_status":"","ping_status":"","sticky":false,"template":"","format":"standard","meta":{"footnotes":""},"categories":[1412],"tags":[1111,47,11,1109,1112,1451,118,1108,107,1106,1107,1452,1453,1454,1455,1011,27,1110,1114,14,12,1113,316,60],"class_list":{"0":"post-485991","1":"post","2":"type-post","3":"status-publish","4":"format-standard","5":"has-post-thumbnail","7":"category-f1","8":"tag-actu","9":"tag-actualite","10":"tag-actualites","11":"tag-breves","12":"tag-depeches","13":"tag-f1","14":"tag-faits-divers","15":"tag-fil","16":"tag-fil-info","17":"tag-flash","18":"tag-flash-actu","19":"tag-formula-1","20":"tag-formula1","21":"tag-formule-1","22":"tag-formule1","23":"tag-fr","24":"tag-france","25":"tag-informations","26":"tag-infos","27":"tag-international","28":"tag-news","29":"tag-nouvelles","30":"tag-politique","31":"tag-sports"},"share_on_mastodon":{"url":"https:\/\/pubeurope.com\/@fr\/115427377433963399","error":""},"_links":{"self":[{"href":"https:\/\/www.europesays.com\/fr\/wp-json\/wp\/v2\/posts\/485991","targetHints":{"allow":["GET"]}}],"collection":[{"href":"https:\/\/www.europesays.com\/fr\/wp-json\/wp\/v2\/posts"}],"about":[{"href":"https:\/\/www.europesays.com\/fr\/wp-json\/wp\/v2\/types\/post"}],"author":[{"embeddable":true,"href":"https:\/\/www.europesays.com\/fr\/wp-json\/wp\/v2\/users\/2"}],"replies":[{"embeddable":true,"href":"https:\/\/www.europesays.com\/fr\/wp-json\/wp\/v2\/comments?post=485991"}],"version-history":[{"count":0,"href":"https:\/\/www.europesays.com\/fr\/wp-json\/wp\/v2\/posts\/485991\/revisions"}],"wp:featuredmedia":[{"embeddable":true,"href":"https:\/\/www.europesays.com\/fr\/wp-json\/wp\/v2\/media\/485992"}],"wp:attachment":[{"href":"https:\/\/www.europesays.com\/fr\/wp-json\/wp\/v2\/media?parent=485991"}],"wp:term":[{"taxonomy":"category","embeddable":true,"href":"https:\/\/www.europesays.com\/fr\/wp-json\/wp\/v2\/categories?post=485991"},{"taxonomy":"post_tag","embeddable":true,"href":"https:\/\/www.europesays.com\/fr\/wp-json\/wp\/v2\/tags?post=485991"}],"curies":[{"name":"wp","href":"https:\/\/api.w.org\/{rel}","templated":true}]}}