{"id":486022,"date":"2025-10-24T05:15:21","date_gmt":"2025-10-24T05:15:21","guid":{"rendered":"https:\/\/www.europesays.com\/fr\/486022\/"},"modified":"2025-10-24T05:15:21","modified_gmt":"2025-10-24T05:15:21","slug":"sur-la-reforme-des-retraites-une-suspension-sous-condition-liberation","status":"publish","type":"post","link":"https:\/\/www.europesays.com\/fr\/486022\/","title":{"rendered":"sur la r\u00e9forme des retraites, une suspension sous condition \u2013 Lib\u00e9ration"},"content":{"rendered":"<p class=\"sc-cPiKLX AiZTS text-element\">Une clarification et des questions. Apr\u00e8s plusieurs jours de <a href=\"https:\/\/www.liberation.fr\/economie\/social\/age-legal-de-depart-duree-de-cotisation-qui-sera-vraiment-concerne-par-la-suspension-de-la-reforme-des-retraites-20251016_PISTE3X2JZFABGWCL7MOQ326UU\/\" target=\"_blank\" rel=\"noopener\" title=\"https:\/\/www.liberation.fr\/economie\/social\/age-legal-de-depart-duree-de-cotisation-qui-sera-vraiment-concerne-par-la-suspension-de-la-reforme-des-retraites-20251016_PISTE3X2JZFABGWCL7MOQ326UU\/\">t\u00e2tonnements<\/a>, c\u2019est l\u2019option de la lettre rectificative que le gouvernement a choisie pour suspendre la r\u00e9forme Borne de 2023 ce jeudi en Conseil des ministres. Comme pr\u00e9vu, la marche en avant vers les 64 ans est suspendue jusqu\u2019\u00e0 janvier 2028, tout comme le rel\u00e8vement du nombre de trimestres \u00e0 cotiser pour partir \u00e0 taux plein, et cela passera donc par <a href=\"https:\/\/www.liberation.fr\/politique\/amendement-ou-lettre-rectificative-les-oppositions-veulent-garantir-la-suspension-de-la-reforme-des-retraites-20251020_YYBPWJRQHJAMNJO6E3MCJR3C6Q\/\" target=\"_blank\" rel=\"noreferrer noopener\" title=\"https:\/\/www.liberation.fr\/politique\/amendement-ou-lettre-rectificative-les-oppositions-veulent-garantir-la-suspension-de-la-reforme-des-retraites-20251020_YYBPWJRQHJAMNJO6E3MCJR3C6Q\/\">une lettre rectificative<\/a> au projet de loi de financement de la S\u00e9curit\u00e9 sociale (PLFSS). <\/p>\n<p class=\"sc-cPiKLX AiZTS text-element\">\u00abSi le Parlement le d\u00e9cide, la mise en \u0153uvre de cette r\u00e9forme sera suspendue jusqu\u2019au 1er janvier 2028, soit apr\u00e8s l\u2019\u00e9lection pr\u00e9sidentielle d <\/p>\n","protected":false},"excerpt":{"rendered":"Une clarification et des questions. Apr\u00e8s plusieurs jours de t\u00e2tonnements, c\u2019est l\u2019option de la lettre rectificative que le&hellip;\n","protected":false},"author":2,"featured_media":486023,"comment_status":"","ping_status":"","sticky":false,"template":"","format":"standard","meta":{"footnotes":""},"categories":[2],"tags":[11,25548,1011,27,418,12,11036],"class_list":{"0":"post-486022","1":"post","2":"type-post","3":"status-publish","4":"format-standard","5":"has-post-thumbnail","7":"category-actualites","8":"tag-actualites","9":"tag-budget-public","10":"tag-fr","11":"tag-france","12":"tag-gouvernement","13":"tag-news","14":"tag-reforme-des-retraites"},"share_on_mastodon":{"url":"https:\/\/pubeurope.com\/@fr\/115427444211292317","error":""},"_links":{"self":[{"href":"https:\/\/www.europesays.com\/fr\/wp-json\/wp\/v2\/posts\/486022","targetHints":{"allow":["GET"]}}],"collection":[{"href":"https:\/\/www.europesays.com\/fr\/wp-json\/wp\/v2\/posts"}],"about":[{"href":"https:\/\/www.europesays.com\/fr\/wp-json\/wp\/v2\/types\/post"}],"author":[{"embeddable":true,"href":"https:\/\/www.europesays.com\/fr\/wp-json\/wp\/v2\/users\/2"}],"replies":[{"embeddable":true,"href":"https:\/\/www.europesays.com\/fr\/wp-json\/wp\/v2\/comments?post=486022"}],"version-history":[{"count":0,"href":"https:\/\/www.europesays.com\/fr\/wp-json\/wp\/v2\/posts\/486022\/revisions"}],"wp:featuredmedia":[{"embeddable":true,"href":"https:\/\/www.europesays.com\/fr\/wp-json\/wp\/v2\/media\/486023"}],"wp:attachment":[{"href":"https:\/\/www.europesays.com\/fr\/wp-json\/wp\/v2\/media?parent=486022"}],"wp:term":[{"taxonomy":"category","embeddable":true,"href":"https:\/\/www.europesays.com\/fr\/wp-json\/wp\/v2\/categories?post=486022"},{"taxonomy":"post_tag","embeddable":true,"href":"https:\/\/www.europesays.com\/fr\/wp-json\/wp\/v2\/tags?post=486022"}],"curies":[{"name":"wp","href":"https:\/\/api.w.org\/{rel}","templated":true}]}}