{"id":486028,"date":"2025-10-24T05:18:12","date_gmt":"2025-10-24T05:18:12","guid":{"rendered":"https:\/\/www.europesays.com\/fr\/486028\/"},"modified":"2025-10-24T05:18:12","modified_gmt":"2025-10-24T05:18:12","slug":"vincent-munier-presente-son-film-le-chant-des-forets-en-avant-premiere-a-nancy","status":"publish","type":"post","link":"https:\/\/www.europesays.com\/fr\/486028\/","title":{"rendered":"Vincent Munier pr\u00e9sente son film\u00a0Le Chant des For\u00eats en avant-premi\u00e8re \u00e0 Nancy"},"content":{"rendered":"<blockquote class=\"question\"><p>Vincent, on vous a vu poursuivre <a href=\"https:\/\/www.estrepublicain.fr\/culture-loisirs\/2022\/02\/25\/la-panthere-des-neiges-du-vosgien-vincent-munier-et-de-marie-amiguet-remporte-le-cesar-du-meilleur-film-documentaire\" target=\"_blank\" rel=\"noopener\">La Panth\u00e8re des Neiges<\/a> \u00e0 l\u2019autre bout du monde, ce qui vous a valu un C\u00e9sar en 2022. Mais vous revenez avec un film beaucoup plus intimiste, Le Chant des For\u00eats. De quoi s\u2019agit-il\u00a0?<\/p><\/blockquote>\n<p>\u00ab\u00a0D\u2019une invitation \u00e0 passer du temps dans un aff\u00fbt, en compagnie de trois personnages que sont mon p\u00e8re, Michel, mon fils Simon et moi-m\u00eame. On nous retrouve notamment dans une cabane isol\u00e9e, \u00e0 se chuchoter des histoires autour du feu, que le grand-p\u00e8re de Simon a v\u00e9cues, au fil de milliers de jours et nuits pass\u00e9es dans les for\u00eats, \u00e0 guetter les b\u00eates. On raconte \u00e0 Simon le brame du cerf, le surgissement du lynx\u2026 Puis on l\u2019emm\u00e8ne vivre ces aventures, en vrai. Ici, dans nos Vosges natales. Mais aussi dans le Grand Nord, en Norv\u00e8ge.\u00a0\u00bb<\/p>\n<blockquote class=\"question\"><p>Pourquoi ce film \u00e0 cet instant de votre vie et de votre carri\u00e8re\u00a0?<\/p><\/blockquote>\n<p>\u00ab\u00a0Douze ans, c\u2019\u00e9tait l\u2019\u00e2ge de mon fils quand le projet a \u00e9t\u00e9 lanc\u00e9, et c\u2019est l\u2019\u00e2ge auquel ma vie a bascul\u00e9 lorsque mon p\u00e8re m\u2019a emmen\u00e9 dans mon premier aff\u00fbt. Or \u00e0 cet \u00e2ge, les pr\u00e9ados ont encore cette capacit\u00e9 d\u2019\u00e9merveillement qui s\u2019\u00e9puise plus tard. Par ce film, je voudrais contribuer \u00e0 souffler un peu sur les braises de l\u2019\u00e9merveillement, quel que soit l\u2019\u00e2ge du spectateur.\u00a0\u00bb<\/p>\n<blockquote class=\"question\"><p>Aid\u00e9 en cela par un 4e \u00a0personnage\u00a0: le grand t\u00e9tras.<\/p><\/blockquote>\n<p>\u00ab\u00a0Oui. Que mon p\u00e8re a pass\u00e9 50 ans de sa vie \u00e0 observer, photographier et tenter de prot\u00e9ger. Un oiseau magnifique qui a quasi disparu, h\u00e9las, dans les Vosges. Et \u00e7a, en grande partie \u00e0 cause du <a href=\"https:\/\/www.estrepublicain.fr\/environnement\/rechauffement-climatique\" target=\"_blank\" rel=\"noopener\">r\u00e9chauffement climatique<\/a>. D\u2019o\u00f9 notre voyage en Norv\u00e8ge, avec l\u2019espoir de pouvoir le montrer \u00e0 Simon. Un espoir un peu fou, c\u2019est vrai.\u00a0\u00bb<\/p>\n<blockquote class=\"question\"><p>Le titre du film nous invite aussi \u00e0 ouvrir grandes nos oreilles. Mais pour entendre quoi\u00a0?<\/p><\/blockquote>\n<p>\u00ab\u00a0La salle plong\u00e9e dans le noir du cin\u00e9ma n\u2019est pas sans rappeler les conditions de l\u2019aff\u00fbt, o\u00f9 le son peut jouer pleinement son r\u00f4le. \u00c0 l\u2019aff\u00fbt dans la for\u00eat qui nous enveloppe, on entend avant de voir, que ce soit la hulotte, le grand-duc, le cerf, la grue, et bien s\u00fbr le grand t\u00e9tras. On sent partout la pr\u00e9sence invisible qui nous observe \u00e0 notre insu, o\u00f9 nous ne sommes qu\u2019une b\u00eate parmi les b\u00eates. Et quand surgit la pr\u00e9sence, quelle \u00e9motion\u00a0! C\u2019est \u00e7a, ce film, une proposition \u00e0 vivre cette \u00e9motion. Il s\u2019agit donc de plonger le spectateur dans ces<\/p>\n<p>conditions singuli\u00e8res, tous sens en \u00e9veil.\u00a0\u00bb<\/p>\n<blockquote class=\"question\"><p>Mais comment capter ces moments de gr\u00e2ce avec une \u00e9quipe de tournage\u00a0?<\/p><\/blockquote>\n<p>\u00ab\u00a0On a tourn\u00e9 dans des conditions atypiques. Avec trois, voire cinq personnes au maximum. De sorte de fausser le moins possible la r\u00e9alit\u00e9. Par ailleurs, \u00e9tant obs\u00e9d\u00e9 par l\u2019envie de magnifier les b\u00eates via l\u2019image, tous les matins, tous les soirs, je suis dehors. J\u2019accumule les plans. On a donc aussi pioch\u00e9 dans ces dix derni\u00e8res ann\u00e9es d\u2019images pour nourrir ce r\u00e9cit d\u2019instants magiques. Ce qui a n\u00e9cessit\u00e9 huit mois de montage, un travail ph\u00e9nom\u00e9nal.\u00a0\u00bb<\/p>\n<blockquote class=\"question\"><p>La maison br\u00fble de partout. O\u00f9 tirez-vous encore l\u2019espoir que vos messages puissent passer et \u00eatre suivis d\u2019effets concrets\u00a0?<\/p><\/blockquote>\n<p>\u00ab\u00a0Notre arrogance vient en effet bousiller l\u2019environnement et la vie de quantit\u00e9 d\u2019autres cr\u00e9atures. Cette soci\u00e9t\u00e9 manque cruellement de raison, et plus encore de po\u00e9sie. Or, ces moments dans la for\u00eat me font l\u2019effet d\u2019un baume r\u00e9parateur qui apaise les blessures, cicatrise nos f\u00ealures. Et j\u2019esp\u00e8re que ce film donnera envie aux gens de prendre leur sac \u00e0 dos, pour se poser dans la for\u00eat et tenter, respectueusement, d\u2019aller \u00e0 la rencontre des animaux \u00e0 nos portes. Encore hier, Simon rayonnait en observant un h\u00e9ron qui passait tout pr\u00e8s de nous. Pour moi, c\u2019est \u00e7a, l\u2019espoir.<\/p>\n<p>Ce film, c\u2019est aussi une fa\u00e7on de me pr\u00e9parer \u00e0 la disparition de mon p\u00e8re. Mais il dit lui-m\u00eame que d\u2019un arbre mort dans la for\u00eat, peuvent na\u00eetre mille et un autres mondes. D\u2019autres v\u00e9g\u00e9taux l\u2019investissent\u00a0! Des mammif\u00e8res, oiseaux, insectes, s\u2019y logent et s\u2019en nourrissent. \u201cOn est dans ce qui s\u2019en va\u201d, dit-il. Et c\u2019est tellement vrai.\u00a0\u00bb<\/p>\n<p class=\"note\">Sortie le 17\u00a0d\u00e9cembre. Avant-Premi\u00e8re le 26\u00a0novembre \u00e0 20\u00a0h\u00a030 au Cam\u00e9o Saint-S\u00e9bastien en pr\u00e9sence du r\u00e9alisateur. R\u00e9servation vivement conseill\u00e9e.<\/p>\n","protected":false},"excerpt":{"rendered":"Vincent, on vous a vu poursuivre La Panth\u00e8re des Neiges \u00e0 l\u2019autre bout du monde, ce qui vous&hellip;\n","protected":false},"author":2,"featured_media":486029,"comment_status":"","ping_status":"","sticky":false,"template":"","format":"standard","meta":{"footnotes":""},"categories":[9635],"tags":[1111,11,1867,650,1687,3602,1707,1704,1706,1705,10174,436,1777,674,1011,27,775,1702,1703,12,25,104],"class_list":{"0":"post-486028","1":"post","2":"type-post","3":"status-publish","4":"format-standard","5":"has-post-thumbnail","7":"category-nancy","8":"tag-actu","9":"tag-actualites","10":"tag-animaux","11":"tag-cinema","12":"tag-culture-loisirs","13":"tag-edition-bar-le-duc","14":"tag-edition-luneville","15":"tag-edition-nancy-et-agglomeration","16":"tag-edition-pont-a-mousson","17":"tag-edition-toul","18":"tag-edition-verdun","19":"tag-environnement","20":"tag-eu","21":"tag-europe","22":"tag-fr","23":"tag-france","24":"tag-grand-est","25":"tag-nancy","26":"tag-nancy-ville-54b","27":"tag-news","28":"tag-republique-francaise","29":"tag-societe"},"share_on_mastodon":{"url":"https:\/\/pubeurope.com\/@fr\/115427456043911408","error":""},"_links":{"self":[{"href":"https:\/\/www.europesays.com\/fr\/wp-json\/wp\/v2\/posts\/486028","targetHints":{"allow":["GET"]}}],"collection":[{"href":"https:\/\/www.europesays.com\/fr\/wp-json\/wp\/v2\/posts"}],"about":[{"href":"https:\/\/www.europesays.com\/fr\/wp-json\/wp\/v2\/types\/post"}],"author":[{"embeddable":true,"href":"https:\/\/www.europesays.com\/fr\/wp-json\/wp\/v2\/users\/2"}],"replies":[{"embeddable":true,"href":"https:\/\/www.europesays.com\/fr\/wp-json\/wp\/v2\/comments?post=486028"}],"version-history":[{"count":0,"href":"https:\/\/www.europesays.com\/fr\/wp-json\/wp\/v2\/posts\/486028\/revisions"}],"wp:featuredmedia":[{"embeddable":true,"href":"https:\/\/www.europesays.com\/fr\/wp-json\/wp\/v2\/media\/486029"}],"wp:attachment":[{"href":"https:\/\/www.europesays.com\/fr\/wp-json\/wp\/v2\/media?parent=486028"}],"wp:term":[{"taxonomy":"category","embeddable":true,"href":"https:\/\/www.europesays.com\/fr\/wp-json\/wp\/v2\/categories?post=486028"},{"taxonomy":"post_tag","embeddable":true,"href":"https:\/\/www.europesays.com\/fr\/wp-json\/wp\/v2\/tags?post=486028"}],"curies":[{"name":"wp","href":"https:\/\/api.w.org\/{rel}","templated":true}]}}