{"id":486032,"date":"2025-10-24T05:20:12","date_gmt":"2025-10-24T05:20:12","guid":{"rendered":"https:\/\/www.europesays.com\/fr\/486032\/"},"modified":"2025-10-24T05:20:12","modified_gmt":"2025-10-24T05:20:12","slug":"grand-nettoyage-pour-la-rade-de-toulon","status":"publish","type":"post","link":"https:\/\/www.europesays.com\/fr\/486032\/","title":{"rendered":"Grand nettoyage pour la rade de Toulon"},"content":{"rendered":"<p>A partir d&rsquo;aujourd&rsquo;hui et durant trois jours, la rade de Toulon fait l&rsquo;objet d&rsquo;un grand nettoyage. Cette    op\u00e9ration, baptis\u00e9e \u00ab Port Propre \u00bb, a \u00e9t\u00e9 lanc\u00e9e sous l&rsquo;impulsion de la Marine nationale et rassemble les communes et acteurs de la rade, notamment les industriels, comme DCNS, implant\u00e9s au sein de la base navale. Des op\u00e9rations de nettoyage des fonds et de la surface auront lieu dans le port de Saint-Mandrier et sur ses plages, ainsi que les ports civil et militaire de Toulon. A Hy\u00e8res, \u00e9galement, la base d&rsquo;a\u00e9ronautique navale entreprend le nettoyage des fonds \u00e0 Port Pothuau.  <\/p>\n","protected":false},"excerpt":{"rendered":"A partir d&rsquo;aujourd&rsquo;hui et durant trois jours, la rade de Toulon fait l&rsquo;objet d&rsquo;un grand nettoyage. Cette op\u00e9ration,&hellip;\n","protected":false},"author":2,"featured_media":486033,"comment_status":"","ping_status":"","sticky":false,"template":"","format":"standard","meta":{"footnotes":""},"categories":[9619],"tags":[1111,11,6130,6141,6131,6138,2380,6135,554,1777,6136,674,1011,27,6139,6134,3135,6128,567,6129,6127,12,6132,4838,882,6133,25,6140,6137,2310],"class_list":{"0":"post-486032","1":"post","2":"type-post","3":"status-publish","4":"format-standard","5":"has-post-thumbnail","7":"category-toulon","8":"tag-actu","9":"tag-actualites","10":"tag-chantiers","11":"tag-commando","12":"tag-construction-navale","13":"tag-costa","14":"tag-croisiere","15":"tag-dcns","16":"tag-defense","17":"tag-eu","18":"tag-euronaval","19":"tag-europe","20":"tag-fr","21":"tag-france","22":"tag-fremm","23":"tag-interviews","24":"tag-littoral","25":"tag-marine","26":"tag-marine-nationale","27":"tag-maritime","28":"tag-mer","29":"tag-news","30":"tag-offshore","31":"tag-peche","32":"tag-provence-alpes-cote-dazur","33":"tag-reportages","34":"tag-republique-francaise","35":"tag-sncm","36":"tag-stx","37":"tag-toulon"},"share_on_mastodon":{"url":"https:\/\/pubeurope.com\/@fr\/115427463916540934","error":""},"_links":{"self":[{"href":"https:\/\/www.europesays.com\/fr\/wp-json\/wp\/v2\/posts\/486032","targetHints":{"allow":["GET"]}}],"collection":[{"href":"https:\/\/www.europesays.com\/fr\/wp-json\/wp\/v2\/posts"}],"about":[{"href":"https:\/\/www.europesays.com\/fr\/wp-json\/wp\/v2\/types\/post"}],"author":[{"embeddable":true,"href":"https:\/\/www.europesays.com\/fr\/wp-json\/wp\/v2\/users\/2"}],"replies":[{"embeddable":true,"href":"https:\/\/www.europesays.com\/fr\/wp-json\/wp\/v2\/comments?post=486032"}],"version-history":[{"count":0,"href":"https:\/\/www.europesays.com\/fr\/wp-json\/wp\/v2\/posts\/486032\/revisions"}],"wp:featuredmedia":[{"embeddable":true,"href":"https:\/\/www.europesays.com\/fr\/wp-json\/wp\/v2\/media\/486033"}],"wp:attachment":[{"href":"https:\/\/www.europesays.com\/fr\/wp-json\/wp\/v2\/media?parent=486032"}],"wp:term":[{"taxonomy":"category","embeddable":true,"href":"https:\/\/www.europesays.com\/fr\/wp-json\/wp\/v2\/categories?post=486032"},{"taxonomy":"post_tag","embeddable":true,"href":"https:\/\/www.europesays.com\/fr\/wp-json\/wp\/v2\/tags?post=486032"}],"curies":[{"name":"wp","href":"https:\/\/api.w.org\/{rel}","templated":true}]}}