{"id":486047,"date":"2025-10-24T05:31:14","date_gmt":"2025-10-24T05:31:14","guid":{"rendered":"https:\/\/www.europesays.com\/fr\/486047\/"},"modified":"2025-10-24T05:31:14","modified_gmt":"2025-10-24T05:31:14","slug":"strasbourg-lhomme-dimages-jean-luc-nachbauer-cede-son-fonds-video-aux-archives-dalsace","status":"publish","type":"post","link":"https:\/\/www.europesays.com\/fr\/486047\/","title":{"rendered":"Strasbourg. L\u2019homme d\u2019images, Jean-Luc Nachbauer, c\u00e8de son fonds vid\u00e9o aux Archives d\u2019Alsace"},"content":{"rendered":"<p>Un \u00e9cran dans la salle pl\u00e9ni\u00e8re de la Collectivit\u00e9 europ\u00e9enne d\u2019Alsace (CEA). Mardi 21\u00a0octobre, l\u2019H\u00f4tel d\u2019Alsace de la place du Quartier-Blanc \u00e0 Strasbourg s\u2019est transform\u00e9 en salle de cin\u00e9ma. La soir\u00e9e a d\u00e9marr\u00e9 avec la projection d\u2019une br\u00e8ve s\u00e9lection po\u00e9tique et atypique de l\u2019activit\u00e9 des Films de l\u2019Europe qui, depuis 1991, ont produit et r\u00e9alis\u00e9 plus de 500 films, clips, films institutionnels et industriels, magazines, reportages, documentaires pour la t\u00e9l\u00e9vision, \u00e0 travers le monde. Son fondateur, <a href=\"https:\/\/www.dna.fr\/edition-de-obernai-barr-rosheim\/2011\/12\/15\/jean-luc-nachbauer-chevalier-des-arts-et-lettres\" target=\"_blank\" rel=\"noopener\">Jean-Luc Nachbauer<\/a> , pr\u00e9cise qu\u2019une bonne partie d\u2019entre eux ont \u00e9t\u00e9 tourn\u00e9s dans la r\u00e9gion.<\/p>\n<p>Le pr\u00e9sident de la CEA, <a href=\"https:\/\/www.dna.fr\/politique\/2025\/10\/12\/l-irresistible-ascension-du-vote-rn-en-alsace\" target=\"_blank\" rel=\"noopener\">Fr\u00e9d\u00e9ric Bierry<\/a> , salue celui qui \u00ab\u00a0a veill\u00e9 \u00e0 mettre dans ses films le meilleur de l\u2019Alsace\u00a0\u00bb avec&#8230;<\/p>\n","protected":false},"excerpt":{"rendered":"Un \u00e9cran dans la salle pl\u00e9ni\u00e8re de la Collectivit\u00e9 europ\u00e9enne d\u2019Alsace (CEA). Mardi 21\u00a0octobre, l\u2019H\u00f4tel d\u2019Alsace de la&hellip;\n","protected":false},"author":2,"featured_media":486048,"comment_status":"","ping_status":"","sticky":false,"template":"","format":"standard","meta":{"footnotes":""},"categories":[2820],"tags":[1111,11,650,1687,1777,674,107,1011,27,775,12,2661,25,640],"class_list":{"0":"post-486047","1":"post","2":"type-post","3":"status-publish","4":"format-standard","5":"has-post-thumbnail","7":"category-strasbourg","8":"tag-actu","9":"tag-actualites","10":"tag-cinema","11":"tag-culture-loisirs","12":"tag-eu","13":"tag-europe","14":"tag-fil-info","15":"tag-fr","16":"tag-france","17":"tag-grand-est","18":"tag-news","19":"tag-patrimoine-culturel","20":"tag-republique-francaise","21":"tag-strasbourg"},"share_on_mastodon":{"url":"https:\/\/pubeurope.com\/@fr\/115427507234535846","error":""},"_links":{"self":[{"href":"https:\/\/www.europesays.com\/fr\/wp-json\/wp\/v2\/posts\/486047","targetHints":{"allow":["GET"]}}],"collection":[{"href":"https:\/\/www.europesays.com\/fr\/wp-json\/wp\/v2\/posts"}],"about":[{"href":"https:\/\/www.europesays.com\/fr\/wp-json\/wp\/v2\/types\/post"}],"author":[{"embeddable":true,"href":"https:\/\/www.europesays.com\/fr\/wp-json\/wp\/v2\/users\/2"}],"replies":[{"embeddable":true,"href":"https:\/\/www.europesays.com\/fr\/wp-json\/wp\/v2\/comments?post=486047"}],"version-history":[{"count":0,"href":"https:\/\/www.europesays.com\/fr\/wp-json\/wp\/v2\/posts\/486047\/revisions"}],"wp:featuredmedia":[{"embeddable":true,"href":"https:\/\/www.europesays.com\/fr\/wp-json\/wp\/v2\/media\/486048"}],"wp:attachment":[{"href":"https:\/\/www.europesays.com\/fr\/wp-json\/wp\/v2\/media?parent=486047"}],"wp:term":[{"taxonomy":"category","embeddable":true,"href":"https:\/\/www.europesays.com\/fr\/wp-json\/wp\/v2\/categories?post=486047"},{"taxonomy":"post_tag","embeddable":true,"href":"https:\/\/www.europesays.com\/fr\/wp-json\/wp\/v2\/tags?post=486047"}],"curies":[{"name":"wp","href":"https:\/\/api.w.org\/{rel}","templated":true}]}}