{"id":486053,"date":"2025-10-24T05:34:13","date_gmt":"2025-10-24T05:34:13","guid":{"rendered":"https:\/\/www.europesays.com\/fr\/486053\/"},"modified":"2025-10-24T05:34:13","modified_gmt":"2025-10-24T05:34:13","slug":"a-nice-la-protection-fonctionnelle-accordee-a-christian-estrosi-pour-une-plainte-contre-eric-ciotti-fait-polemique","status":"publish","type":"post","link":"https:\/\/www.europesays.com\/fr\/486053\/","title":{"rendered":"\u00c0 Nice, la protection fonctionnelle accord\u00e9e \u00e0 Christian Estrosi pour une plainte contre \u00c9ric Ciotti fait pol\u00e9mique"},"content":{"rendered":"<p>\n    Les frais d\u2019avocat du pr\u00e9sident-maire de Nice seront pris en charge par la m\u00e9tropole dans le cadre d\u2019une plainte en diffamation contre \u00c9ric Ciotti.<\/p>\n<p class=\"fig-paragraph\">Une protection fonctionnelle a \u00e9t\u00e9 accord\u00e9e \u00e0 Christian Estrosi, pr\u00e9sident-maire de Nice (Alpes-Maritimes), dans le cadre\u00a0<a href=\"http:\/\/www.lefigaro.fr\/nice\/nice-un-proces-a-venir-pour-eric-ciotti-apres-une-plainte-en-diffamation-de-christian-estrosi-20250623\" data-fig-type=\"NewsFlash\" data-gtm-custom-categorie=\"navigation\" data-gtm-custom-action=\"crossclick\" data-gtm-custom-label=\"Contextuel\" data-gtm-event=\"customEventSPE\" data-fig-domain=\"LEFIGARO\" rel=\"nofollow noopener\" target=\"_blank\">d\u2019une plainte en diffamation contre \u00c9ric Ciotti<\/a>, malgr\u00e9 la contestation de celui-ci ainsi que d\u2019autres \u00e9lus de la m\u00e9tropole. La question d\u2019un usage l\u00e9gitime ou abusif de cette disposition, qui permet la prise en charge des frais d\u2019avocat par la collectivit\u00e9, s\u2019est pos\u00e9e lors du conseil m\u00e9tropolitain, mercredi, sur fond du conflit personnel entre ces deux \u00e9lus qui se livreront \u00e0\u00a0<a href=\"http:\/\/www.lefigaro.fr\/elections\/municipales\/municipales-2026-eric-ciotti-officialise-sa-candidature-a-nice-20250827\" data-fig-type=\"NewsFlash\" data-gtm-custom-categorie=\"navigation\" data-gtm-custom-action=\"crossclick\" data-gtm-custom-label=\"Contextuel\" data-gtm-event=\"customEventSPE\" data-fig-domain=\"LEFIGARO\" rel=\"nofollow noopener\" target=\"_blank\">un combat fratricide lors des prochaines municipales<\/a>.<\/p>\n<p class=\"fig-paragraph\"><a href=\"http:\/\/www.lefigaro.fr\/nice\/l-extension-de-la-coulee-verte-a-nice-l-aboutissement-d-un-projet-controverse-de-christian-estrosi-20251022\" data-fig-type=\"NewsFlash\" data-gtm-custom-categorie=\"navigation\" data-gtm-custom-action=\"crossclick\" data-gtm-custom-label=\"Contextuel\" data-gtm-event=\"customEventSPE\" data-fig-domain=\"LEFIGARO\" rel=\"nofollow noopener\" target=\"_blank\">Christian Estrosi (Horizons)<\/a>\u00a0avait port\u00e9 plainte avec constitution de partie civile contre\u00a0<a href=\"http:\/\/www.lefigaro.fr\/politique\/eric-ciotti-l-alternative-est-claire-pour-lr-soit-ils-censurent-soit-le-peuple-les-censurera-20251015\" data-fig-type=\"Article\" data-gtm-custom-categorie=\"navigation\" data-gtm-custom-action=\"crossclick\" data-gtm-custom-label=\"Contextuel\" data-gtm-event=\"customEventSPE\" data-fig-domain=\"LEFIGARO\" rel=\"nofollow noopener\" target=\"_blank\">\u00c9ric Ciotti (UDR)<\/a>\u00a0apr\u00e8s ses propos tenus dans le quotidien r\u00e9gional Nice-Matin sur\u00a0<a href=\"http:\/\/www.lefigaro.fr\/nice\/affaire-des-chantiers-de-la-tempete-alex-surfacturation-ou-malfacons-la-justice-ordonne-une-nouvelle-expertise-20250514\" data-fig-type=\"NewsFlash\" data-gtm-custom-categorie=\"navigation\" data-gtm-custom-action=\"crossclick\" data-gtm-custom-label=\"Contextuel\" data-gtm-event=\"customEventSPE\" data-fig-domain=\"LEFIGARO\" rel=\"nofollow noopener\" target=\"_blank\">les travaux de reconstruction post-temp\u00eate Alex<\/a>. Le d\u00e9put\u00e9 avait estim\u00e9, apr\u00e8s la divulgation\u00a0<a href=\"http:\/\/www.lefigaro.fr\/nice\/tempete-alex-ce-document-interne-sur-le-financement-des-travaux-qui-seme-le-trouble-autour-de-christian-estrosi-20231030\" data-fig-type=\"NewsFlash\" data-gtm-custom-categorie=\"navigation\" data-gtm-custom-action=\"crossclick\" data-gtm-custom-label=\"Contextuel\" data-gtm-event=\"customEventSPE\" data-fig-domain=\"LEFIGARO\" rel=\"nofollow noopener\" target=\"_blank\">d\u2019une note interne<\/a>\u00a0laissant croire \u00e0 un arr\u00eat volontaire des chantiers, que cela revenait \u00ab\u00e0 avoir d\u00e9lib\u00e9r\u00e9ment mis en danger la vie des populations\u00bb.<\/p>\n<p>                                    <a class=\"fig-a11y-skip a11y-hidden\" href=\"#fig-a11y-skip-main-inarticle\"><br \/>\n        Passer la publicit\u00e9<br \/>\n    <\/a><\/p>\n<p class=\"fig-paragraph\">Dans le cadre de cette proc\u00e9dure, Christian Estrosi a ainsi sollicit\u00e9 et obtenu une protection fonctionnelle en tant que pr\u00e9sident de la m\u00e9tropole de Nice C\u00f4te d\u2019Azur. La collectivit\u00e9 est charg\u00e9e d\u2019une grande partie des travaux dans l\u2019arri\u00e8re-pays ni\u00e7ois mais des soup\u00e7ons de malversations financi\u00e8res ont engendr\u00e9\u00a0<a href=\"http:\/\/www.lefigaro.fr\/nice\/affaires-des-chantiers-post-tempete-alex-les-21-gardes-a-vue-levees-aucune-poursuite-a-ce-stade-20240315\" data-fig-type=\"NewsFlash\" data-gtm-custom-categorie=\"navigation\" data-gtm-custom-action=\"crossclick\" data-gtm-custom-label=\"Contextuel\" data-gtm-event=\"customEventSPE\" data-fig-domain=\"LEFIGARO\" rel=\"nofollow noopener\" target=\"_blank\">l\u2019ouverture d\u2019une enqu\u00eate judiciaire<\/a>, toujours en cours.<\/p>\n<p>Argent du contribuable \u00abd\u00e9tourn\u00e9\u00bb<\/p>\n<p class=\"fig-paragraph\">Toutefois, cette protection fonctionnelle interroge au point qu\u2019elle fasse m\u00eame pol\u00e9mique\u00a0: dans un courrier adress\u00e9 aux maires de la m\u00e9tropole \u00e0 la veille de l\u2019assembl\u00e9e, \u00c9ric Ciotti leur a intim\u00e9 de s\u2019opposer \u00e0 lui accorder cet outil l\u00e9gislatif. \u00abCe comportement est d\u2019autant plus grave qu\u2019il d\u00e9tourne des moyens financiers de la m\u00e9tropole et donc des contribuables au profit d\u2019un diff\u00e9rend personnel de Monsieur Estrosi vis-\u00e0-vis de moi\u00bb, souligne-t-il dans sa missive qu\u2019a pu se procurer Le Figaro.<\/p>\n<p class=\"fig-paragraph\">Pour Ga\u00eblle Frontini, \u00e9lue \u00abciottiste\u00bb, il s\u2019agit encore \u00abd\u2019un vote qui engage un pr\u00e9c\u00e9dent dangereux\u00a0: celui d\u2019une institution qui accepte que l\u2019argent de tous serve \u00e0 r\u00e9gler un diff\u00e9rend politique personnel\u00bb, a-t-elle d\u00e9clar\u00e9 mercredi lors du conseil m\u00e9tropolitain.<\/p>\n<p class=\"fig-paragraph\">La maire de la petite commune de Venanson a d\u00e9nonc\u00e9 \u00abune mesure exceptionnelle qui semble se transformer en outil d\u2019attaque d\u2019un opposant politique\u00bb. \u00abEn recouvrant \u00e0 cette mesure, ne faites-vous pas glisser la m\u00e9tropole dans une d\u00e9rive o\u00f9 l\u2019institution devient un instrument personnel\u00a0?\u00bb, a encore interrog\u00e9 L\u0153titia Lor\u00e9, soutenue par son coll\u00e8gue Xavier Beck, maire de Cap-d\u2019Ail, qui a insist\u00e9 sur \u00abune judiciarisation extr\u00eamement dangereuse\u00bb.<\/p>\n<p>\u00abIntimidation\u00bb<\/p>\n<p class=\"fig-paragraph\">La moindre parole critique pourrait-elle faire l\u2019objet d\u2019une plainte avec une protection fonctionnelle\u00a0? Pour les soutiens de Christian Estrosi, il ne faut pas tout confondre\u00a0: \u00abce n\u2019est pas un caprice pour \u00eatre d\u00e9fendu, c\u2019est une d\u00e9claration extr\u00eamement grave, d\u2019une violence inou\u00efe\u00bb, a estim\u00e9\u00a0<a href=\"https:\/\/www.lefigaro.fr\/politique\/le-scan\/2016\/07\/19\/25001-20160719ARTFIG00371-philippe-pradal-le-maire-de-nice-condamne-a-agir-dans-l-ombre-de-christian-estrosi.php\" data-fig-type=\"Article\" data-gtm-custom-categorie=\"navigation\" data-gtm-custom-action=\"crossclick\" data-gtm-custom-label=\"Contextuel\" data-gtm-event=\"customEventSPE\" data-fig-domain=\"LEFIGARO\" rel=\"nofollow noopener\" target=\"_blank\">Philippe Pradal<\/a>, vice-pr\u00e9sident de la m\u00e9tropole ni\u00e7oise, \u00e9voquant aussi une ing\u00e9rence du d\u00e9put\u00e9 qui n\u2019est pas \u00e9lu dans cette collectivit\u00e9. \u00abLa protection fonctionnelle est pr\u00e9vue par la loi pour se d\u00e9fendre et pour attaquer\u00bb, a soutenu\u00a0<a href=\"http:\/\/www.lefigaro.fr\/nice\/a-nice-le-tout-puissant-couple-borre-derriere-christian-estrosi-20230630\" data-fig-type=\"Article\" data-gtm-custom-categorie=\"navigation\" data-gtm-custom-action=\"crossclick\" data-gtm-custom-label=\"Contextuel\" data-gtm-event=\"customEventSPE\" data-fig-domain=\"LEFIGARO\" rel=\"nofollow noopener\" target=\"_blank\">Anthony Borr\u00e9<\/a>, premier adjoint \u00e0 la ville de Nice.<\/p>\n<p>                                    <a class=\"fig-a11y-skip a11y-hidden\" href=\"#fig-a11y-skip-main-inarticle_mtf\"><br \/>\n        Passer la publicit\u00e9<br \/>\n    <\/a><\/p>\n<p class=\"fig-paragraph\">\u00abMonsieur Ciotti transforme la justice en arme politique. Ce courrier est une tentative d\u2019intimidation pour discr\u00e9diter Christian Estrosi \u00e0 quelques mois des municipales\u00bb, s\u2019est dit, \u00abnavr\u00e9\u00bb, le maire de Saint-Laurent-du-Var, Joseph S\u00e9gura. \u00abJe crois qu\u2019on s\u2019\u00e9gare un peu dans le feu d\u2019une campagne calomnieuse et d\u2019invectives qui est d\u00e9j\u00e0 lanc\u00e9e\u00bb, a comment\u00e9 la conseill\u00e8re aux affaires juridiques Martine Ouaknine, qui a pr\u00e9sent\u00e9 cette d\u00e9lib\u00e9ration.<\/p>\n<p class=\"fig-paragraph\">Ces frais exacts de repr\u00e9sentation n\u2019ont pas \u00e9t\u00e9 pr\u00e9cis\u00e9s lors de ce d\u00e9bat au terme duquel la protection fonctionnelle a bien \u00e9t\u00e9 vot\u00e9e malgr\u00e9 quelques abstentions et oppositions. \u00abJ\u2019attends ce d\u00e9bat judiciaire avec impatience\u00a0: il sera l\u2019occasion de faire toute la lumi\u00e8re sur une gestion que j\u2019ai toujours consid\u00e9r\u00e9e comme d\u00e9faillante et dangereuse pour nos vall\u00e9es\u00bb, avait d\u00e9clar\u00e9 \u00c9ric Ciotti aupr\u00e8s du Figaro \u00e0 propos de cette plainte.<\/p>\n<p class=\"fig-paragraph\">L\u2019audience au tribunal judiciaire de Nice doit se tenir le 10 novembre.<\/p>\n","protected":false},"excerpt":{"rendered":"Les frais d\u2019avocat du pr\u00e9sident-maire de Nice seront pris en charge par la m\u00e9tropole dans le cadre d\u2019une&hellip;\n","protected":false},"author":2,"featured_media":486054,"comment_status":"","ping_status":"","sticky":false,"template":"","format":"standard","meta":{"footnotes":""},"categories":[2819],"tags":[1111,11,2397,6537,1777,674,1011,27,303,12,2401,882,25],"class_list":{"0":"post-486053","1":"post","2":"type-post","3":"status-publish","4":"format-standard","5":"has-post-thumbnail","7":"category-nice","8":"tag-actu","9":"tag-actualites","10":"tag-christian-estrosi","11":"tag-eric-ciotti","12":"tag-eu","13":"tag-europe","14":"tag-fr","15":"tag-france","16":"tag-justice","17":"tag-news","18":"tag-nice","19":"tag-provence-alpes-cote-dazur","20":"tag-republique-francaise"},"share_on_mastodon":{"url":"https:\/\/pubeurope.com\/@fr\/115427519021612487","error":""},"_links":{"self":[{"href":"https:\/\/www.europesays.com\/fr\/wp-json\/wp\/v2\/posts\/486053","targetHints":{"allow":["GET"]}}],"collection":[{"href":"https:\/\/www.europesays.com\/fr\/wp-json\/wp\/v2\/posts"}],"about":[{"href":"https:\/\/www.europesays.com\/fr\/wp-json\/wp\/v2\/types\/post"}],"author":[{"embeddable":true,"href":"https:\/\/www.europesays.com\/fr\/wp-json\/wp\/v2\/users\/2"}],"replies":[{"embeddable":true,"href":"https:\/\/www.europesays.com\/fr\/wp-json\/wp\/v2\/comments?post=486053"}],"version-history":[{"count":0,"href":"https:\/\/www.europesays.com\/fr\/wp-json\/wp\/v2\/posts\/486053\/revisions"}],"wp:featuredmedia":[{"embeddable":true,"href":"https:\/\/www.europesays.com\/fr\/wp-json\/wp\/v2\/media\/486054"}],"wp:attachment":[{"href":"https:\/\/www.europesays.com\/fr\/wp-json\/wp\/v2\/media?parent=486053"}],"wp:term":[{"taxonomy":"category","embeddable":true,"href":"https:\/\/www.europesays.com\/fr\/wp-json\/wp\/v2\/categories?post=486053"},{"taxonomy":"post_tag","embeddable":true,"href":"https:\/\/www.europesays.com\/fr\/wp-json\/wp\/v2\/tags?post=486053"}],"curies":[{"name":"wp","href":"https:\/\/api.w.org\/{rel}","templated":true}]}}