{"id":486072,"date":"2025-10-24T05:44:12","date_gmt":"2025-10-24T05:44:12","guid":{"rendered":"https:\/\/www.europesays.com\/fr\/486072\/"},"modified":"2025-10-24T05:44:12","modified_gmt":"2025-10-24T05:44:12","slug":"a-marseille-un-commerce-a-deux-vitesses","status":"publish","type":"post","link":"https:\/\/www.europesays.com\/fr\/486072\/","title":{"rendered":"\u00c0 Marseille, un commerce \u00e0 deux vitesses"},"content":{"rendered":"\n<p>Face \u00e0 l\u2019annonce du d\u00e9part des Galeries Lafayette de Marseille, la Chambre de commerce et d\u2019industrie avait sorti <a href=\"https:\/\/www.lamarseillaise.fr\/economie\/muselier-en-appelle-a-l-etat-pour-sauver-le-centre-bourse-MJ17699162\" target=\"_blank\" rel=\"noopener\">la carte d\u2019une nouvelle \u00e9tude<\/a> cofinanc\u00e9e par les collectivit\u00e9s pour faire un point sur l\u2019\u00e9tat du commerce en centre-ville et proposer des pistes d\u2019am\u00e9lioration. Les premiers r\u00e9sultats, pr\u00e9sent\u00e9s lors d\u2019un comit\u00e9 de pilotage le 10\u00a0octobre et d\u00e9voil\u00e9s mardi par le site d\u2019information Marsactu, pointent un taux de vacance commerciale \u00ab\u00a0consid\u00e9r\u00e9 comme tr\u00e8s pr\u00e9occupant\u00a0\u00bb dans le grand centre-ville, avec 20% de locaux inoccup\u00e9s, dont pr\u00e8s de la moiti\u00e9 depuis plus de sept ans, jusqu\u2019\u00e0 devenir v\u00e9tustes. Mais celui-ci tombe \u00e0 11,7% dans le c\u0153ur marchand, un niveau comparable \u00e0 Bordeaux ou Montpellier et en baisse sur la derni\u00e8re ann\u00e9e. Ces r\u00e9sultats ne dissimulent pas une fracture sociale qui s\u2019accro\u00eet. Dans les quartiers populaires, le taux de vacance bondit, de 6 points en sept ans \u00e0 Noailles ou aux R\u00e9form\u00e9s, jusqu\u2019\u00e0 10 points \u00e0 Belsunce. L\u2019\u00e9tude rappelle que les d\u00e9penses sont de plus en plus contraintes pour la majorit\u00e9 des m\u00e9nages, tandis que la consommation se tourne vers les boutiques en ligne.<\/p>\n<p>Surtout, elle pointe \u00ab\u00a0une forte densit\u00e9 commerciale accentu\u00e9e par la cr\u00e9ation de centres commerciaux ces 10 derni\u00e8res ann\u00e9es\u00a0\u00bb. Fruit des choix de la droite au pouvoir. Parmi ceux-ci, le Centre Bourse et les Docks Village d\u00e9crochent. Mais le d\u00e9part des Galeries n\u2019aurait qu\u2019un \u00ab\u00a0impact faible\u00a0\u00bb selon les commer\u00e7ants sond\u00e9s, dont 34% se disaient d\u00e9j\u00e0 en difficult\u00e9s financi\u00e8res, notamment face aux loyers \u00e9lev\u00e9s. Et d\u00e9plorant les probl\u00e8mes de propret\u00e9 et d\u2019ins\u00e9curit\u00e9.<\/p>\n","protected":false},"excerpt":{"rendered":"Face \u00e0 l\u2019annonce du d\u00e9part des Galeries Lafayette de Marseille, la Chambre de commerce et d\u2019industrie avait sorti&hellip;\n","protected":false},"author":2,"featured_media":486073,"comment_status":"","ping_status":"","sticky":false,"template":"","format":"standard","meta":{"footnotes":""},"categories":[2814],"tags":[1111,11,1777,674,1011,27,884,12,17312,882,25],"class_list":{"0":"post-486072","1":"post","2":"type-post","3":"status-publish","4":"format-standard","5":"has-post-thumbnail","7":"category-marseille","8":"tag-actu","9":"tag-actualites","10":"tag-eu","11":"tag-europe","12":"tag-fr","13":"tag-france","14":"tag-marseille","15":"tag-news","16":"tag-proprete","17":"tag-provence-alpes-cote-dazur","18":"tag-republique-francaise"},"share_on_mastodon":{"url":"https:\/\/pubeurope.com\/@fr\/115427558904384282","error":""},"_links":{"self":[{"href":"https:\/\/www.europesays.com\/fr\/wp-json\/wp\/v2\/posts\/486072","targetHints":{"allow":["GET"]}}],"collection":[{"href":"https:\/\/www.europesays.com\/fr\/wp-json\/wp\/v2\/posts"}],"about":[{"href":"https:\/\/www.europesays.com\/fr\/wp-json\/wp\/v2\/types\/post"}],"author":[{"embeddable":true,"href":"https:\/\/www.europesays.com\/fr\/wp-json\/wp\/v2\/users\/2"}],"replies":[{"embeddable":true,"href":"https:\/\/www.europesays.com\/fr\/wp-json\/wp\/v2\/comments?post=486072"}],"version-history":[{"count":0,"href":"https:\/\/www.europesays.com\/fr\/wp-json\/wp\/v2\/posts\/486072\/revisions"}],"wp:featuredmedia":[{"embeddable":true,"href":"https:\/\/www.europesays.com\/fr\/wp-json\/wp\/v2\/media\/486073"}],"wp:attachment":[{"href":"https:\/\/www.europesays.com\/fr\/wp-json\/wp\/v2\/media?parent=486072"}],"wp:term":[{"taxonomy":"category","embeddable":true,"href":"https:\/\/www.europesays.com\/fr\/wp-json\/wp\/v2\/categories?post=486072"},{"taxonomy":"post_tag","embeddable":true,"href":"https:\/\/www.europesays.com\/fr\/wp-json\/wp\/v2\/tags?post=486072"}],"curies":[{"name":"wp","href":"https:\/\/api.w.org\/{rel}","templated":true}]}}