{"id":486076,"date":"2025-10-24T05:47:12","date_gmt":"2025-10-24T05:47:12","guid":{"rendered":"https:\/\/www.europesays.com\/fr\/486076\/"},"modified":"2025-10-24T05:47:12","modified_gmt":"2025-10-24T05:47:12","slug":"lyon-generalise-la-recuperation-de-chaleur-fatale-de-ses-chaufferies","status":"publish","type":"post","link":"https:\/\/www.europesays.com\/fr\/486076\/","title":{"rendered":"Lyon g\u00e9n\u00e9ralise la r\u00e9cup\u00e9ration de chaleur fatale de ses chaufferies"},"content":{"rendered":"<p>En installant des \u00e9quipements permettant de capter la chaleur fatale des fum\u00e9es des chaudi\u00e8res biomasse, la m\u00e9tropole de Lyon entend multiplier ses ressources pour augmenter le nombre de b\u00e9n\u00e9ficiaires du chauffage urbain en prot\u00e9geant la qualit\u00e9 de l\u2019air. <\/p>\n<p>Apr\u00e8s un an de travaux, la chaufferie de Surville, install\u00e9e au sud de Lyon met en service son dispositif de r\u00e9cup\u00e9ration de la chaleur fatale des fum\u00e9es de sa chaufferie biomasse. \u00ab\u00a0Le rendement de la chaufferie passe de 96% \u00e0 105%\u00bb, souligne G\u00e9rald Campbell, directeur g\u00e9n\u00e9ral d\u2019ELM, filiale de Dalkia qui exploite cette chaufferie. Pr\u00e9sent\u00e9 comme la plus grande installation de France \u00e0 ce jour, elle repose sur la technologie KTD \u00e9prouv\u00e9e sur d\u2019autres installations locales et nationales aliment\u00e9es avec la biomasse. A Lyon Surville, cela permet d\u2019aller chercher des particules d\u2019\u00e9nergie repr\u00e9sentant 50 GWh de chaleur par saison de &#8230;<\/p>\n","protected":false},"excerpt":{"rendered":"En installant des \u00e9quipements permettant de capter la chaleur fatale des fum\u00e9es des chaudi\u00e8res biomasse, la m\u00e9tropole de&hellip;\n","protected":false},"author":2,"featured_media":486077,"comment_status":"","ping_status":"","sticky":false,"template":"","format":"standard","meta":{"footnotes":""},"categories":[1889],"tags":[1111,9247,9245,47,11,2430,9244,2830,1777,674,1011,27,20856,2428,12,1306,25,2429,9246],"class_list":{"0":"post-486076","1":"post","2":"type-post","3":"status-publish","4":"format-standard","5":"has-post-thumbnail","7":"category-lyon","8":"tag-actu","9":"tag-actu-experts-technique","10":"tag-actu-technique","11":"tag-actualite","12":"tag-actualites","13":"tag-auvergne-rhone-alpes","14":"tag-club-technicites","15":"tag-energies-renouvelables","16":"tag-eu","17":"tag-europe","18":"tag-fr","19":"tag-france","20":"tag-fsigot","21":"tag-lyon","22":"tag-news","23":"tag-regions","24":"tag-republique-francaise","25":"tag-rhone","26":"tag-toute-lactu-technique"},"share_on_mastodon":{"url":"https:\/\/pubeurope.com\/@fr\/115427570074133252","error":""},"_links":{"self":[{"href":"https:\/\/www.europesays.com\/fr\/wp-json\/wp\/v2\/posts\/486076","targetHints":{"allow":["GET"]}}],"collection":[{"href":"https:\/\/www.europesays.com\/fr\/wp-json\/wp\/v2\/posts"}],"about":[{"href":"https:\/\/www.europesays.com\/fr\/wp-json\/wp\/v2\/types\/post"}],"author":[{"embeddable":true,"href":"https:\/\/www.europesays.com\/fr\/wp-json\/wp\/v2\/users\/2"}],"replies":[{"embeddable":true,"href":"https:\/\/www.europesays.com\/fr\/wp-json\/wp\/v2\/comments?post=486076"}],"version-history":[{"count":0,"href":"https:\/\/www.europesays.com\/fr\/wp-json\/wp\/v2\/posts\/486076\/revisions"}],"wp:featuredmedia":[{"embeddable":true,"href":"https:\/\/www.europesays.com\/fr\/wp-json\/wp\/v2\/media\/486077"}],"wp:attachment":[{"href":"https:\/\/www.europesays.com\/fr\/wp-json\/wp\/v2\/media?parent=486076"}],"wp:term":[{"taxonomy":"category","embeddable":true,"href":"https:\/\/www.europesays.com\/fr\/wp-json\/wp\/v2\/categories?post=486076"},{"taxonomy":"post_tag","embeddable":true,"href":"https:\/\/www.europesays.com\/fr\/wp-json\/wp\/v2\/tags?post=486076"}],"curies":[{"name":"wp","href":"https:\/\/api.w.org\/{rel}","templated":true}]}}