{"id":486080,"date":"2025-10-24T05:49:14","date_gmt":"2025-10-24T05:49:14","guid":{"rendered":"https:\/\/www.europesays.com\/fr\/486080\/"},"modified":"2025-10-24T05:49:14","modified_gmt":"2025-10-24T05:49:14","slug":"que-faire-pour-halloween-dans-le-val-doise","status":"publish","type":"post","link":"https:\/\/www.europesays.com\/fr\/486080\/","title":{"rendered":"Que faire pour Halloween dans le Val-d\u2019Oise ?"},"content":{"rendered":"<p><img loading=\"lazy\" decoding=\"async\" alt=\"\u00a9Aletheia Press \/ B.Delabre - Le 31 octobre, pr\u00e9parez-vous \u00e0 des surprises effrayantes dans le Val d\u2019Oise.\" data-zoom-src=\"https:\/\/www.europesays.com\/fr\/wp-content\/uploads\/2025\/10\/initial-2025-10-22-val-d-oise-que-faire-halloween-maas-mesinf-95.jpg\" data-zoomable=\"\" height=\"702\" src=\"https:\/\/www.europesays.com\/fr\/wp-content\/uploads\/2025\/10\/initial-2025-10-22-val-d-oise-que-faire-halloween-maas-mesinf-95.jpg\" width=\"1248\"\/>  <\/p>\n<p class=\"article-desc\">\u00a9Aletheia Press \/ B.Delabre &#8211; Le 31 octobre, pr\u00e9parez-vous \u00e0 des surprises effrayantes dans le Val d\u2019Oise. <\/p>\n<p>Entre balades, ateliers cr\u00e9atifs et visites immersives, le <strong>Val-d\u2019Oise<\/strong> offre des options pour tous les go\u00fbts et tous les \u00e2ges. Petits et grands pourront profiter d\u2019<strong><a href=\"https:\/\/mesinfos.fr\/77580-crecy-la-chapelle\/el-dia-de-los-muertos-a-parrot-world-une-fete-haute-en-couleurs-232058.html\" rel=\"noopener nofollow\" target=\"_blank\">Halloween<\/a><\/strong> sans quitter le d\u00e9partement, pour une sortie pleine de surprises et de frissons. <\/p>\n<p>Une balade frissonnante au Bois de Morval <\/p>\n<p>Dans le calme du <a href=\"https:\/\/mesinfos.fr\/ile-de-france\/le-parc-naturel-regional-du-vexin-francais-accompagne-les-agriculteurs-217299.html\" rel=\"noopener nofollow\" target=\"_blank\">Parc naturel r\u00e9gional du Vexin fran\u00e7ais<\/a>, les sentiers du <strong>Bois de Morval <\/strong>se peuplent d\u2019ombres myst\u00e9rieuses. Le temps d\u2019une promenade cont\u00e9e, les enfants d\u00e8s 6 ans et leurs parents d\u00e9couvriront des histoires de sorciers, fant\u00f4mes et autres cr\u00e9atures fantastiques. Les arbres semblent murmurer et chaque d\u00e9tour de chemin devient le th\u00e9\u00e2tre de surprises. <\/p>\n<p>En pratique : Mercredi 29 octobre \u00e0 14h30, Cl\u00e9ry-en-Vexin. Tarifs : 5\u202f\u20ac adulte, 2\u202f\u20ac enfant. R\u00e9servation conseill\u00e9e sur <a href=\"https:\/\/www.valdoise-tourisme.com\" rel=\"noopener nofollow\" target=\"_blank\">valdoise-tourisme.com<\/a>. <\/p>\n<p> Citrouilles et sorcellerie \u00e0 Presles <\/p>\n<p>\u00c0 <a href=\"https:\/\/mesinfos.fr\/ile-de-france\/val-d-oise-a-presles-les-travaux-du-futur-centre-culturel-sont-lances-107008.html\" rel=\"noopener nofollow\" target=\"_blank\">Presles<\/a>, Halloween se vit entre <strong>cr\u00e9ativit\u00e9 et magie<\/strong>. Les <strong>29 et 30 octobre<\/strong>, un concours de <strong>citrouilles sculpt\u00e9es<\/strong> invite petits et grands \u00e0 laisser libre cours \u00e0 leur imagination. Le 31 octobre, la salle des f\u00eates accueille une soir\u00e9e<strong> \u00ab\u00a0Harry Potter\u00a0\u00bb<\/strong>, o\u00f9 d\u00e9guisements, sortil\u00e8ges et ambiance musicale plongent les participants dans un univers ensorcel\u00e9. <\/p>\n<p>En pratique : concours du 29 au 30 octobre. Soir\u00e9e le 31 octobre \u00e0 19h. Entr\u00e9e libre. <\/p>\n<p>  Glisse et frissons \u00e0 Garges-l\u00e8s-Gonesse <\/p>\n<p>Pour ceux qui pr\u00e9f\u00e8rent l\u2019action, la patinoire intercommunale de <strong>Garges-l\u00e8s-Gonesse<\/strong> propose une soir\u00e9e sp\u00e9ciale <a href=\"https:\/\/mesinfos.fr\/78990-elancourt\/france-miniature-ensorcele-pour-halloween-231871.html\" rel=\"noopener nofollow\" target=\"_blank\">Halloween<\/a>. Lumi\u00e8res tamis\u00e9es, musiques angoissantes et cr\u00e9atures sur la glace : ados et familles pourront s\u2019amuser tout en frissonnant\u2026 mais attention aux pirouettes rat\u00e9es !<\/p>\n<p>En pratique : vendredi 31 octobre \u00e0 partir de 18h et jusqu&rsquo;\u00e0 21h, tarifs habituels de la patinoire. <\/p>\n<p> Cin\u00e9 d\u2019horreur \u00e0 Goussainville et Le Thillay <\/p>\n<p>Pour les amateurs de frissons assis, les salles obscures de <strong>Goussainville<\/strong> et du <strong>Thillay<\/strong> programment des s\u00e9ances sp\u00e9ciales Halloween. Films d\u2019<a href=\"https:\/\/mesinfos.fr\/77181-courtry\/courtry-escape-game-de-l-horreur-et-frissons-garantis-232216.html\" rel=\"noopener nofollow\" target=\"_blank\">horreur<\/a>, pop-corn et ambiance sombre sont au rendez-vous. Une sortie id\u00e9ale pour les ados ou les adultes qui veulent trembler dans le noir. <\/p>\n<p> \u00ab\u00a0Effroyable Renaissance\u00a0\u00bb au ch\u00e2teau d\u2019\u00c9couen <\/p>\n<p>Enfin, pour une approche plus patrimoniale, le <a href=\"https:\/\/mesinfos.fr\/95440-ecouen\/vacances-d-automne-frissons-au-chateau-d-ecouen-231072.html\" rel=\"noopener nofollow\" target=\"_blank\">ch\u00e2teau d\u2019\u00c9couen<\/a> propose la visite \u00ab\u00a0Effroyable Renaissance\u00a0\u00bb. Entre tapisseries et galeries, l\u2019histoire du ch\u00e2teau se raconte sous un angle Halloween : ombres myst\u00e9rieuses, anecdotes historiques et ambiance l\u00e9g\u00e8rement inqui\u00e9tante font de cette visite un moment \u00e0 part. <\/p>\n","protected":false},"excerpt":{"rendered":"\u00a9Aletheia Press \/ B.Delabre &#8211; Le 31 octobre, pr\u00e9parez-vous \u00e0 des surprises effrayantes dans le Val d\u2019Oise. Entre&hellip;\n","protected":false},"author":2,"featured_media":486081,"comment_status":"","ping_status":"","sticky":false,"template":"","format":"standard","meta":{"footnotes":""},"categories":[1592],"tags":[1111,11,1777,674,1011,27,20815,662,12,626,25],"class_list":{"0":"post-486080","1":"post","2":"type-post","3":"status-publish","4":"format-standard","5":"has-post-thumbnail","7":"category-ile-de-france","8":"tag-actu","9":"tag-actualites","10":"tag-eu","11":"tag-europe","12":"tag-fr","13":"tag-france","14":"tag-halloween","15":"tag-ile-de-france","16":"tag-news","17":"tag-paris","18":"tag-republique-francaise"},"share_on_mastodon":{"url":"https:\/\/pubeurope.com\/@fr\/115427578528769363","error":""},"_links":{"self":[{"href":"https:\/\/www.europesays.com\/fr\/wp-json\/wp\/v2\/posts\/486080","targetHints":{"allow":["GET"]}}],"collection":[{"href":"https:\/\/www.europesays.com\/fr\/wp-json\/wp\/v2\/posts"}],"about":[{"href":"https:\/\/www.europesays.com\/fr\/wp-json\/wp\/v2\/types\/post"}],"author":[{"embeddable":true,"href":"https:\/\/www.europesays.com\/fr\/wp-json\/wp\/v2\/users\/2"}],"replies":[{"embeddable":true,"href":"https:\/\/www.europesays.com\/fr\/wp-json\/wp\/v2\/comments?post=486080"}],"version-history":[{"count":0,"href":"https:\/\/www.europesays.com\/fr\/wp-json\/wp\/v2\/posts\/486080\/revisions"}],"wp:featuredmedia":[{"embeddable":true,"href":"https:\/\/www.europesays.com\/fr\/wp-json\/wp\/v2\/media\/486081"}],"wp:attachment":[{"href":"https:\/\/www.europesays.com\/fr\/wp-json\/wp\/v2\/media?parent=486080"}],"wp:term":[{"taxonomy":"category","embeddable":true,"href":"https:\/\/www.europesays.com\/fr\/wp-json\/wp\/v2\/categories?post=486080"},{"taxonomy":"post_tag","embeddable":true,"href":"https:\/\/www.europesays.com\/fr\/wp-json\/wp\/v2\/tags?post=486080"}],"curies":[{"name":"wp","href":"https:\/\/api.w.org\/{rel}","templated":true}]}}