{"id":486094,"date":"2025-10-24T06:00:12","date_gmt":"2025-10-24T06:00:12","guid":{"rendered":"https:\/\/www.europesays.com\/fr\/486094\/"},"modified":"2025-10-24T06:00:12","modified_gmt":"2025-10-24T06:00:12","slug":"les-etats-unis-accentuent-la-pression-militaire-sur-le-venezuela-non-a-la-guerre-des-fous-lance-maduro-aux-americains","status":"publish","type":"post","link":"https:\/\/www.europesays.com\/fr\/486094\/","title":{"rendered":"Les \u00c9tats-Unis accentuent la pression militaire sur le Venezuela, \u00abNon \u00e0 la guerre des fous !\u00bb lance Maduro aux Am\u00e9ricains"},"content":{"rendered":"<p>\n    Face au d\u00e9ploiement am\u00e9ricain dans les Cara\u00efbes, le pr\u00e9sident v\u00e9n\u00e9zu\u00e9lien, qui cherche \u00e0 apaiser les tensions avec Trump depuis des semaines, a r\u00e9it\u00e9r\u00e9 des appels \u00e0 la paix.<\/p>\n<p class=\"fig-paragraph\">Bateau de guerre et marines am\u00e9ricains attendus pour des exercices d\u00e8s dimanche \u00e0 Trinit\u00e9-et-Tobago, pays tout proche du Venezuela, bombardier rep\u00e9r\u00e9 pr\u00e8s des c\u00f4tes:\u00a0<a href=\"http:\/\/www.lefigaro.fr\/international\/non-au-fascisme-a-washington-les-anti-trump-se-rassemblent-contre-le-roi-de-la-maison-blanche-20251019\" data-fig-type=\"Article\" data-gtm-custom-categorie=\"navigation\" data-gtm-custom-action=\"crossclick\" data-gtm-custom-label=\"Contextuel\" data-gtm-event=\"customEventSPE\" data-fig-domain=\"LEFIGARO\" target=\"_blank\" rel=\"noopener\">Washington\u00a0<\/a>accentue la pression militaire sur Caracas qui dit \u00abnon \u00e0 la guerre de fous\u00bb. Washington a d\u00e9ploy\u00e9 sept navires de guerre dans les Cara\u00efbes et un dans le\u00a0<a href=\"http:\/\/www.lefigaro.fr\/secteur\/high-tech\/le-mexique-poursuit-google-pour-avoir-renomme-le-golfe-du-mexique-en-golfe-d-amerique-20250509\" data-fig-type=\"NewsFlash\" data-gtm-custom-categorie=\"navigation\" data-gtm-custom-action=\"crossclick\" data-gtm-custom-label=\"Contextuel\" data-gtm-event=\"customEventSPE\" data-fig-domain=\"LEFIGARO\" target=\"_blank\" rel=\"noopener\">Golfe du Mexique<\/a>, officiellement dans le cadre d&rsquo;une op\u00e9ration contre le narcotrafic, visant particuli\u00e8rement le Venezuela et son pr\u00e9sident\u00a0<a href=\"http:\/\/www.lefigaro.fr\/international\/apres-l-us-navy-la-cia-au-venezuela-donald-trump-accentue-la-pression-sur-le-regime-de-nicolas-maduro-20251017\" data-fig-type=\"Article\" data-gtm-custom-categorie=\"navigation\" data-gtm-custom-action=\"crossclick\" data-gtm-custom-label=\"Contextuel\" data-gtm-event=\"customEventSPE\" data-fig-domain=\"LEFIGARO\" target=\"_blank\" rel=\"noopener\">Nicolas Maduro<\/a>.<\/p>\n<p class=\"fig-paragraph\">Les \u00c9tats-Unis ont revendiqu\u00e9 neuf attaques ces derni\u00e8res semaines, qui ont fait au total au moins 37 morts. \u00abL&rsquo;USS Gravely (&#8230;) visitera Trinit\u00e9-et-Tobago du 26 au 30 octobre, s&rsquo;amarrant \u00e0 Port-d&rsquo;Espagne, tandis que la 22e Unit\u00e9 exp\u00e9ditionnaire des Marines des Etats-Unis m\u00e8nera un entra\u00eenement conjoint avec les Forces de d\u00e9fense de Trinit\u00e9-et-Tobago (TTDF) pendant la m\u00eame p\u00e9riode\u00bb, selon le texte du gouvernement de l&rsquo;archipel dont la pointe occidentale se trouve \u00e0 une dizaine de kilom\u00e8tres du Venezuela.<\/p>\n<p>                                    <a class=\"fig-a11y-skip a11y-hidden\" href=\"#fig-a11y-skip-main-inarticle\"><br \/>\n        Passer la publicit\u00e9<br \/>\n    <\/a><\/p>\n<p class=\"fig-paragraph\">Parall\u00e8lement, un bombardier am\u00e9ricain B-1B a survol\u00e9 jeudi la mer des Cara\u00efbes au large du Venezuela, selon les donn\u00e9es de suivi des vols, deuxi\u00e8me d\u00e9monstration de force de ce type ces derniers jours, au moment o\u00f9 Donald Trump montre les muscles contre ce pays d&rsquo;Am\u00e9rique du Sud. \u00abC&rsquo;est faux\u00bb, a pourtant assur\u00e9 M. Trump, interrog\u00e9 lors d&rsquo;un \u00e9v\u00e9nement \u00e0 la Maison-Blanche, tout en ajoutant que les \u00c9tats-Unis \u00e9taient toujours \u00abm\u00e9contents du Venezuela pour beaucoup de raisons\u00bb.<\/p>\n<p>\u00abCela s\u2019appelle un langage tarzanesque\u00bb<\/p>\n<p class=\"fig-paragraph\">Face au d\u00e9ploiement am\u00e9ricain dans\u00a0les Cara\u00efbes, M. Maduro, qui cherche \u00e0 apaiser les tensions avec Trump depuis des semaines, a r\u00e9it\u00e9r\u00e9 des appels \u00e0 la paix, cette fois sur un ton humoristique: \u00abYes peace, yes peace, forever, peace forever! No crazy war, Please! Please, please! No a la guerra loca, No crazy war!\u00bb, a d\u00e9clar\u00e9 Nicolas Maduro. \u00abCela s&rsquo;appelle un langage tarzanesque, fa\u00e7on Tarzan! Si on traduit c&rsquo;est\u00a0: pas de guerre, pas de guerre, pas vouloir guerre, non \u00e0 la guerre des fous, non \u00e0 la folie de la guerre\u00bb, a plaisant\u00e9 le dirigeant.<\/p>\n<p class=\"fig-paragraph\">Pass\u00e9 l&rsquo;humour, Nicolas Maduro, qui a ordonn\u00e9 une s\u00e9rie d&rsquo;exercices militaires depuis ao\u00fbt, a aussi soulign\u00e9 jeudi que, lors de ces entra\u00eenements, des \u00e9quipements achet\u00e9s \u00e0 la Russie et \u00e0 la Chine ont \u00e9t\u00e9 test\u00e9s. \u00abMerci au pr\u00e9sident (Vladimir) Poutine, merci \u00e0 la Russie, merci \u00e0 la Chine et merci \u00e0 de nombreux amis dans le monde, le Venezuela dispose d&rsquo;un \u00e9quipement pour garantir la paix\u00bb, a-t-il d\u00e9clar\u00e9.<\/p>\n<p class=\"fig-paragraph\">Pour M. Maduro, Washington se sert du trafic de drogue comme pr\u00e9texte \u00abpour imposer un changement de r\u00e9gime\u00bb et s&#8217;emparer des importantes r\u00e9serves de p\u00e9trole de son pays. Le ministre v\u00e9n\u00e9zu\u00e9lien de la D\u00e9fense a quant \u00e0 lui assur\u00e9 jeudi que toute op\u00e9ration de la CIA contre son pays \u00ab\u00e9chouerait\u00bb, apr\u00e8s que Donald Trump a autoris\u00e9 des op\u00e9rations clandestines contre le Venezuela la semaine derni\u00e8re.<\/p>\n<p>Deux Trinidadiens auraient \u00e9t\u00e9 tu\u00e9s mi-octobre dans une frappe am\u00e9ricaine<\/p>\n<p class=\"fig-paragraph\">\u00abNous savons que la CIA est pr\u00e9sente\u00bb sur le sol v\u00e9n\u00e9zu\u00e9lien, a d\u00e9clar\u00e9 le g\u00e9n\u00e9ral Vladimir Padrino. Les Am\u00e9ricains \u00abpourront bien envoyer je ne sais combien d&rsquo;agents affili\u00e9s \u00e0 la\u00a0<a href=\"http:\/\/www.lefigaro.fr\/international\/apres-l-us-navy-la-cia-au-venezuela-donald-trump-accentue-la-pression-sur-le-regime-de-nicolas-maduro-20251017\" data-fig-type=\"Article\" data-gtm-custom-categorie=\"navigation\" data-gtm-custom-action=\"crossclick\" data-gtm-custom-label=\"Contextuel\" data-gtm-event=\"customEventSPE\" data-fig-domain=\"LEFIGARO\" target=\"_blank\" rel=\"noopener\">CIA\u00a0<\/a> dans des op\u00e9rations clandestines de n&rsquo;importe quel point du pays, toute tentative \u00e9chouera\u00bb. Nul doute que la visite du bateau de guerre et des marines \u00e0 Trinit\u00e9-et-Tobago sera suivie de pr\u00e8s par Caracas, m\u00eame si le communiqu\u00e9 trinidadien n&rsquo;\u00e9voque nulle part le\u00a0<a href=\"http:\/\/www.lefigaro.fr\/flash-actu\/face-a-la-menace-americaine-nicolas-maduro-affirme-que-le-venezuela-dispose-de-5000-missiles-antiaeriens-20251023\" data-fig-type=\"NewsFlash\" data-gtm-custom-categorie=\"navigation\" data-gtm-custom-action=\"crossclick\" data-gtm-custom-label=\"Contextuel\" data-gtm-event=\"customEventSPE\" data-fig-domain=\"LEFIGARO\" target=\"_blank\" rel=\"noopener\">Venezuela<\/a>.<\/p>\n<p>                                    <a class=\"fig-a11y-skip a11y-hidden\" href=\"#fig-a11y-skip-main-inarticle_mtf\"><br \/>\n        Passer la publicit\u00e9<br \/>\n    <\/a><\/p>\n<p class=\"fig-paragraph\">Il affirme que l&rsquo;arriv\u00e9e de ces moyens militaires am\u00e9ricains est li\u00e9e \u00e0 la \u00abs\u00e9curit\u00e9 r\u00e9gionale\u00bb et aux \u00abefforts de coop\u00e9ration dans les Cara\u00efbes\u00bb et de \u00abcoop\u00e9ration militaire\u00bb entre Washington et Port-d&rsquo;Espagne. La premi\u00e8re ministre de Trinit\u00e9-et-Tobago, Kamla Persad-Bissessar, est une fervente soutien de Donald. Trump, et a adopt\u00e9 d\u00e8s son accession au pouvoir en mai 2025 un discours virulent contre l&rsquo;immigration et la criminalit\u00e9 v\u00e9n\u00e9zu\u00e9liennes dans son pays.<\/p>\n<p class=\"fig-paragraph\">Deux Trinidadiens auraient \u00e9t\u00e9 tu\u00e9s mi-octobre dans une frappe am\u00e9ricaine, selon leurs familles, mais les autorit\u00e9s locales n&rsquo;ont ni confirm\u00e9 ni infirm\u00e9 ces d\u00e9c\u00e8s pour le moment. Des experts ont remis en question la l\u00e9galit\u00e9 de ces frappes dans des eaux \u00e9trang\u00e8res ou internationales, contre des suspects qui n&rsquo;ont pas \u00e9t\u00e9 intercept\u00e9s ou interrog\u00e9s.<\/p>\n","protected":false},"excerpt":{"rendered":"Face au d\u00e9ploiement am\u00e9ricain dans les Cara\u00efbes, le pr\u00e9sident v\u00e9n\u00e9zu\u00e9lien, qui cherche \u00e0 apaiser les tensions avec Trump&hellip;\n","protected":false},"author":2,"featured_media":486095,"comment_status":"","ping_status":"","sticky":false,"template":"","format":"standard","meta":{"footnotes":""},"categories":[1589],"tags":[11,75,73,1866,12,338,1864,1865,1863,308,337],"class_list":{"0":"post-486094","1":"post","2":"type-post","3":"status-publish","4":"format-standard","5":"has-post-thumbnail","7":"category-etats-unis","8":"tag-actualites","9":"tag-donald-trump","10":"tag-etats-unis","11":"tag-etats-unis-damerique","12":"tag-news","13":"tag-nicolas-maduro","14":"tag-united-states","15":"tag-united-states-of-america","16":"tag-us","17":"tag-usa","18":"tag-venezuela"},"share_on_mastodon":{"url":"https:\/\/pubeurope.com\/@fr\/115427621242628091","error":""},"_links":{"self":[{"href":"https:\/\/www.europesays.com\/fr\/wp-json\/wp\/v2\/posts\/486094","targetHints":{"allow":["GET"]}}],"collection":[{"href":"https:\/\/www.europesays.com\/fr\/wp-json\/wp\/v2\/posts"}],"about":[{"href":"https:\/\/www.europesays.com\/fr\/wp-json\/wp\/v2\/types\/post"}],"author":[{"embeddable":true,"href":"https:\/\/www.europesays.com\/fr\/wp-json\/wp\/v2\/users\/2"}],"replies":[{"embeddable":true,"href":"https:\/\/www.europesays.com\/fr\/wp-json\/wp\/v2\/comments?post=486094"}],"version-history":[{"count":0,"href":"https:\/\/www.europesays.com\/fr\/wp-json\/wp\/v2\/posts\/486094\/revisions"}],"wp:featuredmedia":[{"embeddable":true,"href":"https:\/\/www.europesays.com\/fr\/wp-json\/wp\/v2\/media\/486095"}],"wp:attachment":[{"href":"https:\/\/www.europesays.com\/fr\/wp-json\/wp\/v2\/media?parent=486094"}],"wp:term":[{"taxonomy":"category","embeddable":true,"href":"https:\/\/www.europesays.com\/fr\/wp-json\/wp\/v2\/categories?post=486094"},{"taxonomy":"post_tag","embeddable":true,"href":"https:\/\/www.europesays.com\/fr\/wp-json\/wp\/v2\/tags?post=486094"}],"curies":[{"name":"wp","href":"https:\/\/api.w.org\/{rel}","templated":true}]}}