{"id":486099,"date":"2025-10-24T06:03:10","date_gmt":"2025-10-24T06:03:10","guid":{"rendered":"https:\/\/www.europesays.com\/fr\/486099\/"},"modified":"2025-10-24T06:03:10","modified_gmt":"2025-10-24T06:03:10","slug":"mercosur-la-france-en-attente-du-travail-de-finalisation-de-lunion-europeenne-affirme-emmanuel-macron","status":"publish","type":"post","link":"https:\/\/www.europesays.com\/fr\/486099\/","title":{"rendered":"Mercosur\u00a0: la France en attente du travail de \u00ab\u00a0finalisation\u00a0\u00bb de l\u2019Union europ\u00e9enne, affirme Emmanuel Macron"},"content":{"rendered":"<p class=\"paragraph text_align_left lp-f-body-02\">La France temporise, notamment face \u00e0 une Allemagne qui se fait pressante. La France attend encore le travail de \u00ab finalisation \u00bb de la Commission europ\u00e9enne pour la <a href=\"https:\/\/www.leparisien.fr\/economie\/des-consequences-dramatiques-pour-lagriculture-cest-quoi-le-projet-daccord-ue-mercosur-qui-inquiete-la-france-13-11-2024-FIMWMYQ5JNBGHJAHGPC2WOUUME.php\" target=\"_blank\" rel=\"noreferrer nofollow noopener\">mise en \u0153uvre de l\u2019accord commercial entre l\u2019Union europ\u00e9enne (UE)<\/a> et les pays du Mercosur, a d\u00e9clar\u00e9 ce jeudi soir le pr\u00e9sident de la R\u00e9publique <a href=\"https:\/\/www.leparisien.fr\/politique\/je-ne-le-trouve-pas-en-depression-mais-plutot-nostalgique-emmanuel-macron-cherche-encore-sa-place-19-10-2025-6YQ45ASVY5AFXMFH6MT34JHGYQ.php\" target=\"_blank\" rel=\"noreferrer nofollow noopener\">Emmanuel Macron<\/a>, alors que Berlin pousse pour son application au plus vite.<\/p>\n<p class=\"paragraph text_align_left lp-f-body-02\">\u00ab On a les clauses de sauvegarde, le renforcement des contr\u00f4les douaniers, les soutiens \u00e0 l\u2019\u00e9levage, beaucoup de mesures d\u2019accompagnement, aussi un meilleur contr\u00f4le des produits sanitaires et phytosanitaires qui entrent sur notre sol qui sont en train d\u2019\u00eatre mis en \u0153uvre \u00bb, a dit le pr\u00e9sident fran\u00e7ais lors d\u2019une conf\u00e9rence de presse \u00e0 Bruxelles.<\/p>\n<p>\u00ab Tout \u00e7a va dans le bon sens \u00bb<\/p>\n<p class=\"paragraph text_align_left lp-f-body-02\">\u00ab On attend la finalisation de tout cela et on attend aussi la notification aux pays du Mercosur de ces mesures de sauvegarde et de cet accompagnement indispensable qu\u2019on a demand\u00e9 \u00bb, a-t-il ajout\u00e9 \u00e0 l\u2019issue d\u2019un Conseil europ\u00e9en.<\/p>\n<p class=\"paragraph text_align_left lp-f-body-02\">\u00ab Aujourd\u2019hui le gouvernement fran\u00e7ais, comme les autres d\u2019ailleurs, attend ces r\u00e9ponses. Mais tout \u00e7a va dans le bon sens pour prot\u00e9ger les secteurs qui sont les plus expos\u00e9s et aussi prot\u00e9ger les consommateurs europ\u00e9ens \u00bb, a-t-il poursuivi, en esp\u00e9rant ces r\u00e9ponses \u00ab dans les prochaines semaines \u00bb.<\/p>\n<p class=\"paragraph text_align_left lp-f-body-02\">Le chancelier allemand Friedrich Merz a indiqu\u00e9 de son c\u00f4t\u00e9 que le Conseil europ\u00e9en avait donn\u00e9 ce jeudi son feu vert \u00e0 un calendrier qui pr\u00e9voit, en cas d\u2019accord des Vingt-Sept, une signature le 19 d\u00e9cembre.<\/p>\n","protected":false},"excerpt":{"rendered":"La France temporise, notamment face \u00e0 une Allemagne qui se fait pressante. La France attend encore le travail&hellip;\n","protected":false},"author":2,"featured_media":486100,"comment_status":"","ping_status":"","sticky":false,"template":"","format":"standard","meta":{"footnotes":""},"categories":[1586],"tags":[11,33,1777,674,1011,27,12,316,25],"class_list":{"0":"post-486099","1":"post","2":"type-post","3":"status-publish","4":"format-standard","5":"has-post-thumbnail","7":"category-europe","8":"tag-actualites","9":"tag-economie","10":"tag-eu","11":"tag-europe","12":"tag-fr","13":"tag-france","14":"tag-news","15":"tag-politique","16":"tag-republique-francaise"},"share_on_mastodon":{"url":"https:\/\/pubeurope.com\/@fr\/115427633031978599","error":""},"_links":{"self":[{"href":"https:\/\/www.europesays.com\/fr\/wp-json\/wp\/v2\/posts\/486099","targetHints":{"allow":["GET"]}}],"collection":[{"href":"https:\/\/www.europesays.com\/fr\/wp-json\/wp\/v2\/posts"}],"about":[{"href":"https:\/\/www.europesays.com\/fr\/wp-json\/wp\/v2\/types\/post"}],"author":[{"embeddable":true,"href":"https:\/\/www.europesays.com\/fr\/wp-json\/wp\/v2\/users\/2"}],"replies":[{"embeddable":true,"href":"https:\/\/www.europesays.com\/fr\/wp-json\/wp\/v2\/comments?post=486099"}],"version-history":[{"count":0,"href":"https:\/\/www.europesays.com\/fr\/wp-json\/wp\/v2\/posts\/486099\/revisions"}],"wp:featuredmedia":[{"embeddable":true,"href":"https:\/\/www.europesays.com\/fr\/wp-json\/wp\/v2\/media\/486100"}],"wp:attachment":[{"href":"https:\/\/www.europesays.com\/fr\/wp-json\/wp\/v2\/media?parent=486099"}],"wp:term":[{"taxonomy":"category","embeddable":true,"href":"https:\/\/www.europesays.com\/fr\/wp-json\/wp\/v2\/categories?post=486099"},{"taxonomy":"post_tag","embeddable":true,"href":"https:\/\/www.europesays.com\/fr\/wp-json\/wp\/v2\/tags?post=486099"}],"curies":[{"name":"wp","href":"https:\/\/api.w.org\/{rel}","templated":true}]}}