{"id":486101,"date":"2025-10-24T06:04:11","date_gmt":"2025-10-24T06:04:11","guid":{"rendered":"https:\/\/www.europesays.com\/fr\/486101\/"},"modified":"2025-10-24T06:04:11","modified_gmt":"2025-10-24T06:04:11","slug":"lunion-europeenne-souhaite-reglementer-lintelligence-artificielle-alors-que-le-canada-prefere-une-politique-dadoption","status":"publish","type":"post","link":"https:\/\/www.europesays.com\/fr\/486101\/","title":{"rendered":"L\u2019Union europ\u00e9enne souhaite r\u00e9glementer l\u2019Intelligence artificielle alors que le Canada pr\u00e9f\u00e8re une politique d\u2019adoption"},"content":{"rendered":"<p>Le commissaire europ\u00e9en \u00e0 la d\u00e9mocratie affirme qu\u2019il ne fera pas de le\u00e7ons aux autres pays alors que l\u2019Union europ\u00e9enne (UE) progresse dans la r\u00e9glementation des plateformes technologiques et de l\u2019<a href=\"https:\/\/www.ledevoir.com\/intelligence-artificielle-ia\" rel=\"nofollow noopener\" target=\"_blank\">intelligence artificielle<\/a>.<\/p>\n<p>Michael McGrath, commissaire europ\u00e9en \u00e0 la d\u00e9mocratie, \u00e0 la justice, \u00e0 l\u2019\u00c9tat de droit et \u00e0 la protection des consommateurs, est en visite au Canada alors que le gouvernement lib\u00e9ral poursuit une politique d\u2019IA qui met moins l\u2019accent sur la r\u00e9glementation et davantage sur l\u2019adoption de cette technologie.<\/p>\n<p>Il a indiqu\u00e9 que l\u2019Union europ\u00e9enne progresse dans la r\u00e9glementation des plateformes technologiques et de l\u2019intelligence artificielle.<\/p>\n<p>\u00ab\u00a0Ce n\u2019est pas \u00e0 nous de faire la le\u00e7on [\u2026] \u00e0 un pays tiers. Chaque pays d\u00e9cidera de son propre syst\u00e8me de gouvernance et de r\u00e9glementation en mati\u00e8re de technologie \u00bb, a-t-il expliqu\u00e9 \u00e0 La Presse canadienne, lors d\u2019une entrevue \u00e0 la suite d\u2019un discours prononc\u00e9 lors d\u2019une conf\u00e9rence \u00e0 Montr\u00e9al au sujet des menaces persistantes qui p\u00e8sent sur la r\u00e9glementation num\u00e9rique mondiale.<\/p>\n<p>\u00ab\u00a0Mais au sein de l\u2019Union europ\u00e9enne, nous croyons que pour d\u00e9fendre les valeurs dont nous avons parl\u00e9, il est crucial de mettre en place des garde-fous\u00a0\u00bb, a-t-il ajout\u00e9.<\/p>\n<p>Il a donn\u00e9 l\u2019exemple des lois europ\u00e9ennes relatives aux services num\u00e9riques, \u00e0 l\u2019intelligence artificielle et \u00e0 la protection de la vie priv\u00e9e et a d\u00e9clar\u00e9 que l\u2019UE \u00ab\u00a0continuerait de d\u00e9fendre et de d\u00e9fendre [cette] approche\u00a0\u00bb.<\/p>\n<p>Le ministre canadien de l\u2019Intelligence artificielle, Evan Solomon, a indiqu\u00e9 que le gouvernement se montrait plus conciliant en mati\u00e8re de r\u00e9glementation en raison de la position anti-r\u00e9glementation des \u00c9tats-Unis, affirmant que le Canada perdrait son temps \u00e0 faire cavalier seul.<\/p>\n<p> Un potentiel pour le Canada<\/p>\n<p>Le pionnier de l\u2019IA Yoshua Bengio, ardent d\u00e9fenseur mondial de la s\u00e9curit\u00e9 et de la transparence de l\u2019IA, a mentionn\u00e9 lors de la m\u00eame conf\u00e9rence que le Canada devrait s\u2019associer \u00e0 des alli\u00e9s comme l\u2019Union europ\u00e9enne.<\/p>\n<p>Il a convenu que le Canada est trop petit pour exercer une influence par lui-m\u00eame.<\/p>\n<p>\u00ab\u00a0Il devrait s\u2019employer activement \u00e0 nouer des partenariats avec d\u2019autres pays, a avanc\u00e9 M.\u00a0Bengio. Les \u00c9tats-Unis n\u2019ont pas encore les mesures incitatives n\u00e9cessaires, mais je pense que les Europ\u00e9ens, les Canadiens et les autres d\u00e9mocraties lib\u00e9rales se soucient beaucoup plus de ces questions.\u00a0\u00bb<\/p>\n<p>\u00ab\u00a0Ensemble, ils peuvent faire une diff\u00e9rence\u00a0\u00bb, a-t-il pr\u00e9cis\u00e9.<\/p>\n<p>L\u2019opinion mondiale s\u2019est d\u00e9plac\u00e9e d\u2019une approche sur la s\u00e9curit\u00e9 et la gouvernance de l\u2019IA vers le potentiel \u00e9conomique de cette technologie.<\/p>\n<p>Le premier sommet mondial consacr\u00e9 \u00e0 la s\u00e9curit\u00e9 de l\u2019IA s\u2019est tenu en 2023, alors que les experts mettaient en garde contre les dangers de cette technologie, notamment le risque qu\u2019elle repr\u00e9sente une menace existentielle pour l\u2019humanit\u00e9.<\/p>\n<p>Mais lorsque le Sommet d\u2019action sur l\u2019IA de cette ann\u00e9e a d\u00e9but\u00e9 \u00e0 Paris, le d\u00e9bat s\u2019est \u00e9largi et le vice-pr\u00e9sident am\u00e9ricain, <a href=\"https:\/\/www.ledevoir.com\/jdvance\" rel=\"nofollow noopener\" target=\"_blank\">J.D. Vance<\/a>, a profit\u00e9 de son discours pour repousser les efforts europ\u00e9ens visant \u00e0 r\u00e9glementer l\u2019IA.<\/p>\n<p>M.\u00a0Bengio a expliqu\u00e9 que ce changement \u00e9tait motiv\u00e9 par une volont\u00e9 anti-r\u00e9glementation.<\/p>\n<p>\u00ab\u00a0Certaines personnalit\u00e9s influentes ont des visions diff\u00e9rentes de l\u2019avenir\u00a0\u00bb, a-t-il d\u00e9clar\u00e9, soulignant les millions investis dans la lutte contre les membres du Congr\u00e8s am\u00e9ricain favorables \u00e0 la r\u00e9glementation de l\u2019IA.<\/p>\n<p>\u00ab\u00a0Regardez ce qui se passe au sein du gouvernement, o\u00f9 les g\u00e9ants du num\u00e9rique sont d\u00e9sormais [\u2026] de m\u00e8che avec le gouvernement, a-t-il soulign\u00e9. Je pense que nous sommes dans une situation tr\u00e8s dangereuse, pour notre d\u00e9mocratie et pour les dangers que peut repr\u00e9senter le fait de ne pas placer l\u2019humain au c\u0153ur de notre avenir.\u00a0\u00bb<\/p>\n<p>Lors de l\u2019entrevue, M.\u00a0McGrath a reconnu que la relation du Canada avec les \u00c9tats-Unis est manifestement tr\u00e8s importante.<\/p>\n<p>\u00ab\u00a0Mais la relation avec l\u2019Union europ\u00e9enne, je crois, devient \u00e9galement plus importante\u00a0\u00bb, a-t-il ajout\u00e9.<\/p>\n<p>Il a pr\u00e9cis\u00e9 que l\u2019UE respecte le droit de chaque pays \u00e0 d\u00e9finir ses propres politiques, mais qu\u2019il est pr\u00e9f\u00e9rable que les nations partageant les m\u00eames id\u00e9es s\u2019alignent sur ce qu\u2019il appelle les \u00ab\u00a0grands enjeux mondiaux\u00a0\u00bb.<\/p>\n<p>M.\u00a0McGrath affirme que l\u2019UE, forte de ses 27 \u00c9tats membres, est suffisamment grande pour faire une r\u00e9elle diff\u00e9rence.<\/p>\n<p>\u00ab\u00a0Nous repr\u00e9sentons 450\u00a0millions de consommateurs. C\u2019est le march\u00e9 le plus vaste et le plus lucratif sur lequel ces grandes entreprises technologiques op\u00e8rent\u00a0\u00bb, a-t-il ajout\u00e9.<\/p>\n<p>Projet de loi C-27<\/p>\n<p>Lors d\u2019une intervention \u00e0 la conf\u00e9rence jeudi en fin de journ\u00e9e, Evan Solomon a r\u00e9it\u00e9r\u00e9 son intention de r\u00e9tablir partiellement la l\u00e9gislation propos\u00e9e par le pr\u00e9c\u00e9dent gouvernement lib\u00e9ral.<\/p>\n<p>Le projet de loi C-27 aurait mis \u00e0 jour les lois canadiennes sur la protection de la vie priv\u00e9e, mais aussi introduit la premi\u00e8re loi f\u00e9d\u00e9rale canadienne sp\u00e9cifiquement ax\u00e9e sur l\u2019intelligence artificielle, et aurait introduit de nouvelles obligations pour les syst\u00e8mes \u00ab\u00a0\u00e0 fort impact\u00a0\u00bb.<\/p>\n<p>Le ministre pr\u00e9voit de pr\u00e9senter un projet de loi mettant \u00e0 jour les lois sur la protection de la vie priv\u00e9e et les mesures concernant sp\u00e9cifiquement les vid\u00e9os hypertruqu\u00e9es. Il a qualifi\u00e9 la partie relative \u00e0 l\u2019IA du projet de loi pr\u00e9c\u00e9dent de \u00ab\u00a0tr\u00e8s controvers\u00e9e\u00a0\u00bb.<\/p>\n<p>Interrog\u00e9 sur les propos de M.\u00a0Bengio, M.\u00a0Solomon a d\u00e9clar\u00e9 aux journalistes qu\u2019il n\u2019\u00e9tait pas pr\u00e9sent pour les entendre, mais qu\u2019il \u00e9tait en contact r\u00e9gulier avec lui.<\/p>\n<p>\u00ab\u00a0Nous discutons constamment avec nos alli\u00e9s de l\u2019UE\u00a0\u00bb, a-t-il ajout\u00e9.<\/p>\n<p>M.\u00a0McGrath affirme vouloir trouver un terrain d\u2019entente avec le Canada sur les questions de protection des consommateurs num\u00e9riques.<\/p>\n<p>\u00ab\u00a0Nous sommes tous confront\u00e9s \u00e0 des d\u00e9fis similaires avec les plateformes de commerce \u00e9lectronique chinoises, a-t-il d\u00e9clar\u00e9, ajoutant que l\u2019UE estime que ces plateformes doivent respecter les lois sur la protection des consommateurs et les normes de s\u00e9curit\u00e9. Je pense qu\u2019un dialogue avec le Canada et d\u2019autres partenaires partageant les m\u00eames id\u00e9es sur ce sujet est absolument crucial.\u00a0\u00bb<\/p>\n<p>Le commissaire europ\u00e9en pr\u00e9voit \u00e9galement de discuter avec les d\u00e9put\u00e9s des menaces que repr\u00e9sentent les vid\u00e9os hypertruqu\u00e9es et l\u2019intelligence artificielle pour la d\u00e9mocratie, ainsi que de l\u2019ing\u00e9rence \u00e9trang\u00e8re.<\/p>\n<p>Il a soulign\u00e9 que bon nombre de ces menaces proviennent de l\u2019environnement num\u00e9rique.<\/p>\n<p>\u00ab\u00a0Ces enjeux sont susceptibles d\u2019avoir un impact significatif sur les \u00e9lections, et nous ne pouvons certainement pas ignorer ce risque\u00a0\u00bb, a-t-il dit.<\/p>\n","protected":false},"excerpt":{"rendered":"Le commissaire europ\u00e9en \u00e0 la d\u00e9mocratie affirme qu\u2019il ne fera pas de le\u00e7ons aux autres pays alors que&hellip;\n","protected":false},"author":2,"featured_media":486102,"comment_status":"","ping_status":"","sticky":false,"template":"","format":"standard","meta":{"footnotes":""},"categories":[1586],"tags":[11,1777,674,1779,1011,27,12,25,1778,364],"class_list":{"0":"post-486101","1":"post","2":"type-post","3":"status-publish","4":"format-standard","5":"has-post-thumbnail","7":"category-europe","8":"tag-actualites","9":"tag-eu","10":"tag-europe","11":"tag-european-union","12":"tag-fr","13":"tag-france","14":"tag-news","15":"tag-republique-francaise","16":"tag-ue","17":"tag-union-europeenne"},"share_on_mastodon":{"url":"https:\/\/pubeurope.com\/@fr\/115427636998555290","error":""},"_links":{"self":[{"href":"https:\/\/www.europesays.com\/fr\/wp-json\/wp\/v2\/posts\/486101","targetHints":{"allow":["GET"]}}],"collection":[{"href":"https:\/\/www.europesays.com\/fr\/wp-json\/wp\/v2\/posts"}],"about":[{"href":"https:\/\/www.europesays.com\/fr\/wp-json\/wp\/v2\/types\/post"}],"author":[{"embeddable":true,"href":"https:\/\/www.europesays.com\/fr\/wp-json\/wp\/v2\/users\/2"}],"replies":[{"embeddable":true,"href":"https:\/\/www.europesays.com\/fr\/wp-json\/wp\/v2\/comments?post=486101"}],"version-history":[{"count":0,"href":"https:\/\/www.europesays.com\/fr\/wp-json\/wp\/v2\/posts\/486101\/revisions"}],"wp:featuredmedia":[{"embeddable":true,"href":"https:\/\/www.europesays.com\/fr\/wp-json\/wp\/v2\/media\/486102"}],"wp:attachment":[{"href":"https:\/\/www.europesays.com\/fr\/wp-json\/wp\/v2\/media?parent=486101"}],"wp:term":[{"taxonomy":"category","embeddable":true,"href":"https:\/\/www.europesays.com\/fr\/wp-json\/wp\/v2\/categories?post=486101"},{"taxonomy":"post_tag","embeddable":true,"href":"https:\/\/www.europesays.com\/fr\/wp-json\/wp\/v2\/tags?post=486101"}],"curies":[{"name":"wp","href":"https:\/\/api.w.org\/{rel}","templated":true}]}}