{"id":486119,"date":"2025-10-24T06:14:10","date_gmt":"2025-10-24T06:14:10","guid":{"rendered":"https:\/\/www.europesays.com\/fr\/486119\/"},"modified":"2025-10-24T06:14:10","modified_gmt":"2025-10-24T06:14:10","slug":"lewis-hamilton-optimiste-avant-le-gp-du-mexique-jai-hate-de-commencer","status":"publish","type":"post","link":"https:\/\/www.europesays.com\/fr\/486119\/","title":{"rendered":"Lewis Hamilton optimiste avant le GP du Mexique, \u201cj\u2019ai h\u00e2te de commencer\u00a0\u00bb"},"content":{"rendered":"<p>C&rsquo;est un Lewis Hamilton souriant qui s&rsquo;est pr\u00e9sent\u00e9 \u00e0 la presse jeudi pour la journ\u00e9e d\u00e9di\u00e9e au m\u00e9dia de ce GP du Mexique de F1. Le pilote Ferrari estime que les choses vont d\u00e9sormais dans la bonne direction.<\/p>\n<p>Aucune victoire, aucun podium ni aucune pole position en 2025 pour Lewis Hamilton. Les d\u00e9buts chez Ferrari sont pour le moins difficile d&rsquo;un point de vue des r\u00e9sultats purs. Pourtant, de l&rsquo;aveu m\u00eame du septuple champion du monde, il y a du mieux. Avec la voiture d\u00e9j\u00e0 mais aussi avec l&rsquo;\u00e9quipe dans l&rsquo;ex\u00e9cution des week-ends. C&rsquo;est ce qu&rsquo;il faut retenir de ses d\u00e9clarations avant ce GP du Mexique de F1 :<\/p>\n<blockquote>\n<p>\u201cIl y a eu des hauts et des bas cette saison, mais nous sommes d\u00e9sormais sur la bonne voie. 2025 a \u00e9t\u00e9 un apprentissage continu et je retire quelque chose de nouveau de chaque course. Ce qui est s\u00fbr, c&rsquo;est que toute l&rsquo;\u00e9quipe, en piste comme \u00e0 domicile, travaille ensemble et se donne \u00e0 fond pour aller de l&rsquo;avant\u201d.<\/p>\n<\/blockquote>\n<p>Pas dans la voiture pour les Essais Libres 1<\/p>\n<p>Ne cherchez pas le chrono de Lewis Hamilton vendredi lors des Essais Libres 1, vous ne le trouverez pas. Le pilote britannique laissera sa voiture au pilote italien Antonio Fuoco. Ce nom vous dit peut-\u00eatre quelque chose ? Il a fait partie de l&rsquo;\u00e9quipage qui a remport\u00e9 les 24h du Mans en 2024. Un changement qui n&rsquo;a pas de quoi perturber Lewis Hamilton :<\/p>\n<blockquote>\n<p>\u201cIl serait absurde d&rsquo;en dire trop avant d&rsquo;avoir pris la piste. Je devrai attendre la deuxi\u00e8me s\u00e9ance, car Antonio Fuoco pilotera ma voiture en EL1, mais je pense que nous savons ce que nous avons \u00e0 faire. Nous sommes plus d\u00e9termin\u00e9s que jamais \u00e0 exploiter pleinement notre package, et j&rsquo;ai h\u00e2te de commencer\u201d.<\/p>\n<\/blockquote>\n<p>Programme, horaires et cha\u00eene TV pour la France du GP du Mexique de F1<\/p>\n<tr>\nSESSION<br \/>\nCHA\u00ceNE TV<br \/>\nDATE<br \/>\nHORAIRE<br \/>\n<\/tr>\n<tr>\n<td style=\"border:1px solid hsl(0, 0%, 90%);text-align:center;\">Essais Libres 1<\/td>\n<td style=\"border:1px solid hsl(0, 0%, 90%);text-align:center;\">Canal+ Sport<\/td>\n<td style=\"border:1px solid hsl(0, 0%, 90%);text-align:center;\">Vendredi 24 octobre<\/td>\n<td style=\"border:1px solid hsl(0, 0%, 90%);text-align:center;\">\u00c0 partir de 20h10<\/td>\n<\/tr>\n<tr>\n<td style=\"background-color:hsl(0, 0%, 90%);border:1px solid hsl(0, 0%, 90%);text-align:center;\">Qualifications sprint<\/td>\n<td style=\"background-color:hsl(0, 0%, 90%);border:1px solid hsl(0, 0%, 90%);text-align:center;\">Canal+ Sport<\/td>\n<td style=\"background-color:hsl(0, 0%, 90%);border:1px solid hsl(0, 0%, 90%);text-align:center;\">Vendredi 24 octobre<\/td>\n<td style=\"background-color:hsl(0, 0%, 90%);border:1px solid hsl(0, 0%, 90%);text-align:center;\">\u00c0 partir de 23h55<\/td>\n<\/tr>\n<tr>\n<td style=\"border:1px solid hsl(0, 0%, 90%);text-align:center;\">Course sprint<\/td>\n<td style=\"border:1px solid hsl(0, 0%, 90%);text-align:center;\">Canal+ Sport<\/td>\n<td style=\"border:1px solid hsl(0, 0%, 90%);text-align:center;\">Samedi 25 octobre<\/td>\n<td style=\"border:1px solid hsl(0, 0%, 90%);text-align:center;\">\u00c0 partir de 19h20<\/td>\n<\/tr>\n<tr>\n<td style=\"background-color:hsl(0, 0%, 90%);border:1px solid hsl(0, 0%, 90%);text-align:center;\">Qualifications<\/td>\n<td style=\"background-color:hsl(0, 0%, 90%);border:1px solid hsl(0, 0%, 90%);text-align:center;\">Canal+ Sport<\/td>\n<td style=\"background-color:hsl(0, 0%, 90%);border:1px solid hsl(0, 0%, 90%);text-align:center;\">Samedi 25 octobre<\/td>\n<td style=\"background-color:hsl(0, 0%, 90%);text-align:center;\">\u00c0 partir de 22h40<\/td>\n<\/tr>\n<tr>\n<td style=\"border:1px solid hsl(0, 0%, 90%);text-align:center;\">Course<\/td>\n<td style=\"border:1px solid hsl(0, 0%, 90%);text-align:center;\">Canal+ Sport 360<\/td>\n<td style=\"border:1px solid hsl(0, 0%, 90%);text-align:center;\">Dimanche 26 octobre<\/td>\n<td style=\"text-align:center;\">\u00c0 partir de 21h<\/td>\n<\/tr>\n<p>\u00a0Cr\u00e9dit photo : Ferrari.<\/p>\n","protected":false},"excerpt":{"rendered":"C&rsquo;est un Lewis Hamilton souriant qui s&rsquo;est pr\u00e9sent\u00e9 \u00e0 la presse jeudi pour la journ\u00e9e d\u00e9di\u00e9e au m\u00e9dia&hellip;\n","protected":false},"author":2,"featured_media":486120,"comment_status":"","ping_status":"","sticky":false,"template":"","format":"standard","meta":{"footnotes":""},"categories":[1412],"tags":[1451,1452,1453,1454,1455,1011,27,60],"class_list":{"0":"post-486119","1":"post","2":"type-post","3":"status-publish","4":"format-standard","5":"has-post-thumbnail","7":"category-f1","8":"tag-f1","9":"tag-formula-1","10":"tag-formula1","11":"tag-formule-1","12":"tag-formule1","13":"tag-fr","14":"tag-france","15":"tag-sports"},"share_on_mastodon":{"url":"https:\/\/pubeurope.com\/@fr\/115427676353155835","error":""},"_links":{"self":[{"href":"https:\/\/www.europesays.com\/fr\/wp-json\/wp\/v2\/posts\/486119","targetHints":{"allow":["GET"]}}],"collection":[{"href":"https:\/\/www.europesays.com\/fr\/wp-json\/wp\/v2\/posts"}],"about":[{"href":"https:\/\/www.europesays.com\/fr\/wp-json\/wp\/v2\/types\/post"}],"author":[{"embeddable":true,"href":"https:\/\/www.europesays.com\/fr\/wp-json\/wp\/v2\/users\/2"}],"replies":[{"embeddable":true,"href":"https:\/\/www.europesays.com\/fr\/wp-json\/wp\/v2\/comments?post=486119"}],"version-history":[{"count":0,"href":"https:\/\/www.europesays.com\/fr\/wp-json\/wp\/v2\/posts\/486119\/revisions"}],"wp:featuredmedia":[{"embeddable":true,"href":"https:\/\/www.europesays.com\/fr\/wp-json\/wp\/v2\/media\/486120"}],"wp:attachment":[{"href":"https:\/\/www.europesays.com\/fr\/wp-json\/wp\/v2\/media?parent=486119"}],"wp:term":[{"taxonomy":"category","embeddable":true,"href":"https:\/\/www.europesays.com\/fr\/wp-json\/wp\/v2\/categories?post=486119"},{"taxonomy":"post_tag","embeddable":true,"href":"https:\/\/www.europesays.com\/fr\/wp-json\/wp\/v2\/tags?post=486119"}],"curies":[{"name":"wp","href":"https:\/\/api.w.org\/{rel}","templated":true}]}}