{"id":486123,"date":"2025-10-24T06:16:15","date_gmt":"2025-10-24T06:16:15","guid":{"rendered":"https:\/\/www.europesays.com\/fr\/486123\/"},"modified":"2025-10-24T06:16:15","modified_gmt":"2025-10-24T06:16:15","slug":"battu-par-le-celta-de-vigo-nice-boit-la-galice-jusqua-la-lie-c3-j3-celta-de-vigo-nice-2-1","status":"publish","type":"post","link":"https:\/\/www.europesays.com\/fr\/486123\/","title":{"rendered":"Battu par le Celta de Vigo, Nice boit la Galice jusqu&rsquo;\u00e0 la lie &#8211; C3 &#8211; J3 &#8211; Celta de Vigo-Nice (2-1)"},"content":{"rendered":"<p>\t\t\t<img decoding=\"async\" loading=\"lazy\" class=\"blason blason-grand\" src=\"https:\/\/www.europesays.com\/fr\/wp-content\/uploads\/2025\/08\/1756378817_55_grande.jpg\"\/>Celta de Vigo 2-1 OGC Nice <img decoding=\"async\" loading=\"lazy\" class=\"blason blason-grand\" src=\"https:\/\/www.europesays.com\/fr\/wp-content\/uploads\/2025\/04\/1744595860_940_grande.jpg\"\/><\/p>\n<p>Buts : Iago Aspas (2e) et Oppong (75e csc) pour les Galiciens \/\/ Cho (16e) pour les Azur\u00e9ens<\/p>\n<p>Expulsion : Clauss (38e) c\u00f4t\u00e9 ni\u00e7ois\u00a0<\/p>\n<p>On n\u2019a rarement quinze fois d\u2019affil\u00e9e une bonne note, on n\u2019\u00e9vite jamais quinze fois d\u2019affil\u00e9e des bouchons, on n\u2019a jamais du soleil quinze jours d\u2019affil\u00e9e. Bref, r\u00e9ussir quinze fois d\u2019affil\u00e9e quelque chose, c\u2019est fort. En s\u2019inclinant contre le Celta de Vigo <strong>(1-2)<\/strong>, Nice donne raison \u00e0 tous les darons du monde : r\u00e9p\u00e9ter quinze fois la m\u00eame chose, c\u2019est p\u00e9nible.<\/p>\n<p>Un capitaine ne devrait pas faire \u00e7a<\/p>\n<p>Cette d\u00e9faite poss\u00e8de toutefois un m\u00e9rite : ne pas g\u00e2cher la chouille de son adversaire du soir. L\u2019Estadio Bala\u00eddos a c\u00e9l\u00e9br\u00e9 son capitaine, <a target=\"_blank\" href=\"https:\/\/www.sofoot.com\/breves\/ligue-europa-iago-aspas-va-un-peu-plus-entrer-dans-lhistoire-du-celta-contre-nice\" rel=\"nofollow noopener\">Iago Aspas<\/a>. Avec 534 capes, le trentenaire devient le joueur le plus cap\u00e9 de l\u2019histoire du club, a eu le droit \u00e0 son tifo puis \u00e0 sa statue, et a f\u00eat\u00e9 \u00e7a par un super but. Sur un ballon mal d\u00e9gag\u00e9 par Juma Bah juste devant la surface, le Galicien encha\u00eene une magnifique reprise <strong>(1-0, 2e)<\/strong>.<\/p>\n<p>Le d\u00e9but du match a donn\u00e9 le ton : le Celta allait tromper Bah, Bard et Oppong. Mais sans son \u00e9l\u00e9phant Dante, Nice a quand m\u00eame barri. Mohamed-Ali Cho a joliment crois\u00e9 sa frappe, apr\u00e8s une belle ouverture de Salis Abdul Samed <strong>(1-1, 16e)<\/strong>. Ali Abdi aurait pu permettre \u00e0 Nice de prendre l\u2019avantage, mais sa reprise \u00e0 bout portant est tomb\u00e9e sur Radu (23e). Yehvann Diouf a sauv\u00e9 les siens sur une belle t\u00eate de Marcos Alonso hors-jeu au final (30e). Nice se r\u00e9veille, et cadre trois frappes lors de la premi\u00e8re demi-heure.<\/p>\n<p>Iglesias au milieu du village<\/p>\n<p>Sauf qu\u2019en moins de dix minutes, Jonathan Clauss chope par le col puis essuie ses crampons sur Bryan Zaragoza. Le capitaine ni\u00e7ois est exclu (38e), et le chemin de croix des Ni\u00e7ois commence. Franck Haise a fait sortir Cho, son buteur, pour faire entrer un d\u00e9fenseur, Antoine Mendy, mais a eu une belle occasion au sortir des vestiaires : la t\u00eate de Kevin Carlos est pass\u00e9e au dessus (47e).<\/p>\n<p>Dans la lign\u00e9e de leur <a target=\"_blank\" href=\"https:\/\/www.sofoot.com\/breves\/ligue-1-nice-ebouriffe-lyon\" rel=\"nofollow noopener\">prestation \u00e0 Lyon<\/a>, les Aiglons ont fait le dos rond, m\u00eame avec l\u2019entr\u00e9e de Borja Iglesias. Zaragoza a beaucoup centr\u00e9, Iago Aspas a retent\u00e9 une magnifique vol\u00e9e (69e). Mais comme <a target=\"_blank\" href=\"https:\/\/www.sofoot.com\/articles\/ligue-des-champions-a-11-contre-10-le-sporting-renverse-marseille\" rel=\"nofollow noopener\">Marseille contre le Sporting<\/a>, Nice a fini par c\u00e9der. Borja Iglesias a b\u00e9n\u00e9fici\u00e9 d\u2019un joli service de l\u2019international espagnol \u00d3scar Mingueza pour jouer au ping-Oppong : la balle rebondit sur le Ghan\u00e9en, qui marque contre son camp <strong>(2-1, 75e)<\/strong>. Nice n\u2019a plus gagn\u00e9 en Europe depuis le 16 mars 2023. La suite du programme ? Fribourg, Porto, Braga\u2026 Le record de 17 matchs sans succ\u00e8s d\u2019une \u00e9quipe fran\u00e7aise en coupe d\u2019Europe, effectu\u00e9 par Lille entre 2014 et 2017, est \u00e0 port\u00e9e de main.<\/p>\n<p><img decoding=\"async\" loading=\"lazy\" class=\"blason blason-petit\" src=\"https:\/\/www.europesays.com\/fr\/wp-content\/uploads\/2025\/08\/1756378817_55_grande.jpg\"\/> <strong>Celta Vigo (3-4-3) :<\/strong> Radu, Fernandez, Starfelt, Alonso \u2013 Carreira (Mingueza, 71e), Beltr\u00e1n (Sotelo, 71e), Rom\u00e1n, \u00c1lvarez (Iglesias, 46e) \u2013 Aspas (cap.), Dur\u00e1n (Rueda, 66e), Zaragoza (Cervi, 78e). <strong>Entra\u00eeneur :<\/strong> Claudio Gir\u00e1ldez.<\/p>\n<p><img decoding=\"async\" loading=\"lazy\" class=\"blason blason-petit\" src=\"https:\/\/www.europesays.com\/fr\/wp-content\/uploads\/2025\/04\/1744595860_940_grande.jpg\"\/> <strong>Nice (3-4-3) <\/strong>: Diouf \u2013 Oppong, Bah, Bard \u2013 Clauss (cap.), Louchet (Boga, 81e), Abdul Samed, Abdi (Gouveia, 70e) \u2013 Cho (Mendy, 46e), Carlos (Nguene, 81e), Sanson (Vanhoutte, 70e). <strong>Entra\u00eeneur :<\/strong> Franck Haise.<\/p>\n<p>\t\t\t\t\t\t\t\t\t\t<a class=\"lien-connexe\" href=\"https:\/\/www.sofoot.com\/breves\/claudio-giraldez-celta-vigo-encense-la-ligue-1-je-ne-voulais-absolument-pas-tomber-sur-un-club-francais\" rel=\"nofollow noopener\" target=\"_blank\">La Ligue 1 encens\u00e9e \u00e0 l\u2019\u00e9tranger<\/a>\t\t\t\t\t<\/p>\n","protected":false},"excerpt":{"rendered":"Celta de Vigo 2-1 OGC Nice Buts : Iago Aspas (2e) et Oppong (75e csc) pour les Galiciens&hellip;\n","protected":false},"author":2,"featured_media":486124,"comment_status":"","ping_status":"","sticky":false,"template":"","format":"standard","meta":{"footnotes":""},"categories":[1410],"tags":[47,61,69,65,64,63,1011,27,68,66,62,70,67,60],"class_list":{"0":"post-486123","1":"post","2":"type-post","3":"status-publish","4":"format-standard","5":"has-post-thumbnail","7":"category-football","8":"tag-actualite","9":"tag-actus-football","10":"tag-bundesliga","11":"tag-championnats-europeens","12":"tag-equipe-de-france","13":"tag-football","14":"tag-fr","15":"tag-france","16":"tag-ligua","17":"tag-ligue-1","18":"tag-news-foot","19":"tag-premier-league","20":"tag-serie-a","21":"tag-sports"},"share_on_mastodon":{"url":"https:\/\/pubeurope.com\/@fr\/115427684786422333","error":""},"_links":{"self":[{"href":"https:\/\/www.europesays.com\/fr\/wp-json\/wp\/v2\/posts\/486123","targetHints":{"allow":["GET"]}}],"collection":[{"href":"https:\/\/www.europesays.com\/fr\/wp-json\/wp\/v2\/posts"}],"about":[{"href":"https:\/\/www.europesays.com\/fr\/wp-json\/wp\/v2\/types\/post"}],"author":[{"embeddable":true,"href":"https:\/\/www.europesays.com\/fr\/wp-json\/wp\/v2\/users\/2"}],"replies":[{"embeddable":true,"href":"https:\/\/www.europesays.com\/fr\/wp-json\/wp\/v2\/comments?post=486123"}],"version-history":[{"count":0,"href":"https:\/\/www.europesays.com\/fr\/wp-json\/wp\/v2\/posts\/486123\/revisions"}],"wp:featuredmedia":[{"embeddable":true,"href":"https:\/\/www.europesays.com\/fr\/wp-json\/wp\/v2\/media\/486124"}],"wp:attachment":[{"href":"https:\/\/www.europesays.com\/fr\/wp-json\/wp\/v2\/media?parent=486123"}],"wp:term":[{"taxonomy":"category","embeddable":true,"href":"https:\/\/www.europesays.com\/fr\/wp-json\/wp\/v2\/categories?post=486123"},{"taxonomy":"post_tag","embeddable":true,"href":"https:\/\/www.europesays.com\/fr\/wp-json\/wp\/v2\/tags?post=486123"}],"curies":[{"name":"wp","href":"https:\/\/api.w.org\/{rel}","templated":true}]}}