{"id":486131,"date":"2025-10-24T06:20:15","date_gmt":"2025-10-24T06:20:15","guid":{"rendered":"https:\/\/www.europesays.com\/fr\/486131\/"},"modified":"2025-10-24T06:20:15","modified_gmt":"2025-10-24T06:20:15","slug":"je-suis-une-petite-addict-a-ladrenaline","status":"publish","type":"post","link":"https:\/\/www.europesays.com\/fr\/486131\/","title":{"rendered":"\u00ab\u00a0Je suis une petite addict \u00e0 l\u2019adr\u00e9naline\u00a0\u00bb\u00a0\u00bb"},"content":{"rendered":"<p>        <img decoding=\"async\" loading=\"lazy\" src=\"https:\/\/www.europesays.com\/fr\/wp-content\/uploads\/2025\/10\/9fe477b_upload-1-c2gwd2zlwrqm-afp-20250518-478b9ut-v1-highres-francefilmfestivalcannes.jpg\"  width=\"728\" height=\"409\" alt=\"Daphn\u00e9 B\u00fcrki, ici au mois de mai 2025, au Festival de Cannes.\"\/>  <\/p>\n<p>SAMEER AL-DOUMY \/ AFP<\/p>\n<p>Daphn\u00e9 B\u00fcrki, ici au mois de mai 2025, au Festival de Cannes.<\/p>\n<p class=\"asset asset-text\">S\u00c9RIES T\u00c9L\u00c9 &#8211; Oubliez Loana, <a href=\"https:\/\/www.huffingtonpost.fr\/culture\/article\/culte-sur-prime-video-jean-edouard-assure-que-la-production-a-refuse-qu-il-voit-la-serie-sur-loft-story_241084.html\" rel=\"nofollow noopener\" target=\"_blank\">Jean-\u00c9douard<\/a> et Alexia Laroche-Joubert. Dites bonjour \u00e0 Filip, Adel et Frank. Un an apr\u00e8s le carton du feuilleton sur <a href=\"https:\/\/www.huffingtonpost.fr\/culture\/article\/culte-sur-prime-video-ces-personnages-de-la-serie-s-inspirent-de-vraies-personnalites-du-paf-clx1_241270.html\" rel=\"nofollow noopener\" target=\"_blank\">les coulisses de Loft Story<\/a> sur Prime Video, la s\u00e9rie d\u2019anthologie Culte revient, ce vendredi 24\u00a0octobre, avec un menu tout aussi croustillant\u00a0: l\u2019ascension du plus connu des boys bands fran\u00e7ais, les <a href=\"https:\/\/www.huffingtonpost.fr\/culture\/article\/les-2be3-et-filip-nikolic-sur-le-devant-de-la-scene-en-2025-avec-telefilm-serie-et-livre_254842.html\" rel=\"nofollow noopener\" target=\"_blank\">2Be3<\/a>.<\/p>\n<p class=\"asset asset-text\">L\u2019histoire, certains la connaissent. Les plus jeunes, peut-\u00eatre pas. C\u2019est celle de trois gar\u00e7ons, trois meilleurs amis originaires de la ville de Longjumeau en banlieue parisienne qui, du jour au lendemain, vont passer du statut de parfaits inconnus \u00e0 celui de superstars. En cause, une strat\u00e9gie marketing bien rod\u00e9e et un hymne baptis\u00e9 Partir un jour.<\/p>\n<p class=\"asset asset-text\">Tourn\u00e9es \u00e0 guichets ferm\u00e9s (dont un Bercy, en 1998), produits d\u00e9riv\u00e9s, fans en folie\u2026 Le ph\u00e9nom\u00e8ne des 2Be3, indissociable du destin tragique de son leader, que nous raconte la s\u00e9rie dresse aussi le portrait d\u2019une \u00e9poque, et d\u2019une industrie de la musique impitoyable, \u00e0 l\u2019int\u00e9rieur de laquelle ne gravitent pas seulement les artistes.<\/p>\n<p class=\"asset asset-text\">C\u2019est le cas de Salom\u00e9, la tr\u00e8s ambivalente (et fictive) directrice artistique du trio. Elle est jou\u00e9e par l\u2019animatrice t\u00e9l\u00e9 Daphn\u00e9 B\u00fcrki qui, loin de ses furtives apparitions sur le grand et le petit \u00e9cran, vole la vedette avec ce r\u00f4le de premier plan. Nous l\u2019avons rencontr\u00e9e.<\/p>\n<p class=\"asset asset-text\"><strong>Le HuffPost\u00a0: En quoi cette nouvelle exp\u00e9rience \u00e9tait-elle diff\u00e9rente des autres\u00a0?<\/strong><\/p>\n<p class=\"asset asset-text\"><strong>Daphn\u00e9 B\u00fcrki\u00a0:<\/strong> Le rythme. Quand j\u2019ai d\u00e9marr\u00e9 mes m\u00e9tiers d\u2019image, j\u2019ai tr\u00e8s vite tourn\u00e9 au cin\u00e9ma avec de supers r\u00e9alisateurs, comme Alexandre Astier (David et Madame Hansen) et Jean Becker (Deux jours \u00e0 tuer). Mais moi, je suis une petite addict \u00e0 l\u2019adr\u00e9naline. \u00c7a n\u2019allait pas assez vite \u00e0 mon go\u00fbt. Alors que l\u00e0, je peux vous dire que j\u2019ai ador\u00e9. Il n\u2019y avait pas de moment de pause. Il ne fallait pas trois prises pour que ce soit la bonne. \u00c7a m\u2019a branch\u00e9e \u00e0 ce m\u00e9tier que j\u2019adore. J\u2019aime cette pression.<\/p>\n<p class=\"asset asset-text\"><strong>D\u00e9couvrez ci-dessous la bande-annonce\u00a0:<\/strong><\/p>\n<p> La lecture de ce contenu est susceptible d\u2019entra\u00eener un d\u00e9p\u00f4t de cookies de la part de l\u2019op\u00e9rateur tiers qui l\u2019h\u00e9berge. Compte-tenu des choix que vous avez exprim\u00e9s en mati\u00e8re de d\u00e9p\u00f4t de cookies, nous avons bloqu\u00e9 l\u2019affichage de ce contenu. Si vous souhaitez y acc\u00e9der, vous devez accepter la cat\u00e9gorie de cookies \u201cContenus tiers\u201d en cliquant sur le bouton ci-dessous. <\/p>\n<p> Lire la Vid\u00e9o              <\/p>\n<p class=\"asset asset-text\"><strong>Votre personnage, aussi, vit \u00e0 mille \u00e0 l\u2019heure. Ya\u00ebl Langmann, qui vous avait faite tourner dans sa s\u00e9rie Chair tendre, l\u2019a \u00e9crit sur-mesure pour vous. Pouvez-vous nous en dire plus\u00a0?<\/strong><\/p>\n<p class=\"asset asset-text\">C\u2019est une fiction inspir\u00e9e du r\u00e9el. Il y a des passages et des personnages qui ont \u00e9t\u00e9 ajout\u00e9s. Le mien est simplement devenu f\u00e9minin. Son alter \u00e9go masculin a exist\u00e9, et il a bien d\u00e9couvert les 2Be3 et \u00c9tienne Daho. Pour les besoins de la dramaturgie, Ya\u00ebl Langmann trouvait que \u00e7a avait du sens d\u2019en faire une femme pour montrer l\u2019univers misogyne et homophobe d\u2019une maison de disques dans les ann\u00e9es 1990, bien que cela soit toujours pr\u00e9sent aujourd\u2019hui.<\/p>\n<p class=\"asset asset-text\"><strong>\u00c0 la fois un peu ripoux, mais tr\u00e8s protectrice avec ses prot\u00e9g\u00e9s\u2026 Salom\u00e9 est pleine d\u2019ambigu\u00eft\u00e9s, n\u2019est-ce pas\u00a0?<\/strong><\/p>\n<p class=\"asset asset-text\">C\u2019est une femme qui doit se d\u00e9fendre dans un milieu d\u2019hommes, et notamment \u00e0 un moment charni\u00e8re\u00a0: elle risque de perdre son travail, sa femme, son appartement et ses fringues fabuleuses. Elle doit poser sa culotte sur la table. Au d\u00e9but, elle reproduit ce qu\u2019elle subit. La harcel\u00e9e devient harceleuse. Mais elle a une grande humanit\u00e9. Ceux qu\u2019elle va chercher et former, elle les aime profond\u00e9ment. On a travaill\u00e9 sur un personnage qui para\u00eet dur, qui est tr\u00e8s habill\u00e9, tr\u00e8s maquill\u00e9, tr\u00e8s coiff\u00e9. Ce n\u2019est pas moi en r\u00e9alit\u00e9. J\u2019adore les fringues, mais pas comme \u00e7a\u00a0!<\/p>\n<p>                          <img decoding=\"async\" loading=\"lazy\" src=\"https:\/\/www.europesays.com\/fr\/wp-content\/uploads\/2025\/10\/459e461_upload-1-hlbborg05nc6-43d798d34a84ebec315d0e9d9643971d.jpg\"  width=\"728\" height=\"485\" alt=\"Daphn\u00e9 B\u00fcrki et les interpr\u00e8tes des 2Be3, ici dans la s\u00e9rie.\"\/>  <\/p>\n<p>Jo Voets<\/p>\n<p>Daphn\u00e9 B\u00fcrki et les interpr\u00e8tes des 2Be3, ici dans la s\u00e9rie.<\/p>\n<p class=\"asset asset-text\"><strong>Vous avez des points communs\u00a0?<\/strong><\/p>\n<p class=\"asset asset-text\">Le c\u00f4t\u00e9 t\u00eate chercheuse, c\u2019est-\u00e0-dire le fait d\u2019aller chercher de nouveaux talents, et les pr\u00e9senter aux autres (comme Daphn\u00e9 B\u00fcrki le fait sur France Inter depuis la rentr\u00e9e dans Nouvelles t\u00eates, ndlr). L\u00e0, elle y va \u00e0 fond, en mode speed dating. En l\u2019\u00e9crivant pour moi, je ne sais pas ce que Ya\u00ebl a projet\u00e9. Il y a plein d\u2019endroits o\u00f9 je n\u2019aurais pas r\u00e9agi comme \u00e7a, mais j\u2019ai fait mon travail de com\u00e9dienne.<\/p>\n<p class=\"asset asset-text\"><strong>Il ne se passe presque pas une sc\u00e8ne sans qu\u2019on vous voie fumer une cigarette. C\u2019est aussi de la com\u00e9die\u00a0?<\/strong><\/p>\n<p class=\"asset asset-text\">Je l\u2019annonce officiellement\u00a0: j\u2019ai arr\u00eat\u00e9 de fumer il y a deux semaines. J\u2019ai envie de crever. Je suis speed, je suis \u00e9nerv\u00e9e. Et c\u2019est un grand mot avec moi. J\u2019ai arr\u00eat\u00e9 quatre jours avant le d\u00e9but de la promo. La bonne id\u00e9e. Rires. Plus s\u00e9rieusement, comme on \u00e9tait sur un plateau de cin\u00e9ma, c\u2019\u00e9taient \u00e9videmment de fausses cigarettes. Car pour \u00e9viter le tabagisme passif, tu dois respecter des r\u00e8gles. Mais en effet, j\u2019avais toujours une clope au bec. Les ann\u00e9es 1990, c\u2019\u00e9tait toute une \u00e9poque. \u00c7a peut para\u00eetre fou, mais oui, tu fumais dans les bureaux, tu fumais partout. On fumait dans les avions, les gars.<\/p>\n<p class=\"asset asset-text\"><strong>En 1996, quand les 2Be3 ont d\u00e9barqu\u00e9 sur la sc\u00e8ne fran\u00e7aise, vous aviez 16\u00a0ans. Vous en \u00e9tiez fan\u00a0?<\/strong><\/p>\n<p class=\"asset asset-text\">Je ne suis jamais fan d\u2019un artiste, et je ne perds pas pied en en rencontrant. Par contre, j\u2019aime bien \u00e9pouser la cause. Celle-ci, je ne suis pas du tout pass\u00e9e \u00e0 c\u00f4t\u00e9. Je suis m\u00eame all\u00e9e en plein dedans. \u00c0 l\u2019\u00e9poque, je me levais le samedi matin pour regarder le Hit Machine et Fan 2. Comme tout le monde, je faisais mine de pas trop aimer les sons. Or, je faisais d\u00e9j\u00e0 beaucoup de f\u00eates chez moi, et je peux vous dire que je passais toujours Partir un jour.<\/p>\n<p>         <img decoding=\"async\" loading=\"lazy\" src=\"https:\/\/www.europesays.com\/fr\/wp-content\/uploads\/2025\/10\/1225554_upload-1-1i7uunm78zue-ab58a0f2cc264d054727a41ee22acf2f.jpg\"  width=\"728\" height=\"410\" alt=\"Namory Bakayoko, Antoine Simony et Marin Judas-Bouissou, ici dans \u00ab\u00a0Culte\u00a0: 2Be3\u00a0\u00bb.\"\/>  <\/p>\n<p>Prime Video<\/p>\n<p>Namory Bakayoko, Antoine Simony et Marin Judas-Bouissou, ici dans \u00ab\u00a0Culte\u00a0: 2Be3\u00a0\u00bb.<\/p>\n<p class=\"asset asset-text\"><strong>Trente ans plus tard, la s\u00e9rie a-t-elle chang\u00e9 le regard que vous portiez sur eux\u00a0?<\/strong><\/p>\n<p class=\"asset asset-text\">C\u2019\u00e9taient les premiers \u00e0 danser, chanter, et occuper une sc\u00e8ne pendant tout un spectacle. Ils ont lanc\u00e9 pas mal de choses, et pas que les abdos. J\u2019adore les biopics. Et cette s\u00e9rie apporte un regard dur sur cette \u00e9poque-l\u00e0, qui n\u2019est pas si \u00e9loign\u00e9e que \u00e7a de la n\u00f4tre. Il n\u2019y avait pas de r\u00e9seaux sociaux, mais le syst\u00e8me de la c\u00e9l\u00e9brit\u00e9 est le m\u00eame. Comment on la cr\u00e9e\u00a0? Comment \u00e7a fonctionne\u00a0? Comment est-ce qu\u2019on peut faire dispara\u00eetre des gens du jour au lendemain\u00a0?<\/p>\n<p class=\"asset asset-text\"><strong>De votre c\u00f4t\u00e9, ce r\u00f4le n\u2019est peut-\u00eatre pas le dernier. Vous avez<\/strong> <strong>r\u00e9cemment d\u00e9clar\u00e9 vouloir embrasser une carri\u00e8re dans la com\u00e9die. C\u2019est-\u00e0-dire\u00a0?<\/strong><\/p>\n<p class=\"asset asset-text\">Il faut faire ce qu\u2019on ressent dans le ventre. J\u2019ai envie de d\u00e9velopper le fait de jouer. Je suis oblig\u00e9e de le dire car en France, ce n\u2019est pas du tout reconnu d\u2019avoir diff\u00e9rentes casquettes. Aux \u00c9tats-Unis, tu prends n\u2019importe quel gars dans la rue pour tourner un clip, et il n\u2019y a pas de probl\u00e8me. Ici, quand t\u2019es slasheuse, on te dit\u00a0: \u00ab\u00a0sla, quoi\u00a0?\u00a0\u00bb Oui, je fais plusieurs m\u00e9tiers. Et \u00e7a ne veut pas dire que je les fais \u00e0 moiti\u00e9. Je m\u2019investis \u00e0 fond. C\u2019est ma fa\u00e7on de m\u2019exprimer.<\/p>\n<p class=\"asset asset-text\"><strong>Et comment souhaitez-vous l\u2019exprimer\u00a0: dans la com\u00e9die, le drame, l\u2019action ou autre\u00a0?<\/strong><\/p>\n<p class=\"asset asset-text\">Avant m\u00eame de choisir le sens, je souhaiterais simplement d\u00e9crocher des r\u00f4les pour des femmes dans la quarantaine. Ce serait d\u00e9j\u00e0 super. On en est encore \u00e0 prendre des femmes de moins de 40\u00a0ans pour jouer des femmes de plus de 40\u00a0ans. J\u2019ai envie d\u2019investir des projets qui ont du sens. \u00c7a peut para\u00eetre pr\u00e9somptueux, mais si le projet peut faire du bien \u00e0 l\u2019autre dans un endroit, \u00e7a me va. De la com\u00e9die, du romantisme, de la cascade ou du gore\u2026 Peu importe\u00a0!<\/p>\n","protected":false},"excerpt":{"rendered":"SAMEER AL-DOUMY \/ AFP Daphn\u00e9 B\u00fcrki, ici au mois de mai 2025, au Festival de Cannes. S\u00c9RIES T\u00c9L\u00c9&hellip;\n","protected":false},"author":2,"featured_media":486132,"comment_status":"","ping_status":"","sticky":false,"template":"","format":"standard","meta":{"footnotes":""},"categories":[1356],"tags":[251,33384,58,59,1011,27,595,252,1364],"class_list":{"0":"post-486131","1":"post","2":"type-post","3":"status-publish","4":"format-standard","5":"has-post-thumbnail","7":"category-television","8":"tag-culture","9":"tag-daphne-burki","10":"tag-divertissement","11":"tag-entertainment","12":"tag-fr","13":"tag-france","14":"tag-serie-tv","15":"tag-television","16":"tag-tv"},"share_on_mastodon":{"url":"https:\/\/pubeurope.com\/@fr\/115427700549445913","error":""},"_links":{"self":[{"href":"https:\/\/www.europesays.com\/fr\/wp-json\/wp\/v2\/posts\/486131","targetHints":{"allow":["GET"]}}],"collection":[{"href":"https:\/\/www.europesays.com\/fr\/wp-json\/wp\/v2\/posts"}],"about":[{"href":"https:\/\/www.europesays.com\/fr\/wp-json\/wp\/v2\/types\/post"}],"author":[{"embeddable":true,"href":"https:\/\/www.europesays.com\/fr\/wp-json\/wp\/v2\/users\/2"}],"replies":[{"embeddable":true,"href":"https:\/\/www.europesays.com\/fr\/wp-json\/wp\/v2\/comments?post=486131"}],"version-history":[{"count":0,"href":"https:\/\/www.europesays.com\/fr\/wp-json\/wp\/v2\/posts\/486131\/revisions"}],"wp:featuredmedia":[{"embeddable":true,"href":"https:\/\/www.europesays.com\/fr\/wp-json\/wp\/v2\/media\/486132"}],"wp:attachment":[{"href":"https:\/\/www.europesays.com\/fr\/wp-json\/wp\/v2\/media?parent=486131"}],"wp:term":[{"taxonomy":"category","embeddable":true,"href":"https:\/\/www.europesays.com\/fr\/wp-json\/wp\/v2\/categories?post=486131"},{"taxonomy":"post_tag","embeddable":true,"href":"https:\/\/www.europesays.com\/fr\/wp-json\/wp\/v2\/tags?post=486131"}],"curies":[{"name":"wp","href":"https:\/\/api.w.org\/{rel}","templated":true}]}}