{"id":486195,"date":"2025-10-24T07:08:24","date_gmt":"2025-10-24T07:08:24","guid":{"rendered":"https:\/\/www.europesays.com\/fr\/486195\/"},"modified":"2025-10-24T07:08:24","modified_gmt":"2025-10-24T07:08:24","slug":"a-deux-pas-de-la-gare-lille-flandres-cette-nouvelle-consigne-a-bagages-permet-de-voyager-leger","status":"publish","type":"post","link":"https:\/\/www.europesays.com\/fr\/486195\/","title":{"rendered":"\u00c0 deux pas de la gare Lille-Flandres, cette nouvelle consigne \u00e0 bagages permet de voyager l\u00e9ger"},"content":{"rendered":"<p>            Par<br \/>\n        <strong><br \/>\n            <a href=\"https:\/\/actu.fr\/auteur\/hervine-mahaud\" title=\"Consulter tous les articles de Hervine Mahaud\" target=\"_blank\" rel=\"noopener\">Hervine Mahaud<\/a><br \/>\n        <\/strong><\/p>\n<p>        Publi\u00e9 le<\/p>\n<p>            24 oct. 2025 \u00e0 8h12        <\/p>\n<p>Elles se multiplient ces derniers temps autour des gares lilloises. <a href=\"https:\/\/actu.fr\/hauts-de-france\/lille_59350\/lille-cest-quoi-city-locker-ces-nouveaux-casiers-qui-ont-ete-installes-pres-de-la-gare-lille-flandres_63192963.html\" target=\"_blank\" rel=\"noopener\">Apr\u00e8s celle de City Locker<\/a>, une nouvelle <b>consigne \u00e0 bagages automatique<\/b> a ouvert au d\u00e9but du mois d\u2019octobre \u00e0 deux pas de la <a href=\"https:\/\/actu.fr\/tag\/gare-lille-flandres\" target=\"_blank\" rel=\"noopener\">gare Lille-Flandres<\/a>. La marque fran\u00e7aise <b>Lockin<\/b> a install\u00e9 au 22 rue des Arts une solution pratique et connect\u00e9e pens\u00e9e pour les <b>voyageurs<\/b>, les professionnels\u2026 et les Lillois en vadrouille.<\/p>\n<p>Une nouvelle consigne \u00e0 bagages ouvre \u00e0 deux pas de la gare Lille-Flandres pour voyager l\u00e9ger<\/p>\n<p class=\" wall-content\">Fini les valises encombrantes entre deux trains ou les sacs \u00e0 porter pendant une journ\u00e9e de shopping dans le Vieux-Lille : <b>Lockin<\/b> permet de <b>d\u00e9poser ses affaires en toute autonomie<\/b>, 7 jours sur 7, de 7h \u00e0 minuit.<\/p>\n<p class=\" wall-content\">L\u2019exp\u00e9rience est <b>100 % digitale<\/b> : il suffit de scanner un <b>QR code<\/b> affich\u00e9 sur la vitrine, de choisir la taille de casier souhait\u00e9e, puis de recevoir un <b>code d\u2019acc\u00e8s s\u00e9curis\u00e9<\/b> par SMS ou email. Quelques secondes plus tard, le casier s\u2019ouvre, pr\u00eat \u00e0 accueillir bagages, casques de moto, sacs de sport ou m\u00eame emplettes du jour.<\/p>\n<p>    <img   decoding=\"async\" loading=\"lazy\" class=\"size-large\" src=\"https:\/\/www.europesays.com\/fr\/wp-content\/uploads\/2025\/10\/bf320eabe9f8693420eabe9f897420v-960x640.jpg\" alt=\"Lockin Lille consigne a bagages automatique gare lille flandres\" width=\"960\" height=\"640\"\/><br \/>\n    Plusieurs formats de casiers sont propos\u00e9s. \u00a9Lockin<\/p>\n<p class=\" wall-content\">Les <b>quatre formats disponibles<\/b> (XS, S, M et XL) s\u2019adaptent \u00e0 tous les besoins, du petit sac \u00e0 main jusqu\u2019\u00e0 la grande valise. Les tarifs d\u00e9marrent \u00e0 <b>1,50 \u20ac de l\u2019heure<\/b>, avec la possibilit\u00e9 de prolonger sa r\u00e9servation \u00e0 distance, directement depuis son t\u00e9l\u00e9phone.<\/p>\n<p>Un service taill\u00e9 pour les nouveaux modes de vie<\/p>\n<p class=\" wall-content\">Avec la mont\u00e9e du <b>tourisme urbain<\/b> et la multiplication des <b>d\u00e9placements professionnels<\/b>, la marque r\u00e9pond \u00e0 un besoin croissant de flexibilit\u00e9.<\/p>\n<p class=\" wall-content\">\u00ab\u00a0Lockin s\u2019adresse \u00e0 tous ceux qui veulent profiter pleinement de leur journ\u00e9e sans se soucier de leurs bagages, qu\u2019ils soient touristes, professionnels de passage ou Lillois en rendez-vous\u00a0\u00bb, explique la marque dans un communiqu\u00e9 de presse.<\/p>\n<p>Votre r\u00e9gion, votre actu !<\/p>\n<p>Recevez chaque jour les infos qui comptent pour vous.<\/p>\n<p>\t<a href=\"https:\/\/actu.fr\/newsletter\" class=\"ac-btn ac-btn--corner ac-btn--medium ac-btn--blue800\" target=\"_blank\" rel=\"noopener\">S&rsquo;incrire<\/a><\/p>\n<p class=\" wall-content\">Gr\u00e2ce \u00e0 cette nouvelle adresse, les visiteurs peuvent fl\u00e2ner sur la <b>Grand\u2019Place<\/b>, d\u00e9couvrir les mus\u00e9es ou d\u00e9jeuner en terrasse sans contrainte.<\/p>\n<p>Une consigne\u2026 et bien plus encore<\/p>\n<p class=\" wall-content\">Lockin, ce n\u2019est pas seulement des casiers \u00e0 bagages. L\u2019enseigne propose aussi un <b>service de bo\u00eetes \u00e0 cl\u00e9s s\u00e9curis\u00e9es<\/b>, destin\u00e9 aux <b>particuliers<\/b> et <b>professionnels<\/b> : agences immobili\u00e8res, conciergeries, artisans ou propri\u00e9taires d\u2019Airbnb.<\/p>\n<p class=\" wall-content\">L\u2019objectif ? <b>Simplifier la remise de cl\u00e9s<\/b> en toute autonomie, \u00e0 toute heure de la journ\u00e9e. Une solution qui s\u00e9duit d\u00e9j\u00e0 les gestionnaires de locations saisonni\u00e8res, tr\u00e8s pr\u00e9sents dans le centre de Lille.<\/p>\n<p class=\" wall-content\">Apr\u00e8s <b>Annecy, Lyon, Arcachon, Nancy et Nantes<\/b>, <b>Lille devient la sixi\u00e8me ville<\/b> \u00e0 accueillir Lockin. L\u2019enseigne continue de d\u00e9ployer son r\u00e9seau dans les principales villes touristiques fran\u00e7aises, confirmant sa volont\u00e9 de <b>mailler le territoire<\/b> et de faciliter la <b>mobilit\u00e9 urbaine<\/b>.<\/p>\n<p class=\" wall-content\">Personnalisez votre actualit\u00e9 en ajoutant vos villes et m\u00e9dias en favori avec <a href=\"https:\/\/moncompte.actu.fr\" title=\"D\u00e9couvez Mon Actu\" rel=\"nofollow noopener\" data-trk=\"{&quot;cta&quot;:{&quot;action&quot;:&quot;https:\\\/\\\/moncompte.actu.fr&quot;,&quot;category&quot;:&quot;mon compte&quot;,&quot;from&quot;:&quot;article footer&quot;,&quot;name&quot;:&quot;Mon actu&quot;,&quot;type&quot;:&quot;cta&quot;}}\" target=\"_blank\">Mon Actu<\/a>.<\/p>\n","protected":false},"excerpt":{"rendered":"Par Hervine Mahaud Publi\u00e9 le 24 oct. 2025 \u00e0 8h12 Elles se multiplient ces derniers temps autour des&hellip;\n","protected":false},"author":2,"featured_media":486196,"comment_status":"","ping_status":"","sticky":false,"template":"","format":"standard","meta":{"footnotes":""},"categories":[2815],"tags":[1111,11,33,1777,674,1011,27,4841,811,1307,12,25,2803,586],"class_list":{"0":"post-486195","1":"post","2":"type-post","3":"status-publish","4":"format-standard","5":"has-post-thumbnail","7":"category-lille","8":"tag-actu","9":"tag-actualites","10":"tag-economie","11":"tag-eu","12":"tag-europe","13":"tag-fr","14":"tag-france","15":"tag-gare-lille-flandres","16":"tag-hauts-de-france","17":"tag-lille","18":"tag-news","19":"tag-republique-francaise","20":"tag-transport","21":"tag-voyage"},"share_on_mastodon":{"url":"https:\/\/pubeurope.com\/@fr\/115427890521546907","error":""},"_links":{"self":[{"href":"https:\/\/www.europesays.com\/fr\/wp-json\/wp\/v2\/posts\/486195","targetHints":{"allow":["GET"]}}],"collection":[{"href":"https:\/\/www.europesays.com\/fr\/wp-json\/wp\/v2\/posts"}],"about":[{"href":"https:\/\/www.europesays.com\/fr\/wp-json\/wp\/v2\/types\/post"}],"author":[{"embeddable":true,"href":"https:\/\/www.europesays.com\/fr\/wp-json\/wp\/v2\/users\/2"}],"replies":[{"embeddable":true,"href":"https:\/\/www.europesays.com\/fr\/wp-json\/wp\/v2\/comments?post=486195"}],"version-history":[{"count":0,"href":"https:\/\/www.europesays.com\/fr\/wp-json\/wp\/v2\/posts\/486195\/revisions"}],"wp:featuredmedia":[{"embeddable":true,"href":"https:\/\/www.europesays.com\/fr\/wp-json\/wp\/v2\/media\/486196"}],"wp:attachment":[{"href":"https:\/\/www.europesays.com\/fr\/wp-json\/wp\/v2\/media?parent=486195"}],"wp:term":[{"taxonomy":"category","embeddable":true,"href":"https:\/\/www.europesays.com\/fr\/wp-json\/wp\/v2\/categories?post=486195"},{"taxonomy":"post_tag","embeddable":true,"href":"https:\/\/www.europesays.com\/fr\/wp-json\/wp\/v2\/tags?post=486195"}],"curies":[{"name":"wp","href":"https:\/\/api.w.org\/{rel}","templated":true}]}}