{"id":486211,"date":"2025-10-24T07:23:11","date_gmt":"2025-10-24T07:23:11","guid":{"rendered":"https:\/\/www.europesays.com\/fr\/486211\/"},"modified":"2025-10-24T07:23:11","modified_gmt":"2025-10-24T07:23:11","slug":"tempete-benjamin-un-septuagenaire-en-urgence-absolue-apres-une-chute-de-six-metres-au-havre","status":"publish","type":"post","link":"https:\/\/www.europesays.com\/fr\/486211\/","title":{"rendered":"Temp\u00eate Benjamin\u00a0: un septuag\u00e9naire en urgence absolue apr\u00e8s une chute de six m\u00e8tres au\u00a0Havre"},"content":{"rendered":"<p class=\"paragraph text_align_left lp-f-body-02\">Un nouveau bilan pour la <a href=\"https:\/\/www.leparisien.fr\/meteo\/tempete-benjamin-des-vents-violents-jusqua-130-kmh-attendus-des-vagues-et-de-la-pluie-19-departements-en-vigilance-orange-23-10-2025-DSLVKULWBVGMHDV2TKIHX3F6NQ.php\" target=\"_blank\" rel=\"noreferrer noopener\">temp\u00eate Benjamin<\/a> qui a balay\u00e9 une bonne partie de la France ce jeudi. Un homme, \u00e2g\u00e9 de 78\u00a0ans, a \u00e9t\u00e9 gri\u00e8vement bless\u00e9 et transport\u00e9 en urgence absolue vers le centre hospitalier du\u00a0Havre (Seine-Maritime) en fin d\u2019apr\u00e8s-midi, ont indiqu\u00e9 les pompiers \u00e0 <a href=\"https:\/\/www.ouest-france.fr\/faits-divers\/accidents\/chute-de-6-metres-un-homme-en-urgence-absolue-en-normandie-apres-le-passage-de-la-tempete-benjamin-851490b8-b034-11f0-ad64-c51ff7d9b96e?token=1285e969e8698d30cb91606d62e4f6bf6e43aed0c6b87108b2e7c68c07d15c4ef89199282e7f2ca9d534acaec37b6895a68d61\" target=\"_blank\" rel=\"noreferrer noopener\">Ouest-France<\/a>.<\/p>\n<p class=\"paragraph text_align_left lp-f-body-02\">Selon le r\u00e9cit des secours, appel\u00e9s apr\u00e8s 17\u00a0heures pour une intervention au\u00a0<a href=\"https:\/\/www.leparisien.fr\/seine-maritime-76\/le-havre-premiere-ville-francaise-a-creer-un-pont-avec-venise-07-07-2025-GLWPO3NDA5C2XP5ACTSHSO4ELI.php\" target=\"_blank\" rel=\"noreferrer noopener\">Havre<\/a>, le septuag\u00e9naire ainsi qu\u2019un autre homme de 48\u00a0ans effectuaient une r\u00e9paration sur un toit. Ils ont fait \u00ab\u00a0une chute de six m\u00e8tres\u00a0\u00bb.<\/p>\n<p class=\"paragraph text_align_left lp-f-body-02\">L\u2019homme \u00e2g\u00e9 de 78\u00a0ans a fait un \u00ab\u00a0arr\u00eat cardiorespiratoire, r\u00e9cup\u00e9r\u00e9 apr\u00e8s une r\u00e9animation cardiopulmonaire\u00a0\u00bb. Le quadrag\u00e9naire a \u00e9t\u00e9 transport\u00e9 \u00ab\u00a0en urgence relative\u00a0\u00bb \u00e0 l\u2019h\u00f4pital. Une troisi\u00e8me personne, qui tenait l\u2019\u00e9chelle au moment des faits, a \u00e9galement \u00e9t\u00e9 bless\u00e9e.<\/p>\n<p>Trois bless\u00e9s<\/p>\n<p class=\"paragraph text_align_left lp-f-body-02\">La temp\u00eate Benjamin a fait une victime et plusieurs bless\u00e9s ce jeudi. <a href=\"https:\/\/www.leparisien.fr\/haute-corse-2b\/tempete-benjamin-un-vacancier-meurt-emporte-par-une-crue-en-corse-le-reste-de-sa-famille-sauve-par-les-pompiers-23-10-2025-KCDFHXXVK5GPRNUGCDALLWT2NY.php\" target=\"_blank\" rel=\"noreferrer noopener\">Un vacancier allemand<\/a>, emport\u00e9 par une crue \u00e0 Gal\u00e9ria (Haute-Corse), a \u00e9t\u00e9 retrouv\u00e9 mort. Par ailleurs, sept personnes ont \u00e9t\u00e9 bless\u00e9es, notamment en Gironde et en Charente-Maritime. \u00c0 Pessac, une sapeure-pompier a \u00e9t\u00e9 hospitalis\u00e9e alors qu\u2019elle intervenait apr\u00e8s la chute d\u2019un arbre sur une maison.<\/p>\n<p class=\"paragraph text_align_left lp-f-body-02\">\u00c0 <a href=\"https:\/\/www.leparisien.fr\/charente-maritime-17\/le-souk-dantant-cest-termine-embleme-de-la-cite-balneaire-le-front-de-mer-de-royan-fait-peau-neuve-18-06-2025-6VXTHGPJMRE6RJO4674RMVTRCM.php\" target=\"_blank\" rel=\"noreferrer noopener\">Royan<\/a>, trois personnes ont \u00e9t\u00e9 tr\u00e8s l\u00e9g\u00e8rement bless\u00e9es, sans devoir \u00eatre hospitalis\u00e9es, par la chute d\u2019un arbre sur leur v\u00e9hicule, selon la pr\u00e9fecture de Charente-Maritime.<\/p>\n<p class=\"paragraph text_align_left lp-f-body-02\">Un conducteur de bus a \u00e9galement \u00e9t\u00e9 l\u00e9g\u00e8rement bless\u00e9 \u00e0 la suite d\u2019une chute d\u2019arbre en <a href=\"https:\/\/www.leparisien.fr\/charente-maritime-17\/\" target=\"_blank\" rel=\"noreferrer noopener\">Charente-Maritime<\/a>, o\u00f9 la temp\u00eate a fait \u00ab\u00a0peu de d\u00e9g\u00e2ts mat\u00e9riels et humains\u00a0\u00bb selon la pr\u00e9fecture.<\/p>\n","protected":false},"excerpt":{"rendered":"Un nouveau bilan pour la temp\u00eate Benjamin qui a balay\u00e9 une bonne partie de la France ce jeudi.&hellip;\n","protected":false},"author":2,"featured_media":486212,"comment_status":"","ping_status":"","sticky":false,"template":"","format":"standard","meta":{"footnotes":""},"categories":[1888],"tags":[1111,1928,11,1927,459,1777,674,118,1011,27,12,1926,626,1925,25,11074],"class_list":{"0":"post-486211","1":"post","2":"type-post","3":"status-publish","4":"format-standard","5":"has-post-thumbnail","7":"category-paris","8":"tag-actu","9":"tag-actu-paris","10":"tag-actualites","11":"tag-actualites-paris","12":"tag-departements-horsidfo","13":"tag-eu","14":"tag-europe","15":"tag-faits-divers","16":"tag-fr","17":"tag-france","18":"tag-news","19":"tag-news-paris","20":"tag-paris","21":"tag-paris-news","22":"tag-republique-francaise","23":"tag-seine-maritime-76"},"share_on_mastodon":{"url":"https:\/\/pubeurope.com\/@fr\/115427947739086522","error":""},"_links":{"self":[{"href":"https:\/\/www.europesays.com\/fr\/wp-json\/wp\/v2\/posts\/486211","targetHints":{"allow":["GET"]}}],"collection":[{"href":"https:\/\/www.europesays.com\/fr\/wp-json\/wp\/v2\/posts"}],"about":[{"href":"https:\/\/www.europesays.com\/fr\/wp-json\/wp\/v2\/types\/post"}],"author":[{"embeddable":true,"href":"https:\/\/www.europesays.com\/fr\/wp-json\/wp\/v2\/users\/2"}],"replies":[{"embeddable":true,"href":"https:\/\/www.europesays.com\/fr\/wp-json\/wp\/v2\/comments?post=486211"}],"version-history":[{"count":0,"href":"https:\/\/www.europesays.com\/fr\/wp-json\/wp\/v2\/posts\/486211\/revisions"}],"wp:featuredmedia":[{"embeddable":true,"href":"https:\/\/www.europesays.com\/fr\/wp-json\/wp\/v2\/media\/486212"}],"wp:attachment":[{"href":"https:\/\/www.europesays.com\/fr\/wp-json\/wp\/v2\/media?parent=486211"}],"wp:term":[{"taxonomy":"category","embeddable":true,"href":"https:\/\/www.europesays.com\/fr\/wp-json\/wp\/v2\/categories?post=486211"},{"taxonomy":"post_tag","embeddable":true,"href":"https:\/\/www.europesays.com\/fr\/wp-json\/wp\/v2\/tags?post=486211"}],"curies":[{"name":"wp","href":"https:\/\/api.w.org\/{rel}","templated":true}]}}