{"id":486215,"date":"2025-10-24T07:25:14","date_gmt":"2025-10-24T07:25:14","guid":{"rendered":"https:\/\/www.europesays.com\/fr\/486215\/"},"modified":"2025-10-24T07:25:14","modified_gmt":"2025-10-24T07:25:14","slug":"un-tableau-de-cezanne-exceptionnel-vendu-aux-encheres-ce-vendredi-a-paris","status":"publish","type":"post","link":"https:\/\/www.europesays.com\/fr\/486215\/","title":{"rendered":"Un tableau de C\u00e9zanne exceptionnel vendu aux ench\u00e8res ce vendredi \u00e0 Paris"},"content":{"rendered":"<p class=\"paragraph text_align_left lp-f-body-02\">Ne comptons pas en centaines, ni en milliers d\u2019euros. Mais plut\u00f4t en dizaines de milliers. \u00c0 tableau exceptionnel, prix exceptionnel. Ce vendredi, dans le cadre d\u2019une vente aux ench\u00e8res de la maison Christie\u2019s, <a href=\"https:\/\/www.leparisien.fr\/culture-loisirs\/cezanne-na-pas-fini-de-livrer-ses-secrets-a-aix-en-provence-la-fresque-retrouvee-va-vous-faire-rever-12-06-2025-LBAC2R3IJ5HSXJFG2PER5VAYIE.php\" target=\"_self\" rel=\"nofollow noopener\">un tableau de Paul C\u00e9zanne<\/a> tr\u00e8s rarement expos\u00e9 sera propos\u00e9 \u00e0 la vente.<\/p>\n<p class=\"paragraph text_align_left lp-f-body-02\">Cette toile, peinte vers 1860, fait partie des premi\u00e8res du peintre originaire d\u2019Aix-en-Provence (Bouches-du-Rh\u00f4ne). Il a d\u2019ailleurs \u00e9t\u00e9 expos\u00e9 tr\u00e8s r\u00e9cemment dans cette m\u00eame ville, dans le cadre de <a href=\"https:\/\/www.leparisien.fr\/bouches-du-rhone-13\/cezanne-roi-de-lete-a-aix-en-provence-29-06-2025-DFF5SRFGXRG2PBVUZMJT6LKQEU.php\" target=\"_self\" rel=\"nofollow noopener\">l\u2019exposition \u00ab C\u00e9zanne au Jas de Bouffan \u00bb<\/a>, au mus\u00e9e Granet. Avant cela, l\u2019\u0153uvre n\u2019avait \u00e9t\u00e9 expos\u00e9 nulle part pendant plus de 90 ans.<\/p>\n<p>Qui est cette fillette ?<\/p>\n<p class=\"paragraph text_align_left lp-f-body-02\">En effet, il faut remonter \u00e0 1936 et la r\u00e9trospective C\u00e9zanne, \u00e0 l\u2019Orangerie de Paris, pour retrouver une trace de \u00ab La fille au perroquet \u00bb. Cette huile sur toile, de 23 cm sur 31, aussi appel\u00e9e \u00ab Fillette au perroquet \u00bb, repr\u00e9sente donc une jeune fille, utilisant sa main gauche comme perchoir \u00e0 l\u2019oiseau, lui pr\u00e9parant sa becqu\u00e9e avec la main droite, o\u00f9 elle y tient une cerise.<\/p>\n<p class=\"paragraph text_align_left lp-f-body-02\">Impossible de savoir qui C\u00e9zanne a repr\u00e9sent\u00e9 ce jour-l\u00e0. Sa s\u0153ur ? Une jeune Aixoise \u00e0 qui le peintre donnait des s\u00e9r\u00e9nades ? Le myst\u00e8re demeure. Et c\u2019est peut-\u00eatre lui qui fera grimper les ench\u00e8res ce vendredi. Sur son site, la maison Christie\u2019s estime le tableau entre 80 000 et 120 000 euros.<\/p>\n","protected":false},"excerpt":{"rendered":"Ne comptons pas en centaines, ni en milliers d\u2019euros. Mais plut\u00f4t en dizaines de milliers. \u00c0 tableau exceptionnel,&hellip;\n","protected":false},"author":2,"featured_media":486216,"comment_status":"","ping_status":"","sticky":false,"template":"","format":"standard","meta":{"footnotes":""},"categories":[1888],"tags":[11,1777,674,1011,27,1944,12,626,25],"class_list":{"0":"post-486215","1":"post","2":"type-post","3":"status-publish","4":"format-standard","5":"has-post-thumbnail","7":"category-paris","8":"tag-actualites","9":"tag-eu","10":"tag-europe","11":"tag-fr","12":"tag-france","13":"tag-ma-ville","14":"tag-news","15":"tag-paris","16":"tag-republique-francaise"},"share_on_mastodon":{"url":"https:\/\/pubeurope.com\/@fr\/115427955498444332","error":""},"_links":{"self":[{"href":"https:\/\/www.europesays.com\/fr\/wp-json\/wp\/v2\/posts\/486215","targetHints":{"allow":["GET"]}}],"collection":[{"href":"https:\/\/www.europesays.com\/fr\/wp-json\/wp\/v2\/posts"}],"about":[{"href":"https:\/\/www.europesays.com\/fr\/wp-json\/wp\/v2\/types\/post"}],"author":[{"embeddable":true,"href":"https:\/\/www.europesays.com\/fr\/wp-json\/wp\/v2\/users\/2"}],"replies":[{"embeddable":true,"href":"https:\/\/www.europesays.com\/fr\/wp-json\/wp\/v2\/comments?post=486215"}],"version-history":[{"count":0,"href":"https:\/\/www.europesays.com\/fr\/wp-json\/wp\/v2\/posts\/486215\/revisions"}],"wp:featuredmedia":[{"embeddable":true,"href":"https:\/\/www.europesays.com\/fr\/wp-json\/wp\/v2\/media\/486216"}],"wp:attachment":[{"href":"https:\/\/www.europesays.com\/fr\/wp-json\/wp\/v2\/media?parent=486215"}],"wp:term":[{"taxonomy":"category","embeddable":true,"href":"https:\/\/www.europesays.com\/fr\/wp-json\/wp\/v2\/categories?post=486215"},{"taxonomy":"post_tag","embeddable":true,"href":"https:\/\/www.europesays.com\/fr\/wp-json\/wp\/v2\/tags?post=486215"}],"curies":[{"name":"wp","href":"https:\/\/api.w.org\/{rel}","templated":true}]}}