{"id":486219,"date":"2025-10-24T07:27:11","date_gmt":"2025-10-24T07:27:11","guid":{"rendered":"https:\/\/www.europesays.com\/fr\/486219\/"},"modified":"2025-10-24T07:27:11","modified_gmt":"2025-10-24T07:27:11","slug":"cinq-blesses-dans-une-attaque-de-drone-ukrainien-dans-la-nuit-en-banlieue-de-moscou-liberation","status":"publish","type":"post","link":"https:\/\/www.europesays.com\/fr\/486219\/","title":{"rendered":"cinq bless\u00e9s dans une attaque de drone ukrainien dans la nuit en banlieue de Moscou \u2013 Lib\u00e9ration"},"content":{"rendered":"<p class=\"sc-cPiKLX AiZTS text-element\">Cette nuit, 111 drones ukrainiens ont \u00e9t\u00e9 neutralis\u00e9s dans le ciel russe. Un appareil a cependant atteint un immeuble r\u00e9sidentiel, faisant cinq bless\u00e9s, dont un enfant, \u00e0 Krasnogorsk, en banlieue de la Moscou. \u00abUn drone ennemi a frapp\u00e9 dans la nuit un immeuble r\u00e9sidentiel\u00bb, \u00e9crit sur Telegram un responsable local, Dmitri Volkov, en pr\u00e9cisant que la frappe a vis\u00e9 le 14e \u00e9tage du b\u00e2timent. Les quatre adultes et le gar\u00e7on n\u00e9 en\u00a02017 ont tous \u00e9t\u00e9 hospitalis\u00e9s, selon la m\u00eame source. <\/p>\n<p class=\"sc-cPiKLX AiZTS text-element\">\u00abUn drone a p\u00e9n\u00e9tr\u00e9 dans un appartement situ\u00e9 au 14e \u00e9tage\u00bb, a pr\u00e9cis\u00e9 pour sa part sur Telegram le gouverneur de la r\u00e9gion de Moscou, Andre\u00ef Vorobiov, en publiant une photo du logement aux vitres bris\u00e9es, murs d\u00e9form\u00e9s et meubles cass\u00e9s. <\/p>\n<p class=\"sc-cPiKLX AiZTS text-element\">Au total, le minist\u00e8re russe de la D\u00e9fense a annonc\u00e9 vendredi avoir neutralis\u00e9 111 drones ukrainiens au-dessus du territoire russe dans la nuit, et avoir abattu trois engins en route pour Moscou. Depuis le d\u00e9but de son offensive il y a trois\u00a0ans et demi, la Russie <a href=\"https:\/\/www.liberation.fr\/international\/europe\/guerre-en-ukraine-une-nouvelle-pluie-de-missiles-et-drones-russes-fait-3-morts-et-des-dizaines-de-blesses-20250920_ZCDLXDXCYREYNDZMCRHI6DURSY\/\" target=\"_blank\" rel=\"noreferrer nofollow noopener\" title=\"https:\/\/www.liberation.fr\/international\/europe\/guerre-en-ukraine-une-nouvelle-pluie-de-missiles-et-drones-russes-fait-3-morts-et-des-dizaines-de-blesses-20250920_ZCDLXDXCYREYNDZMCRHI6DURSY\/\">lance quasi quotidiennement drones et missiles<\/a> sur l\u2019Ukraine, qui r\u00e9pond r\u00e9guli\u00e8rement en frappant le territoire russe &#8211; et notamment des infrastructures \u00e9nerg\u00e9tiques. La ville de Moscou et sa r\u00e9gion restent cependant rarement vis\u00e9es. <\/p>\n<p class=\"sc-cPiKLX AiZTS text-element\">En parall\u00e8le, l\u2019Union europ\u00e9enne a annonc\u00e9 mercredi avoir trouv\u00e9 un accord pour durcir ses sanctions sur les hydrocarbures russes et tarir les ressources du Kremlin. Elle avance aussi sur un projet de pr\u00eat qui s\u2019appuierait sur les avoirs russes gel\u00e9s. <\/p>\n","protected":false},"excerpt":{"rendered":"Cette nuit, 111 drones ukrainiens ont \u00e9t\u00e9 neutralis\u00e9s dans le ciel russe. Un appareil a cependant atteint un&hellip;\n","protected":false},"author":2,"featured_media":486220,"comment_status":"","ping_status":"","sticky":false,"template":"","format":"standard","meta":{"footnotes":""},"categories":[1591],"tags":[11,1887,12,1885,1886,132,220,297],"class_list":{"0":"post-486219","1":"post","2":"type-post","3":"status-publish","4":"format-standard","5":"has-post-thumbnail","7":"category-russie","8":"tag-actualites","9":"tag-federation-de-russie","10":"tag-news","11":"tag-russia","12":"tag-russian-federation","13":"tag-russie","14":"tag-ukraine","15":"tag-ukraine-la-crise"},"share_on_mastodon":{"url":"https:\/\/pubeurope.com\/@fr\/115427963380668605","error":""},"_links":{"self":[{"href":"https:\/\/www.europesays.com\/fr\/wp-json\/wp\/v2\/posts\/486219","targetHints":{"allow":["GET"]}}],"collection":[{"href":"https:\/\/www.europesays.com\/fr\/wp-json\/wp\/v2\/posts"}],"about":[{"href":"https:\/\/www.europesays.com\/fr\/wp-json\/wp\/v2\/types\/post"}],"author":[{"embeddable":true,"href":"https:\/\/www.europesays.com\/fr\/wp-json\/wp\/v2\/users\/2"}],"replies":[{"embeddable":true,"href":"https:\/\/www.europesays.com\/fr\/wp-json\/wp\/v2\/comments?post=486219"}],"version-history":[{"count":0,"href":"https:\/\/www.europesays.com\/fr\/wp-json\/wp\/v2\/posts\/486219\/revisions"}],"wp:featuredmedia":[{"embeddable":true,"href":"https:\/\/www.europesays.com\/fr\/wp-json\/wp\/v2\/media\/486220"}],"wp:attachment":[{"href":"https:\/\/www.europesays.com\/fr\/wp-json\/wp\/v2\/media?parent=486219"}],"wp:term":[{"taxonomy":"category","embeddable":true,"href":"https:\/\/www.europesays.com\/fr\/wp-json\/wp\/v2\/categories?post=486219"},{"taxonomy":"post_tag","embeddable":true,"href":"https:\/\/www.europesays.com\/fr\/wp-json\/wp\/v2\/tags?post=486219"}],"curies":[{"name":"wp","href":"https:\/\/api.w.org\/{rel}","templated":true}]}}