{"id":486275,"date":"2025-10-24T08:00:17","date_gmt":"2025-10-24T08:00:17","guid":{"rendered":"https:\/\/www.europesays.com\/fr\/486275\/"},"modified":"2025-10-24T08:00:17","modified_gmt":"2025-10-24T08:00:17","slug":"la-nouvelle-premiere-ministre-sanae-takaichi-reaffirme-limportance-des-liens-avec-washington-et-promet-lintransigeance-avec-les-etrangers","status":"publish","type":"post","link":"https:\/\/www.europesays.com\/fr\/486275\/","title":{"rendered":"la nouvelle premi\u00e8re ministre Sanae Takaichi r\u00e9affirme l\u2019importance des liens avec Washington et promet l\u2019intransigeance avec les \u00e9trangers"},"content":{"rendered":"<p>\n    Sur le plan diplomatique, \u00abl\u2019alliance nippo-am\u00e9ricaine reste la pierre angulaire de notre politique \u00e9trang\u00e8re et de s\u00e9curit\u00e9\u00bb, a lanc\u00e9 Sanae Takaichi dans son adresse, r\u00e9guli\u00e8rement ponctu\u00e9e de cris et d\u2019applaudissements de ses soutiens.<\/p>\n<p class=\"fig-paragraph\"><a href=\"http:\/\/www.lefigaro.fr\/international\/les-defis-de-la-nationaliste-sanae-takaichi-premiere-femme-chef-du-gouvernement-au-japon-20251021\" target=\"_blank\" data-fig-type=\"Article\" rel=\"noopener\" data-gtm-custom-categorie=\"navigation\" data-gtm-custom-action=\"crossclick\" data-gtm-custom-label=\"Contextuel\" data-gtm-event=\"customEventSPE\" data-fig-domain=\"LEFIGARO\">Sanae Takaichi<\/a>, la nouvelle premi\u00e8re ministre japonaise, a d\u00e9clar\u00e9 vendredi vouloir porter \u00e0 \u00abde nouveaux sommets\u00bb<a href=\"http:\/\/www.lefigaro.fr\/flash-eco\/japon-sanae-takaichi-veut-doper-les-depenses-militaires-plus-rapidement-que-prevu-20251023\" target=\"_blank\" data-fig-type=\"NewsFlash\" rel=\"noopener\" data-gtm-custom-categorie=\"navigation\" data-gtm-custom-action=\"crossclick\" data-gtm-custom-label=\"Contextuel\" data-gtm-event=\"customEventSPE\" data-fig-domain=\"LEFIGARO\">\u00a0la relation<\/a>\u00a0entre Tokyo et Washington, appelant aussi \u00e0 construire une \u00abrelation constructive et stable\u00bb assortie d&rsquo;un \u00abdialogue franc\u00bb avec la Chine. Lors de son premier discours de politique g\u00e9n\u00e9rale devant le Parlement, la dirigeante conservatrice de 64 ans, premi\u00e8re femme \u00e0 acc\u00e9der au pouvoir dans l&rsquo;archipel, a \u00e9galement admis l&rsquo;importance de\u00a0<a href=\"http:\/\/www.lefigaro.fr\/international\/japon-le-pays-se-dote-pour-la-premiere-fois-d-un-ministere-dedie-a-l-immigration-20251022\" target=\"_blank\" data-fig-type=\"NewsFlash\" rel=\"noopener\" data-gtm-custom-categorie=\"navigation\" data-gtm-custom-action=\"crossclick\" data-gtm-custom-label=\"Contextuel\" data-gtm-event=\"customEventSPE\" data-fig-domain=\"LEFIGARO\">l&rsquo;immigration<\/a>\u00a0face \u00e0 la p\u00e9nurie de main-d\u2019\u0153uvre, tout en soulignant les \u00abinqui\u00e9tudes\u00bb des Japonais.<\/p>\n<p class=\"fig-paragraph\">Sur le plan diplomatique, \u00abl&rsquo;alliance nippo-am\u00e9ricaine reste la pierre angulaire de notre politique \u00e9trang\u00e8re et de s\u00e9curit\u00e9\u00bb, a lanc\u00e9 Sanae Takaichi dans son adresse, r\u00e9guli\u00e8rement ponctu\u00e9e de cris et d&rsquo;applaudissements de ses soutiens. \u00abJe rencontrerai moi-m\u00eame le pr\u00e9sident Trump lors de sa visite au Japon\u00bb attendue \u00e0 partir de lundi, \u00abafin d&rsquo;\u00e9tablir une relation de confiance et d&rsquo;\u00e9lever les relations nippo-am\u00e9ricaines \u00e0 de nouveaux sommets\u00bb.<\/p>\n<p>                                    <a class=\"fig-a11y-skip a11y-hidden\" href=\"#fig-a11y-skip-main-inarticle\"><br \/>\n        Passer la publicit\u00e9<br \/>\n    <\/a><\/p>\n<p class=\"fig-paragraph\">La nouvelle dirigeante \u00e9tait une proche de l&rsquo;ancien premier ministre Shinzo Abe, assassin\u00e9 en 2022, qui avait multipli\u00e9 les efforts pour entretenir des relations cordiales avec Donald Trump lors du premier mandat de celui-ci. Affirmant que les \u00abactivit\u00e9s militaires\u00bb de la Chine, de la Cor\u00e9e du Nord et de la Russie constituaient \u00e0 ses yeux \u00abune grave pr\u00e9occupation\u00bb, elle a plaid\u00e9 en faveur d&rsquo;un dialogue avec P\u00e9kin, \u00abun voisin essentiel\u00bb de l&rsquo;archipel, via un \u00abdialogue franc\u00bb notamment sur les \u00abpr\u00e9occupations s\u00e9curitaires\u00bb. Critique de longue date de P\u00e9kin, Sanae Takaichi avait mod\u00e9r\u00e9 son discours durant sa r\u00e9cente campagne pour prendre la t\u00eate du Parti lib\u00e9ral-d\u00e9mocrate (PLD, droite nationaliste) au pouvoir au Japon.<\/p>\n<p>Hausse de la d\u00e9pense militaire<\/p>\n<p class=\"fig-paragraph\">Notant une \u00ab\u00e9volution de l&rsquo;environnement s\u00e9curitaire\u00bb depuis que le Japon s&rsquo;est fix\u00e9 il y a trois ans l&rsquo;objectif de porter ses d\u00e9penses militaires \u00e0 2% de son produit int\u00e9rieur brut (PIB) &#8211; sous l&rsquo;impulsion des \u00c9tats-Unis -, elle a dit vouloir atteindre cet objectif avant fin mars prochain, avec deux ans d&rsquo;avance.<\/p>\n<p class=\"fig-paragraph\">Sanae Takaichi, \u00e9lue d\u00e9but octobre \u00e0 la t\u00eate du Parti lib\u00e9ral-d\u00e9mocrate (PLD, droite conservatrice) au pouvoir au Japon mais qui ne dispose que d&rsquo;une majorit\u00e9 relative dans les deux chambres du Parlement, a assur\u00e9 sa nomination en s&rsquo;alliant avec un petit parti r\u00e9formateur de centre-droit. Faute de majorit\u00e9 absolue pour cette coalition \u00e0 la chambre basse, la dirigeante devra donc composer au cas par cas avec d&rsquo;autres formations pour avancer son programme.<\/p>\n<p class=\"fig-paragraph\">Attendue sur ses mesures de soutien \u00e0 l&rsquo;\u00e9conomie notamment face \u00e0 la forte inflation qui touche le Japon depuis 2022 et avait rong\u00e9 la cote de popularit\u00e9 de son pr\u00e9d\u00e9cesseur Shigeru Ishiba, Sanae Takaichi s&rsquo;est engag\u00e9e \u00e0 b\u00e2tir une \u00ab\u00e9conomie forte\u00bb. Promettant une politique budg\u00e9taire \u00abresponsable et proactive\u00bb, elle a annonc\u00e9 des d\u00e9penses strat\u00e9giques pour augmenter les revenus, stimuler la consommation, accro\u00eetre les b\u00e9n\u00e9fices des entreprises et les recettes fiscales, sans augmenter les imp\u00f4ts. L&rsquo;inflation reste tenace dans l&rsquo;archipel, tir\u00e9e par les prix du riz, qui avaient doubl\u00e9 pendant l&rsquo;\u00e9t\u00e9, ainsi que par ceux de l&rsquo;\u00e9nergie, que les pr\u00e9c\u00e9dents gouvernements avaient tent\u00e9 d&rsquo;all\u00e9ger en subventionnant les factures de gaz et d&rsquo;\u00e9lectricit\u00e9 des Japonais.<\/p>\n<p>\u00abCertains secteurs ont besoin de main-d\u2019\u0153uvre \u00e9trang\u00e8re\u00bb<\/p>\n<p class=\"fig-paragraph\">Alors que le Japon est confront\u00e9 \u00e0 la diminution et au vieillissement de sa population, la deuxi\u00e8me plus \u00e2g\u00e9e au monde apr\u00e8s Monaco, Sanae Takaichi a reconnu que \u00abcertains secteurs ont besoin de main-d\u2019\u0153uvre \u00e9trang\u00e8re\u00bb. Elle avait adopt\u00e9 pendant sa campagne des positions fermes sur l&rsquo;immigration et les touristes \u00e9trangers, dont le comportement irrite parfois certains habitants.<\/p>\n<p>                                    <a class=\"fig-a11y-skip a11y-hidden\" href=\"#fig-a11y-skip-main-inarticle_mtf\"><br \/>\n        Passer la publicit\u00e9<br \/>\n    <\/a><\/p>\n<p class=\"fig-paragraph\">Les derni\u00e8res \u00e9lections en juillet ont ainsi sign\u00e9 l&rsquo;essor d&rsquo;un petit parti d&rsquo;extr\u00eame droite sous le slogan \u00abLe Japon d&rsquo;abord\u00bb, qui bl\u00e2me les \u00e9trangers pour une multitude de probl\u00e8mes, de la hausse des prix de l&rsquo;immobilier \u00e0 l&rsquo;ins\u00e9curit\u00e9 routi\u00e8re. \u00abSi nous nous opposons clairement \u00e0 la x\u00e9nophobie, le gouvernement r\u00e9agira avec d\u00e9termination\u00bb en cas de manquements aux r\u00e8gles, a promis la premi\u00e8re ministre. La ministre de la S\u00e9curit\u00e9 \u00e9conomique qu&rsquo;elle a nomm\u00e9e cette semaine a ainsi vu ajouter \u00e0 ses attributions la mission de veiller \u00e0 une \u00absoci\u00e9t\u00e9 de coexistence ordonn\u00e9e et harmonieuse avec les ressortissants \u00e9trangers\u00bb.<\/p>\n<p class=\"fig-paragraph\">Le gouvernement Takaichi recueille 71% d&rsquo;opinions favorables selon un sondage publi\u00e9 jeudi par le quotidien Yomiuri, contre 34% en septembre pour celui de son pr\u00e9d\u00e9cesseur, Shigeru Ishiba. Il s&rsquo;agit du cinqui\u00e8me meilleur score pour un nouveau gouvernement depuis la mise en place de statistiques comparables en 1978.<\/p>\n","protected":false},"excerpt":{"rendered":"Sur le plan diplomatique, \u00abl\u2019alliance nippo-am\u00e9ricaine reste la pierre angulaire de notre politique \u00e9trang\u00e8re et de s\u00e9curit\u00e9\u00bb, a&hellip;\n","protected":false},"author":2,"featured_media":486276,"comment_status":"","ping_status":"","sticky":false,"template":"","format":"standard","meta":{"footnotes":""},"categories":[5],"tags":[11,73,3331,1011,27,14,2070,12,28],"class_list":{"0":"post-486275","1":"post","2":"type-post","3":"status-publish","4":"format-standard","5":"has-post-thumbnail","7":"category-international","8":"tag-actualites","9":"tag-etats-unis","10":"tag-etrangers","11":"tag-fr","12":"tag-france","13":"tag-international","14":"tag-japon","15":"tag-news","16":"tag-world"},"share_on_mastodon":{"url":"https:\/\/pubeurope.com\/@fr\/115428093156261014","error":""},"_links":{"self":[{"href":"https:\/\/www.europesays.com\/fr\/wp-json\/wp\/v2\/posts\/486275","targetHints":{"allow":["GET"]}}],"collection":[{"href":"https:\/\/www.europesays.com\/fr\/wp-json\/wp\/v2\/posts"}],"about":[{"href":"https:\/\/www.europesays.com\/fr\/wp-json\/wp\/v2\/types\/post"}],"author":[{"embeddable":true,"href":"https:\/\/www.europesays.com\/fr\/wp-json\/wp\/v2\/users\/2"}],"replies":[{"embeddable":true,"href":"https:\/\/www.europesays.com\/fr\/wp-json\/wp\/v2\/comments?post=486275"}],"version-history":[{"count":0,"href":"https:\/\/www.europesays.com\/fr\/wp-json\/wp\/v2\/posts\/486275\/revisions"}],"wp:featuredmedia":[{"embeddable":true,"href":"https:\/\/www.europesays.com\/fr\/wp-json\/wp\/v2\/media\/486276"}],"wp:attachment":[{"href":"https:\/\/www.europesays.com\/fr\/wp-json\/wp\/v2\/media?parent=486275"}],"wp:term":[{"taxonomy":"category","embeddable":true,"href":"https:\/\/www.europesays.com\/fr\/wp-json\/wp\/v2\/categories?post=486275"},{"taxonomy":"post_tag","embeddable":true,"href":"https:\/\/www.europesays.com\/fr\/wp-json\/wp\/v2\/tags?post=486275"}],"curies":[{"name":"wp","href":"https:\/\/api.w.org\/{rel}","templated":true}]}}