{"id":486300,"date":"2025-10-24T08:15:13","date_gmt":"2025-10-24T08:15:13","guid":{"rendered":"https:\/\/www.europesays.com\/fr\/486300\/"},"modified":"2025-10-24T08:15:13","modified_gmt":"2025-10-24T08:15:13","slug":"grenoble-la-dispute-de-couple-vire-au-drame-une-femme-entre-la-vie-et-la-mort","status":"publish","type":"post","link":"https:\/\/www.europesays.com\/fr\/486300\/","title":{"rendered":"Grenoble. La dispute de couple vire au drame, une femme entre la vie et la mort"},"content":{"rendered":"<p>            Par<br \/>\n        <strong><br \/>\n            <a href=\"https:\/\/actu.fr\/auteur\/julien-sournies\" title=\"Consulter tous les articles de Julien Sournies\" target=\"_blank\" rel=\"noopener\">Julien Sournies<\/a><br \/>\n        <\/strong><\/p>\n<p>        Publi\u00e9 le<\/p>\n<p>            24 oct. 2025 \u00e0 9h50        <\/p>\n<p>Un <strong>diff\u00e9rend conjugal<\/strong> a vir\u00e9 au drame dans la nuit de jeudi 23 \u00e0 vendredi 24 octobre \u00e0 <a href=\"https:\/\/actu.fr\/grenoble\/\" target=\"_blank\" rel=\"noopener\">Grenoble<\/a>. Aux alentours de 2\u00a0heures du matin, les secours sont intervenus rue G\u00e9nissieu pour prendre en charge une jeune femme ayant vraisemblablement tent\u00e9 de mettre fin \u00e0 ses jours, informe la Direction interd\u00e9partementale de la police nationale de l\u2019<a href=\"https:\/\/actu.fr\/auvergne-rhone-alpes\/isere_38\" target=\"_blank\" rel=\"noopener\">Is\u00e8re<\/a>.<\/p>\n<p>La jeune femme en urgence absolue<\/p>\n<p class=\" wall-content\">Dans le d\u00e9tail, alors que son compagnon est sorti prendre l\u2019air sur le trottoir apr\u00e8s la dispute, la jeune femme a enjamb\u00e9 la balustrade du balcon avant de sauter du 3\u1d49 \u00e9tage. En essayant de la rattraper, l\u2019homme s\u2019est toutefois retrouv\u00e9 coinc\u00e9 entre une voiture stationn\u00e9e et le corps de sa compagne.<\/p>\n<p>    <a href=\"https:\/\/www.google.com\/maps\/embed?pb=!1m18!1m12!1m3!1d2017.4666886199952!2d5.718463974776895!3d45.18700745189294!2m3!1f0!2f0!3f0!3m2!1i1024!2i768!4f13.1!3m3!1m2!1s0x478af48581a4194d%3A0x901347efe87b83f1!2sRue%20Genissieu%2C%2038000%20Grenoble!5e1!3m2!1sfr!2sfr!4v1761291670878!5m2!1sfr!2sfr\" title=\"Ouvrie le lien\" target=\"_blank\" rel=\"noopener\">Cliquez ici pour visualiser le contenu<\/a><\/p>\n<p class=\" wall-content\">Si l\u2019homme, victime d\u2019un l\u00e9ger traumatisme cr\u00e2nien, n\u2019a \u00e9t\u00e9 que l\u00e9g\u00e8rement bless\u00e9, la jeune femme a \u00e9t\u00e9 <strong>retrouv\u00e9e dans un \u00e9tat critique<\/strong>.<\/p>\n<p class=\" wall-content\">Toujours selon les forces de l\u2019ordre, la victime a \u00e9t\u00e9 transport\u00e9e en urgence absolue au service d\u00e9chocage du CHU Grenoble Alpes. Pour l\u2019heure, son pronostic vital est toujours engag\u00e9.<\/p>\n<p class=\" wall-content\">Personnalisez votre actualit\u00e9 en ajoutant vos villes et m\u00e9dias en favori avec <a href=\"https:\/\/moncompte.actu.fr\" title=\"D\u00e9couvez Mon Actu\" rel=\"nofollow noopener\" data-trk=\"{&quot;cta&quot;:{&quot;action&quot;:&quot;https:\\\/\\\/moncompte.actu.fr&quot;,&quot;category&quot;:&quot;mon compte&quot;,&quot;from&quot;:&quot;article footer&quot;,&quot;name&quot;:&quot;Mon actu&quot;,&quot;type&quot;:&quot;cta&quot;}}\" target=\"_blank\">Mon Actu<\/a>.<\/p>\n","protected":false},"excerpt":{"rendered":"Par Julien Sournies Publi\u00e9 le 24 oct. 2025 \u00e0 9h50 Un diff\u00e9rend conjugal a vir\u00e9 au drame dans&hellip;\n","protected":false},"author":2,"featured_media":486301,"comment_status":"","ping_status":"","sticky":false,"template":"","format":"standard","meta":{"footnotes":""},"categories":[9566],"tags":[1111,11,2430,26052,1777,674,118,1011,27,2731,12,1072,1311,25],"class_list":{"0":"post-486300","1":"post","2":"type-post","3":"status-publish","4":"format-standard","5":"has-post-thumbnail","7":"category-grenoble","8":"tag-actu","9":"tag-actualites","10":"tag-auvergne-rhone-alpes","11":"tag-chu-grenoble-alpes","12":"tag-eu","13":"tag-europe","14":"tag-faits-divers","15":"tag-fr","16":"tag-france","17":"tag-grenoble","18":"tag-news","19":"tag-police","20":"tag-pompiers","21":"tag-republique-francaise"},"share_on_mastodon":{"url":"https:\/\/pubeurope.com\/@fr\/115428152146129811","error":""},"_links":{"self":[{"href":"https:\/\/www.europesays.com\/fr\/wp-json\/wp\/v2\/posts\/486300","targetHints":{"allow":["GET"]}}],"collection":[{"href":"https:\/\/www.europesays.com\/fr\/wp-json\/wp\/v2\/posts"}],"about":[{"href":"https:\/\/www.europesays.com\/fr\/wp-json\/wp\/v2\/types\/post"}],"author":[{"embeddable":true,"href":"https:\/\/www.europesays.com\/fr\/wp-json\/wp\/v2\/users\/2"}],"replies":[{"embeddable":true,"href":"https:\/\/www.europesays.com\/fr\/wp-json\/wp\/v2\/comments?post=486300"}],"version-history":[{"count":0,"href":"https:\/\/www.europesays.com\/fr\/wp-json\/wp\/v2\/posts\/486300\/revisions"}],"wp:featuredmedia":[{"embeddable":true,"href":"https:\/\/www.europesays.com\/fr\/wp-json\/wp\/v2\/media\/486301"}],"wp:attachment":[{"href":"https:\/\/www.europesays.com\/fr\/wp-json\/wp\/v2\/media?parent=486300"}],"wp:term":[{"taxonomy":"category","embeddable":true,"href":"https:\/\/www.europesays.com\/fr\/wp-json\/wp\/v2\/categories?post=486300"},{"taxonomy":"post_tag","embeddable":true,"href":"https:\/\/www.europesays.com\/fr\/wp-json\/wp\/v2\/tags?post=486300"}],"curies":[{"name":"wp","href":"https:\/\/api.w.org\/{rel}","templated":true}]}}