{"id":486318,"date":"2025-10-24T08:24:18","date_gmt":"2025-10-24T08:24:18","guid":{"rendered":"https:\/\/www.europesays.com\/fr\/486318\/"},"modified":"2025-10-24T08:24:18","modified_gmt":"2025-10-24T08:24:18","slug":"a-nantes-lalarme-incendie-de-la-cathedrale-se-declenche-les-fideles-evacues-pendant-la-messe","status":"publish","type":"post","link":"https:\/\/www.europesays.com\/fr\/486318\/","title":{"rendered":"\u00c0 Nantes, l&rsquo;alarme incendie de la cath\u00e9drale se d\u00e9clenche, les fid\u00e8les \u00e9vacu\u00e9s pendant la messe"},"content":{"rendered":"<p>            Par<br \/>\n        <strong><br \/>\n            <a href=\"https:\/\/actu.fr\/auteur\/clemence-pays02-actu-fr\" title=\"Consulter tous les articles de Cl\u00e9mence Pays\" rel=\"nofollow noopener\" target=\"_blank\">Cl\u00e9mence Pays<\/a><br \/>\n        <\/strong><\/p>\n<p>        Publi\u00e9 le<\/p>\n<p>            24 oct. 2025 \u00e0 9h20        <\/p>\n<p>L\u2019\u00e9v\u00e9nement a probablement raviv\u00e9 de mauvais souvenir aupr\u00e8s des fid\u00e8les. Jeudi 23\u00a0octobre 2025, \u00e0 18h28, les sapeurs-pompiers de Loire-Atlantique ont \u00e9t\u00e9 d\u00e9clench\u00e9s apr\u00e8s \u00ab\u2009une <strong>d\u00e9tection incendie dans la tour sud<\/strong> de <a href=\"https:\/\/actu.fr\/pays-de-la-loire\/nantes_44109\/en-images-reouverture-de-la-cathedrale-de-nantes-la-renaissance-d-un-embleme-de-la-ville_63224050.html\" rel=\"nofollow noopener\" target=\"_blank\">la cath\u00e9drale Saint-Pierre \u2013 Saint-Paul<\/a> [de Nantes, N.D.L.R.], au niveau de la salle des carillons\u2009\u00bb, d\u00e9taille le Centre op\u00e9rationnel d\u00e9partemental d\u2019incendie et de secours (Codis).<\/p>\n<p class=\" wall-content\">Sur place, <strong>\u00ab\u2009130\u00a0personnes<\/strong> participant \u00e0 un office religieux ont \u00e9t\u00e9 \u00e9vacu\u00e9es avant l\u2019arriv\u00e9e des secours\u2009\u00bb.<\/p>\n<p>\u00ab\u2009Aucune pr\u00e9sence de points chauds\u2009\u00bb<\/p>\n<p class=\" wall-content\">Un fourgon pompe-tonne l\u00e9ger, deux fourgons pompe-tonne, un bras \u00e9l\u00e9vateur articul\u00e9, une \u00e9chelle pivotante combin\u00e9e, un v\u00e9hicule de secours et d\u2019assistance aux victimes, une unit\u00e9 de recherche des causes et circonstances d\u2019incendie et un chef de groupe ont \u00e9t\u00e9 d\u00e9ploy\u00e9s par le Codis.<\/p>\n<p class=\" wall-content\">La police, Enedis, GRDF, ainsi que Fabrice Rigoulet-Roze, pr\u00e9fet de Loire-Atlantique, \u00e9taient \u00e9galement sur place.<\/p>\n<p class=\" wall-content\">Apr\u00e8s avoir men\u00e9 des <strong>reconnaissances<\/strong> dans la cath\u00e9drale, \u00ab\u2009crois\u00e9es avec les informations fournies par le Syst\u00e8me de s\u00e9curit\u00e9 incendie et la vid\u00e9o surveillance\u2009\u00bb, les sapeurs-pompiers n\u2019ont d\u00e9tect\u00e9 <strong>\u00ab\u2009aucune pr\u00e9sence de points chauds, de fum\u00e9es et de flammes\u2009\u00bb.<\/strong><\/p>\n<p class=\" wall-content\">Personnalisez votre actualit\u00e9 en ajoutant vos villes et m\u00e9dias en favori avec <a href=\"https:\/\/moncompte.actu.fr\" title=\"D\u00e9couvez Mon Actu\" rel=\"nofollow noopener\" data-trk=\"{&quot;cta&quot;:{&quot;action&quot;:&quot;https:\\\/\\\/moncompte.actu.fr&quot;,&quot;category&quot;:&quot;mon compte&quot;,&quot;from&quot;:&quot;article footer&quot;,&quot;name&quot;:&quot;Mon actu&quot;,&quot;type&quot;:&quot;cta&quot;}}\" target=\"_blank\">Mon Actu<\/a>.<\/p>\n","protected":false},"excerpt":{"rendered":"Par Cl\u00e9mence Pays Publi\u00e9 le 24 oct. 2025 \u00e0 9h20 L\u2019\u00e9v\u00e9nement a probablement raviv\u00e9 de mauvais souvenir aupr\u00e8s&hellip;\n","protected":false},"author":2,"featured_media":348066,"comment_status":"","ping_status":"","sticky":false,"template":"","format":"standard","meta":{"footnotes":""},"categories":[2818],"tags":[1111,11,1777,674,118,1011,27,766,12,2636,1311,25],"class_list":{"0":"post-486318","1":"post","2":"type-post","3":"status-publish","4":"format-standard","5":"has-post-thumbnail","7":"category-nantes","8":"tag-actu","9":"tag-actualites","10":"tag-eu","11":"tag-europe","12":"tag-faits-divers","13":"tag-fr","14":"tag-france","15":"tag-nantes","16":"tag-news","17":"tag-pays-de-la-loire","18":"tag-pompiers","19":"tag-republique-francaise"},"share_on_mastodon":{"url":"https:\/\/pubeurope.com\/@fr\/115428187465985224","error":""},"_links":{"self":[{"href":"https:\/\/www.europesays.com\/fr\/wp-json\/wp\/v2\/posts\/486318","targetHints":{"allow":["GET"]}}],"collection":[{"href":"https:\/\/www.europesays.com\/fr\/wp-json\/wp\/v2\/posts"}],"about":[{"href":"https:\/\/www.europesays.com\/fr\/wp-json\/wp\/v2\/types\/post"}],"author":[{"embeddable":true,"href":"https:\/\/www.europesays.com\/fr\/wp-json\/wp\/v2\/users\/2"}],"replies":[{"embeddable":true,"href":"https:\/\/www.europesays.com\/fr\/wp-json\/wp\/v2\/comments?post=486318"}],"version-history":[{"count":0,"href":"https:\/\/www.europesays.com\/fr\/wp-json\/wp\/v2\/posts\/486318\/revisions"}],"wp:featuredmedia":[{"embeddable":true,"href":"https:\/\/www.europesays.com\/fr\/wp-json\/wp\/v2\/media\/348066"}],"wp:attachment":[{"href":"https:\/\/www.europesays.com\/fr\/wp-json\/wp\/v2\/media?parent=486318"}],"wp:term":[{"taxonomy":"category","embeddable":true,"href":"https:\/\/www.europesays.com\/fr\/wp-json\/wp\/v2\/categories?post=486318"},{"taxonomy":"post_tag","embeddable":true,"href":"https:\/\/www.europesays.com\/fr\/wp-json\/wp\/v2\/tags?post=486318"}],"curies":[{"name":"wp","href":"https:\/\/api.w.org\/{rel}","templated":true}]}}