{"id":486321,"date":"2025-10-24T08:26:15","date_gmt":"2025-10-24T08:26:15","guid":{"rendered":"https:\/\/www.europesays.com\/fr\/486321\/"},"modified":"2025-10-24T08:26:15","modified_gmt":"2025-10-24T08:26:15","slug":"calendrier-les-girondins-de-bordeaux-face-a-un-marathon-jusqua-fin-novembre","status":"publish","type":"post","link":"https:\/\/www.europesays.com\/fr\/486321\/","title":{"rendered":"Calendrier : les Girondins de Bordeaux face \u00e0 un marathon jusqu\u2019\u00e0 fin novembre"},"content":{"rendered":"<p><img decoding=\"async\" src=\"https:\/\/www.europesays.com\/fr\/wp-content\/uploads\/2025\/09\/671_f8922532737f14d212259abe7791c018.jpg\" alt=\"Calendrier : les Girondins de Bordeaux face \u00e0 un marathon jusqu\u2019\u00e0 fin novembre\" class=\"img-responsive mt-3\"\/><\/p>\n<p class=\"text-center mb-3\" style=\"font-size: 14px\">\u00a9 Iconsport<\/p>\n<p>      <strong>National 2 et Coupe de France : un mois de novembre crucial pour les Girondins<\/strong><\/p>\n<p style=\"text-align: justify;\">Bordeaux n&rsquo;est \u00ab\u00a0que\u00a0\u00bb 5e de National 2 apr\u00e8s 8 journ\u00e9es (<a href=\"https:\/\/www.webgirondins.com\/classement-girondins-national-2\" target=\"_blank\" rel=\"noopener\">voir classement N2<\/a>). Jusqu&rsquo;\u00e0 la fin du mois de novembre, les Girondins vont affronter 3 \u00e9quipes moins bien class\u00e9es en championnat : les promus Chauray et Lorient 2, ainsi que Locmin\u00e9. Pour ces matchs, Bruno Irl\u00e8s doit confirmer les belles prestations dans le jeu et les r\u00e9sultats face \u00e0 Poitiers et La Roche-sur-Yon ( deux victoires sur le score de 3 \u00e0 0).<\/p>\n<p style=\"text-align: justify;\">En parall\u00e8le, si les Girondins ne veulent pas rester trop longtemps sans jouer entre chaque rencontre de championnat, ils doivent passer des tours de Coupe de France. \u00c7a commence ce samedi face \u00e0 <a href=\"https:\/\/www.webgirondins.com\/actualite-girondins-boulazac-bordeaux-gernot-rohr-au-coup-d-envoi-du-6e-tour-de-coupe-de-france-des-girondins-130899\" target=\"_blank\" rel=\"noopener\">l&rsquo;ES Boulazac pour le 6e tour de la comp\u00e9tition<\/a>, et cela se poursuit avec le 7e tour et l&rsquo;entr\u00e9e en lice des clubs de Ligue 2 le 15 novembre, et le 8e tour le 29 novembre.<\/p>\n<p style=\"text-align: justify;\">Ainsi, les Girondins de Bordeaux encha\u00eenent National 2 et Coupe de France jusqu\u2019\u00e0 fin novembre. Un calendrier charg\u00e9 pour confirmer leur mont\u00e9e en puissance.<\/p>\n<p style=\"text-align: justify;\"><strong>Voici le calendrier jusqu&rsquo;au 30 novembre<\/strong> :<\/p>\n<p><img decoding=\"async\" src=\"https:\/\/www.europesays.com\/fr\/wp-content\/uploads\/2025\/10\/calendrier-2025.jpg\" alt=\"calendrier-2025.jpg (177 KB)\" style=\"width:800px;max-width:100%;\"\/><\/p>\n<p>\u00c0 lire &gt;&gt; <a href=\"https:\/\/www.webgirondins.com\/actualite-girondins-philippe-dessertine-j-ai-rencontre-des-investisseurs-importants-attires-par-bordeaux-et-les-girondins-130885\" target=\"_blank\" rel=\"noopener\"><strong>Philippe Dessertine : \u00ab\u00a0J\u2019ai rencontr\u00e9 des investisseurs importants attir\u00e9s par Bordeaux et les Girondins\u00a0\u00bb<\/strong><\/a><\/p>\n<p>Notre podcast :<\/p>\n<p>\u00a0<\/p>\n","protected":false},"excerpt":{"rendered":"\u00a9 Iconsport National 2 et Coupe de France : un mois de novembre crucial pour les Girondins Bordeaux&hellip;\n","protected":false},"author":2,"featured_media":371502,"comment_status":"","ping_status":"","sticky":false,"template":"","format":"standard","meta":{"footnotes":""},"categories":[2817],"tags":[1111,11,19557,1997,525,3233,615,2834,1777,674,2823,1011,27,1987,60957,2867,7178,2561,3238,12,2219,24649,25,3681],"class_list":{"0":"post-486321","1":"post","2":"type-post","3":"status-publish","4":"format-standard","5":"has-post-thumbnail","7":"category-bordeaux","8":"tag-actu","9":"tag-actualites","10":"tag-appretent","11":"tag-bordeaux","12":"tag-calendrier","13":"tag-championnat","14":"tag-coupe","15":"tag-entre","16":"tag-eu","17":"tag-europe","18":"tag-face","19":"tag-fr","20":"tag-france","21":"tag-girondins","22":"tag-intense","23":"tag-jusqu","24":"tag-marathon","25":"tag-mois","26":"tag-national","27":"tag-news","28":"tag-nouvelle-aquitaine","29":"tag-novembre","30":"tag-republique-francaise","31":"tag-vivre"},"share_on_mastodon":{"url":"https:\/\/pubeurope.com\/@fr\/115428196001448068","error":""},"_links":{"self":[{"href":"https:\/\/www.europesays.com\/fr\/wp-json\/wp\/v2\/posts\/486321","targetHints":{"allow":["GET"]}}],"collection":[{"href":"https:\/\/www.europesays.com\/fr\/wp-json\/wp\/v2\/posts"}],"about":[{"href":"https:\/\/www.europesays.com\/fr\/wp-json\/wp\/v2\/types\/post"}],"author":[{"embeddable":true,"href":"https:\/\/www.europesays.com\/fr\/wp-json\/wp\/v2\/users\/2"}],"replies":[{"embeddable":true,"href":"https:\/\/www.europesays.com\/fr\/wp-json\/wp\/v2\/comments?post=486321"}],"version-history":[{"count":0,"href":"https:\/\/www.europesays.com\/fr\/wp-json\/wp\/v2\/posts\/486321\/revisions"}],"wp:featuredmedia":[{"embeddable":true,"href":"https:\/\/www.europesays.com\/fr\/wp-json\/wp\/v2\/media\/371502"}],"wp:attachment":[{"href":"https:\/\/www.europesays.com\/fr\/wp-json\/wp\/v2\/media?parent=486321"}],"wp:term":[{"taxonomy":"category","embeddable":true,"href":"https:\/\/www.europesays.com\/fr\/wp-json\/wp\/v2\/categories?post=486321"},{"taxonomy":"post_tag","embeddable":true,"href":"https:\/\/www.europesays.com\/fr\/wp-json\/wp\/v2\/tags?post=486321"}],"curies":[{"name":"wp","href":"https:\/\/api.w.org\/{rel}","templated":true}]}}